{"id":311543,"date":"2025-08-11T12:10:20","date_gmt":"2025-08-11T12:10:20","guid":{"rendered":"https:\/\/www.europesays.com\/fr\/311543\/"},"modified":"2025-08-11T12:10:20","modified_gmt":"2025-08-11T12:10:20","slug":"lasteroide-qui-sest-ecrase-aux-etats-unis-est-en-fait-plus-vieux-que-la-terre","status":"publish","type":"post","link":"https:\/\/www.europesays.com\/fr\/311543\/","title":{"rendered":"L\u2019ast\u00e9ro\u00efde qui s\u2019est \u00e9cras\u00e9 aux Etats-Unis est en fait plus vieux que la Terre"},"content":{"rendered":"<p>4,56\u00a0milliards d\u2019ann\u00e9es. C\u2019est l\u2019\u00e2ge qu\u2019a, d\u2019apr\u00e8s les scientifiques qui se sont pench\u00e9s sur la question, <a href=\"https:\/\/www.20minutes.fr\/dossier\/meteorite\" class=\"color-ultramarine c-link\" rel=\"nofollow noopener\" target=\"_blank\">la m\u00e9t\u00e9orite<\/a> qui s\u2019est \u00e9cras\u00e9e dans l\u2019Etat <a href=\"https:\/\/www.20minutes.fr\/monde\/etats-unis\/\" class=\"color-ultramarine c-link\" rel=\"nofollow noopener\" target=\"_blank\">am\u00e9ricain<\/a> de G\u00e9orgie le 26\u00a0juin dernier. Elle serait donc plus \u00e2g\u00e9e que la Terre elle-m\u00eame de quelque 20\u00a0millions d\u2019ann\u00e9es. L\u2019irruption de l\u2019objet c\u00e9leste sur notre plan\u00e8te avait \u00e9t\u00e9 observ\u00e9e par de nombreux t\u00e9moins en G\u00e9orgie et en Caroline du Sud, indique <a href=\"https:\/\/www.cbsnews.com\/news\/meteorite-georgia-nasa-earth\/\" rel=\"nofollow noopener\" target=\"_blank\" class=\"color-ultramarine c-link\">CBS News<\/a> ce samedi.<\/p>\n<blockquote class=\"twitter-tweet\">\n<p lang=\"en\" dir=\"ltr\"><a href=\"https:\/\/twitter.com\/hashtag\/BREAKING?src=hash&amp;ref_src=twsrc%5Etfw\" rel=\"nofollow noopener\" target=\"_blank\">#BREAKING<\/a>: At this time Multiple fire departments are actively looking for possible crashed meteor or fire ball that came out of the sky <br \/>\u2070<a href=\"https:\/\/twitter.com\/hashtag\/UnitedStates?src=hash&amp;ref_src=twsrc%5Etfw\" rel=\"nofollow noopener\" target=\"_blank\">#UnitedStates<\/a> | <a href=\"https:\/\/twitter.com\/hashtag\/USA?src=hash&amp;ref_src=twsrc%5Etfw\" rel=\"nofollow noopener\" target=\"_blank\">#USA<\/a>\u2070<br \/>Multiple fire departments are currently searching for what may have been a meteor crash. Reports began pouring in\u2026 <a href=\"https:\/\/t.co\/TaCbDnanBm\" rel=\"nofollow\">pic.twitter.com\/TaCbDnanBm<\/a><\/p>\n<p>\u2014 R A W S A L E R T S (@rawsalerts) <a href=\"https:\/\/twitter.com\/rawsalerts\/status\/1938296862135460212?ref_src=twsrc%5Etfw\" rel=\"nofollow noopener\" target=\"_blank\">June 26, 2025<\/a><\/p><\/blockquote>\n<p> Un minuscule \u00e9chantillon<\/p>\n<p><a href=\"https:\/\/www.20minutes.fr\/sciences\/nasa\/\" class=\"color-ultramarine c-link\" rel=\"nofollow noopener\" target=\"_blank\">La NASA<\/a> avait m\u00eame expliqu\u00e9 que des bruits de d\u00e9tonation s\u2019\u00e9taient fait entendre lorsque la m\u00e9t\u00e9orite avait explos\u00e9 avant de toucher le sol. Pour d\u00e9terminer quand le corps \u00e9tranger s\u2019\u00e9tait form\u00e9, les sp\u00e9cialistes se sont appuy\u00e9s sur l\u2019analyse d\u2019un fragment de 23 g extrait d\u2019un morceau d\u2019un bloc de la taille d\u2019une tomate cerise qui avait travers\u00e9 le toit d\u2019une maison \u00e0 McDonough, dans le secteur d\u2019Atlanta (Etats-Unis).<\/p>\n<blockquote class=\"twitter-tweet\">\n<p lang=\"en\" dir=\"ltr\">BREAKING: A meteor just exploded over Atlanta and appears to have potentially left shards somewhere in South Carolina!<\/p>\n<p>The American Meteor Society has 128 formal reports pending of a fireball spotted around 12:24 PM Eastern time. It appears to have passed over Atlanta and\u2026 <a href=\"https:\/\/t.co\/lkSjKUI7DI\" rel=\"nofollow\">pic.twitter.com\/lkSjKUI7DI<\/a><\/p>\n<p>\u2014 Matthew Cappucci (@MatthewCappucci) <a href=\"https:\/\/twitter.com\/MatthewCappucci\/status\/1938293121499931100?ref_src=twsrc%5Etfw\" rel=\"nofollow noopener\" target=\"_blank\">June 26, 2025<\/a><\/p><\/blockquote>\n<p>La violence du choc avait \u00e9t\u00e9 telle que l\u2019occupant a racont\u00e9 qu\u2019il continuait \u00e0 trouver dans son salon de la poussi\u00e8re spatiale laiss\u00e9e par la m\u00e9t\u00e9orite. Les recherches des scientifiques leur ont aussi permis d\u2019en savoir plus sur la provenance de la m\u00e9t\u00e9orite. \u00ab\u00a0Elle appartenait \u00e0 un groupe d\u2019ast\u00e9ro\u00efdes se trouvant dans la ceinture principale d\u2019ast\u00e9ro\u00efdes, entre Mars et Jupiter\u00a0\u00bb, a d\u00e9taill\u00e9 l\u2019astrog\u00e9ologue Scott Harris <a href=\"https:\/\/news.uga.edu\/uga-names-new-meteorite\/\" rel=\"nofollow noopener\" target=\"_blank\" class=\"color-ultramarine c-link\">dans un communiqu\u00e9 de presse<\/a> publi\u00e9 ce vendredi.<\/p>\n<p><script async src=\"https:\/\/platform.twitter.com\/widgets.js\" charset=\"utf-8\"><\/script><\/p>\n","protected":false},"excerpt":{"rendered":"4,56\u00a0milliards d\u2019ann\u00e9es. C\u2019est l\u2019\u00e2ge qu\u2019a, d\u2019apr\u00e8s les scientifiques qui se sont pench\u00e9s sur la question, la m\u00e9t\u00e9orite qui&hellip;\n","protected":false},"author":2,"featured_media":311544,"comment_status":"","ping_status":"","sticky":false,"template":"","format":"standard","meta":{"footnotes":""},"categories":[1589],"tags":[11,527,48,386,73,1866,142,45149,12,41,1864,1865,1863,308],"class_list":{"0":"post-311543","1":"post","2":"type-post","3":"status-publish","4":"format-standard","5":"has-post-thumbnail","7":"category-etats-unis","8":"tag-actualites","9":"tag-asteroide","10":"tag-astronomie","11":"tag-espace","12":"tag-etats-unis","13":"tag-etats-unis-damerique","14":"tag-high-tech","15":"tag-meteorite","16":"tag-news","17":"tag-sciences","18":"tag-united-states","19":"tag-united-states-of-america","20":"tag-us","21":"tag-usa"},"share_on_mastodon":{"url":"https:\/\/pubeurope.com\/@fr\/115010065132284134","error":""},"_links":{"self":[{"href":"https:\/\/www.europesays.com\/fr\/wp-json\/wp\/v2\/posts\/311543","targetHints":{"allow":["GET"]}}],"collection":[{"href":"https:\/\/www.europesays.com\/fr\/wp-json\/wp\/v2\/posts"}],"about":[{"href":"https:\/\/www.europesays.com\/fr\/wp-json\/wp\/v2\/types\/post"}],"author":[{"embeddable":true,"href":"https:\/\/www.europesays.com\/fr\/wp-json\/wp\/v2\/users\/2"}],"replies":[{"embeddable":true,"href":"https:\/\/www.europesays.com\/fr\/wp-json\/wp\/v2\/comments?post=311543"}],"version-history":[{"count":0,"href":"https:\/\/www.europesays.com\/fr\/wp-json\/wp\/v2\/posts\/311543\/revisions"}],"wp:featuredmedia":[{"embeddable":true,"href":"https:\/\/www.europesays.com\/fr\/wp-json\/wp\/v2\/media\/311544"}],"wp:attachment":[{"href":"https:\/\/www.europesays.com\/fr\/wp-json\/wp\/v2\/media?parent=311543"}],"wp:term":[{"taxonomy":"category","embeddable":true,"href":"https:\/\/www.europesays.com\/fr\/wp-json\/wp\/v2\/categories?post=311543"},{"taxonomy":"post_tag","embeddable":true,"href":"https:\/\/www.europesays.com\/fr\/wp-json\/wp\/v2\/tags?post=311543"}],"curies":[{"name":"wp","href":"https:\/\/api.w.org\/{rel}","templated":true}]}}