{"id":311547,"date":"2025-08-11T12:12:12","date_gmt":"2025-08-11T12:12:12","guid":{"rendered":"https:\/\/www.europesays.com\/fr\/311547\/"},"modified":"2025-08-11T12:12:12","modified_gmt":"2025-08-11T12:12:12","slug":"les-bleuets-battus-par-lallemagne-ne-verront-pas-les-quarts-de-finale","status":"publish","type":"post","link":"https:\/\/www.europesays.com\/fr\/311547\/","title":{"rendered":"Les Bleuets battus par l&rsquo;Allemagne, ne verront pas les quarts de finale"},"content":{"rendered":"<p style=\"text-align: justify;\"><strong>MONDIAL HANDBALL U19 \u2013 L\u2019\u00e9quipe de France s\u2019incline face \u00e0 l\u2019Allemagne (21-26) et ne peut plus se qualifier pour les quarts de finale.<\/strong><\/p>\n<p style=\"text-align: justify;\">Deuxi\u00e8me d\u00e9faite cons\u00e9cutive pour les Bleuets, lourde de cons\u00e9quence. En s\u2019inclinant face \u00e0 l\u2019<strong>Allemagne\u00a0<\/strong>pour leur premier match du tour principal, ils abandonnent tout espoir de qualification en quarts de finale.<\/p>\n<p>C\u2019\u00e9tait le match \u00e0 ne pas perdre, et malheureusement, les Bleuets ont \u00e9t\u00e9 impuissants face \u00e0 l\u2019Allemagne.<\/p>\n<blockquote class=\"twitter-tweet\">\n<p dir=\"ltr\" lang=\"fr\">Le r\u00e9veil a \u00e9t\u00e9 trop tardif pour les Bleus\u2026 \ud83d\ude14<br \/>D\u00e9faite 26-21 contre l\u2019Allemagne dans ce premier match du tour principal du Mondial IHF U19 \ud83c\udf0d<\/p>\n<p>\ud83d\udd1c Prochain match demain contre la Slov\u00e9nie<a href=\"https:\/\/twitter.com\/hashtag\/Bleuetfier?src=hash&amp;ref_src=twsrc%5Etfw\" target=\"_blank\" rel=\"noopener\">#Bleuetfier<\/a> <a href=\"https:\/\/t.co\/n4j3wyc5qa\">pic.twitter.com\/n4j3wyc5qa<\/a><\/p>\n<p>\u2014 FFHandball (@ffhandball) <a href=\"https:\/\/twitter.com\/ffhandball\/status\/1954866836409139457?ref_src=twsrc%5Etfw\" target=\"_blank\" rel=\"noopener\">August 11, 2025<\/a><\/p>\n<\/blockquote>\n<p>\t\t\t\t\t\t\t\t\t\t\t\t\t<script async src=\"https:\/\/platform.twitter.com\/widgets.js\" charset=\"utf-8\"><\/script><\/p>\n","protected":false},"excerpt":{"rendered":"MONDIAL HANDBALL U19 \u2013 L\u2019\u00e9quipe de France s\u2019incline face \u00e0 l\u2019Allemagne (21-26) et ne peut plus se qualifier&hellip;\n","protected":false},"author":2,"featured_media":311548,"comment_status":"","ping_status":"","sticky":false,"template":"","format":"standard","meta":{"footnotes":""},"categories":[1587],"tags":[11,672,2113,1804,1805,1803,1777,674,27,1801,45151,12,1802],"class_list":{"0":"post-311547","1":"post","2":"type-post","3":"status-publish","4":"format-standard","5":"has-post-thumbnail","7":"category-allemagne","8":"tag-actualites","9":"tag-allemagne","10":"tag-breve","11":"tag-bundesrepublik-deutschland","12":"tag-de","13":"tag-deutschland","14":"tag-eu","15":"tag-europe","16":"tag-france","17":"tag-germany","18":"tag-mondial-handball-u19","19":"tag-news","20":"tag-republique-federale-dallemagne"},"share_on_mastodon":{"url":"https:\/\/pubeurope.com\/@fr\/115010073128731359","error":""},"_links":{"self":[{"href":"https:\/\/www.europesays.com\/fr\/wp-json\/wp\/v2\/posts\/311547","targetHints":{"allow":["GET"]}}],"collection":[{"href":"https:\/\/www.europesays.com\/fr\/wp-json\/wp\/v2\/posts"}],"about":[{"href":"https:\/\/www.europesays.com\/fr\/wp-json\/wp\/v2\/types\/post"}],"author":[{"embeddable":true,"href":"https:\/\/www.europesays.com\/fr\/wp-json\/wp\/v2\/users\/2"}],"replies":[{"embeddable":true,"href":"https:\/\/www.europesays.com\/fr\/wp-json\/wp\/v2\/comments?post=311547"}],"version-history":[{"count":0,"href":"https:\/\/www.europesays.com\/fr\/wp-json\/wp\/v2\/posts\/311547\/revisions"}],"wp:featuredmedia":[{"embeddable":true,"href":"https:\/\/www.europesays.com\/fr\/wp-json\/wp\/v2\/media\/311548"}],"wp:attachment":[{"href":"https:\/\/www.europesays.com\/fr\/wp-json\/wp\/v2\/media?parent=311547"}],"wp:term":[{"taxonomy":"category","embeddable":true,"href":"https:\/\/www.europesays.com\/fr\/wp-json\/wp\/v2\/categories?post=311547"},{"taxonomy":"post_tag","embeddable":true,"href":"https:\/\/www.europesays.com\/fr\/wp-json\/wp\/v2\/tags?post=311547"}],"curies":[{"name":"wp","href":"https:\/\/api.w.org\/{rel}","templated":true}]}}