{"id":311551,"date":"2025-08-11T12:14:15","date_gmt":"2025-08-11T12:14:15","guid":{"rendered":"https:\/\/www.europesays.com\/fr\/311551\/"},"modified":"2025-08-11T12:14:15","modified_gmt":"2025-08-11T12:14:15","slug":"lukraine-recevra-plus-de-32-milliards-deuros-de-lunion-europeenne-dans-le-cadre-du-quatrieme-versement","status":"publish","type":"post","link":"https:\/\/www.europesays.com\/fr\/311551\/","title":{"rendered":"L&rsquo;Ukraine recevra plus de 3,2 milliards d\u2019euros de l\u2019Union europ\u00e9enne dans le cadre du quatri\u00e8me versement"},"content":{"rendered":"<p>L\u2019Ukraine b\u00e9n\u00e9ficiera d\u2019un financement de plus de 3,2 milliards d\u2019euros de l\u2019Union europ\u00e9enne suite \u00e0 la d\u00e9cision du Conseil de l\u2019UE d\u2019approuver le quatri\u00e8me versement dans le cadre du m\u00e9canisme Ukraine Facility, a annonc\u00e9 le service de presse de la Repr\u00e9sentation de l\u2019UE en Ukraine.<\/p>\n<p style=\"text-align: justify;\">\u00ab Ce financement vise principalement \u00e0 renforcer la stabilit\u00e9 macrofinanci\u00e8re de l\u2019Ukraine ainsi qu\u2019\u00e0 soutenir le fonctionnement de son administration publique \u00bb, indique le communiqu\u00e9.<\/p>\n<p style=\"text-align: justify;\">Les paiements dans le cadre de ce m\u00e9canisme de soutien sont \u00e9troitement li\u00e9s au Plan pour l\u2019Ukraine (Ukraine Plan), qui d\u00e9finit la strat\u00e9gie de reconstruction, de modernisation et de relance, ainsi que le calendrier de mise en \u0153uvre par l\u2019Ukraine des r\u00e9formes n\u00e9cessaires \u00e0 son adh\u00e9sion \u00e0 l\u2019UE dans les quatre prochaines ann\u00e9es.<\/p>\n<p style=\"text-align: justify;\">Entr\u00e9e en vigueur le 1er mars 2024, l\u2019Ukraine Facility pr\u00e9voit un financement stable, sous forme de subventions et de pr\u00eats, pouvant atteindre 50 milliards d\u2019euros pour accompagner la reconstruction, la modernisation et la relance du pays entre 2024 et 2027.<\/p>\n<p style=\"text-align: justify;\">Sur ces 50 milliards, jusqu\u2019\u00e0 32 milliards d\u2019euros sont d\u00e9di\u00e9s au soutien des r\u00e9formes et investissements inscrits dans le Plan pour l\u2019Ukraine, les versements \u00e9tant conditionn\u00e9s \u00e0 la r\u00e9alisation de crit\u00e8res pr\u00e9cis.<\/p>\n<p style=\"text-align: justify;\">Depuis le lancement de l\u2019Ukraine Facility, 6 milliards d\u2019euros ont d\u00e9j\u00e0 \u00e9t\u00e9 allou\u00e9s \u00e0 l\u2019Ukraine, dont 1,89 milliard en financement anticip\u00e9, ainsi que trois versements successifs d\u2019environ 4,2, 4,1 et 3,5 milliards d\u2019euros.<\/p>\n<p style=\"text-align: justify;\">Apr\u00e8s \u00e9valuation de la demande de versement ukrainienne d\u00e9pos\u00e9e le 6 juin 2025, la Commission europ\u00e9enne a conclu que l\u2019Ukraine a men\u00e9 \u00e0 bien plusieurs r\u00e9formes list\u00e9es dans le Plan, notamment dans les domaines de l\u2019administration publique, de la gestion des actifs publics, du capital humain, de la d\u00e9centralisation et de la politique r\u00e9gionale, de la transition verte, des secteurs num\u00e9rique et agroalimentaire, ainsi que dans la gestion des mati\u00e8res premi\u00e8res strat\u00e9giques.<\/p>\n<p style=\"text-align: justify;\">La Premi\u00e8re ministre ukrainienne Ioulia Svyrydenko a pr\u00e9cis\u00e9 que le gouvernement pr\u00e9voyait de mobiliser 39 milliards de dollars de financements ext\u00e9rieurs en 2025. L\u2019Ukraine a par ailleurs rempli 14 des 16 indicateurs du m\u00e9canisme Ukraine Facility au premier trimestre, ce qui devrait lui permettre de recevoir 12,5 milliards d\u2019euros de l\u2019UE en 2025 dans le cadre de ce programme de soutien.<\/p>\n","protected":false},"excerpt":{"rendered":"L\u2019Ukraine b\u00e9n\u00e9ficiera d\u2019un financement de plus de 3,2 milliards d\u2019euros de l\u2019Union europ\u00e9enne suite \u00e0 la d\u00e9cision du&hellip;\n","protected":false},"author":2,"featured_media":311552,"comment_status":"","ping_status":"","sticky":false,"template":"","format":"standard","meta":{"footnotes":""},"categories":[1586],"tags":[11,1777,674,1779,1011,27,12,25,1778,364],"class_list":{"0":"post-311551","1":"post","2":"type-post","3":"status-publish","4":"format-standard","5":"has-post-thumbnail","7":"category-europe","8":"tag-actualites","9":"tag-eu","10":"tag-europe","11":"tag-european-union","12":"tag-fr","13":"tag-france","14":"tag-news","15":"tag-republique-francaise","16":"tag-ue","17":"tag-union-europeenne"},"share_on_mastodon":{"url":"https:\/\/pubeurope.com\/@fr\/115010080940846484","error":""},"_links":{"self":[{"href":"https:\/\/www.europesays.com\/fr\/wp-json\/wp\/v2\/posts\/311551","targetHints":{"allow":["GET"]}}],"collection":[{"href":"https:\/\/www.europesays.com\/fr\/wp-json\/wp\/v2\/posts"}],"about":[{"href":"https:\/\/www.europesays.com\/fr\/wp-json\/wp\/v2\/types\/post"}],"author":[{"embeddable":true,"href":"https:\/\/www.europesays.com\/fr\/wp-json\/wp\/v2\/users\/2"}],"replies":[{"embeddable":true,"href":"https:\/\/www.europesays.com\/fr\/wp-json\/wp\/v2\/comments?post=311551"}],"version-history":[{"count":0,"href":"https:\/\/www.europesays.com\/fr\/wp-json\/wp\/v2\/posts\/311551\/revisions"}],"wp:featuredmedia":[{"embeddable":true,"href":"https:\/\/www.europesays.com\/fr\/wp-json\/wp\/v2\/media\/311552"}],"wp:attachment":[{"href":"https:\/\/www.europesays.com\/fr\/wp-json\/wp\/v2\/media?parent=311551"}],"wp:term":[{"taxonomy":"category","embeddable":true,"href":"https:\/\/www.europesays.com\/fr\/wp-json\/wp\/v2\/categories?post=311551"},{"taxonomy":"post_tag","embeddable":true,"href":"https:\/\/www.europesays.com\/fr\/wp-json\/wp\/v2\/tags?post=311551"}],"curies":[{"name":"wp","href":"https:\/\/api.w.org\/{rel}","templated":true}]}}