{"id":311558,"date":"2025-08-11T12:19:16","date_gmt":"2025-08-11T12:19:16","guid":{"rendered":"https:\/\/www.europesays.com\/fr\/311558\/"},"modified":"2025-08-11T12:19:16","modified_gmt":"2025-08-11T12:19:16","slug":"programmation-sportive-la-grille-de-depart-de-la-semaine","status":"publish","type":"post","link":"https:\/\/www.europesays.com\/fr\/311558\/","title":{"rendered":"Programmation sportive | La grille de d\u00e9part de la semaine"},"content":{"rendered":"<p class=\"lead textModule textModule--type-lead \" style=\"\">Voici ce que vous devez savoir pour vous pr\u00e9parer \u00e0 la semaine sportive qui s\u2019en vient.<\/p>\n<p>                    Publi\u00e9 \u00e0 5\u00a0h\u00a030<\/p>\n<p>    <a class=\"print\" href=\"https:\/\/www.lapresse.ca\/sports\/2025-08-11\/programmation-sportive\/javascript:window.print();\" title=\"Imprimer la page\" rel=\"nofollow noopener\" target=\"_blank\"><\/p>\n<p>        <img loading=\"lazy\" decoding=\"async\" width=\"16\" height=\"18\" src=\"https:\/\/www.europesays.com\/fr\/wp-content\/uploads\/2025\/04\/share-icon.png\" alt=\"Partager\"\/><\/p>\n<p>                    Place au volleyball de\u2026 piste<\/p>\n<p class=\"paragraph textModule textModule--type-paragraph \" style=\"\">Apr\u00e8s le tennis, Montr\u00e9al se tourne cette fois vers le volleyball de plage, tandis que les meilleurs tandems au monde, hommes et femmes, seront en ville. Les organisateurs ont d\u2019ailleurs fait preuve de beaucoup d\u2019originalit\u00e9 en installant les deux terrains \u00e0 c\u00f4t\u00e9 des tribunes de l\u2019\u00e9pingle sur le circuit Gilles-Villeneuve. On aura bien s\u00fbr les yeux tourn\u00e9s vers Melissa Humana-Paredes et Brandie Wilkerson, qui ont gagn\u00e9 l\u2019argent aux Jeux de Paris. La comp\u00e9tition commence mercredi avec les qualifications, jusqu\u2019au clou du spectacle le dimanche\u00a017\u00a0ao\u00fbt.<\/p>\n<p class=\"infraNote textModule textModule--type-infraNote \" style=\"\">Pour regarder\u00a0: <br \/>Consultez la programmation quotidienne sur ICI\u00a0Tou.tv<\/p>\n<p>                    Beaucoup de soccer<\/p>\n<p>                                        <img decoding=\"async\" src=\"https:\/\/www.europesays.com\/fr\/wp-content\/uploads\/2025\/08\/cb7c1b1ff2813a9e80cf04c47d449aaf.jpg\" alt=\"\" class=\"photoModule__visual\" itemprop=\"contentUrl url\"\/><\/p>\n<p class=\"credit photoModule__caption photoModule__caption--credit\" style=\"\">\n                    PHOTO ERIC BOLTE, ARCHIVES REUTERS\n                <\/p>\n<p class=\"description photoModule__caption photoModule__caption--description\" style=\"\">\n                    Hennandii Synchuk (18) du CF Montr\u00e9al lors d\u2019un match contre le United d\u2019Atlanta, vendredi\n                <\/p>\n<p class=\"paragraph textModule textModule--type-paragraph \" style=\"\">Pour bien nous rappeler qu\u2019on est encore tr\u00e8s loin du retour de la glace et de la neige, la programmation soccer bat son plein dans la m\u00e9tropole. Du c\u00f4t\u00e9 masculin, le CF\u00a0Montr\u00e9al a mis une croix sur tous les titres possibles, en MLS, en Coupe des ligues et en Championnat canadien, mais la reconstruction du club saura attirer l\u2019attention apr\u00e8s cette lettre envoy\u00e9e aux partisans. La \u2013 longue \u2013 route vers le sommet continue samedi contre le DC\u00a0United au stade Saputo.<\/p>\n<p class=\"infraNote textModule textModule--type-infraNote \" style=\"\">Pour regarder\u00a0: <br \/>Samedi \u00e0 19\u00a0h\u00a030 sur Apple\u00a0TV \u2013 MLS Season Pass<\/p>\n<p>                    Chez les Roses aussi<\/p>\n<p>                                        <img decoding=\"async\" src=\"https:\/\/www.europesays.com\/fr\/wp-content\/uploads\/2025\/08\/2b5d474a64c23006bcffbf3dd259d870.jpg\" alt=\"\" class=\"photoModule__visual\" itemprop=\"contentUrl url\"\/><\/p>\n<p class=\"credit photoModule__caption photoModule__caption--credit\" style=\"\">\n                    PHOTO CHARLES WILLIAM PELLETIER, ARCHIVES COLLABORATION SP\u00c9CIALE\n                <\/p>\n<p class=\"description photoModule__caption photoModule__caption--description\" style=\"\">\n                    M\u00e9gane Sauv\u00e9 des Roses de Montr\u00e9al lors d\u2019un match contre le Wild de Calgary\n                <\/p>\n<p class=\"paragraph textModule textModule--type-paragraph \" style=\"\">Et comme c\u2019est devenu la norme un peu trop souvent \u00e0 notre go\u00fbt, les Roses de Montr\u00e9al joueront le m\u00eame jour que le CF\u00a0Montr\u00e9al. En revanche, les fleurs bleues connaissent une saison tout \u00e0 l\u2019oppos\u00e9, luttant pour le sommet du classement en Super Ligue du Nord. Elles re\u00e7oivent le Rapid\u00a0FC d\u2019Ottawa au stade Bor\u00e9ale.<\/p>\n<p class=\"infraNote textModule textModule--type-infraNote \" style=\"\">Pour regarder\u00a0: <br \/>Samedi \u00e0 14\u00a0h en direct sur ICI\u00a0Tout.tv<\/p>\n<p>                    La saison des \u00e9v\u00e8nements de\u00a0hockey<\/p>\n<p>                                        <img decoding=\"async\" src=\"https:\/\/www.europesays.com\/fr\/wp-content\/uploads\/2025\/08\/f3723ff7ce5c3f26b222d21ee9f16707.jpg\" alt=\"\" class=\"photoModule__visual\" itemprop=\"contentUrl url\"\/><\/p>\n<p class=\"credit photoModule__caption photoModule__caption--credit\" style=\"\">\n                    PHOTO PATRICK SANFA\u00c7ON, ARCHIVES LA PRESSE\n                <\/p>\n<p class=\"description photoModule__caption photoModule__caption--description\" style=\"\">\n                    Serge Savard sert la main de Larry Robinson \u00e0 son arriv\u00e9e au tournoi de golf qui porte son nom, l\u2019an dernier.\n                <\/p>\n<p class=\"paragraph textModule textModule--type-paragraph \" style=\"\">On disait plus t\u00f4t qu\u2019on est encore loin de l\u2019hiver et de la glace, mais ce n\u2019est pas enti\u00e8rement vrai non plus, puisque les tournois de golf caritatifs et autres \u00e9v\u00e8nements impliquant des joueurs de hockey pullulent. Seulement cette semaine, il y a l\u2019Omnium de la LHJMQ lundi, le tournoi Invitation Serge Savard mardi, puis le Pro-Am Gagn\u00e9-Bergeron jeudi \u00e0 Qu\u00e9bec. Il reste par ailleurs beaucoup de bons billets pour aller voir des joueurs de la LNH \u00e0 une fraction du prix et pour une bonne cause jeudi au Centre Vid\u00e9otron.<\/p>\n","protected":false},"excerpt":{"rendered":"Voici ce que vous devez savoir pour vous pr\u00e9parer \u00e0 la semaine sportive qui s\u2019en vient. Publi\u00e9 \u00e0&hellip;\n","protected":false},"author":2,"featured_media":311559,"comment_status":"","ping_status":"","sticky":false,"template":"","format":"standard","meta":{"footnotes":""},"categories":[1417],"tags":[1011,27,60,1470,1469],"class_list":{"0":"post-311558","1":"post","2":"type-post","3":"status-publish","4":"format-standard","5":"has-post-thumbnail","7":"category-volley","8":"tag-fr","9":"tag-france","10":"tag-sports","11":"tag-volley","12":"tag-volleyball"},"share_on_mastodon":{"url":"https:\/\/pubeurope.com\/@fr\/115010100679953926","error":""},"_links":{"self":[{"href":"https:\/\/www.europesays.com\/fr\/wp-json\/wp\/v2\/posts\/311558","targetHints":{"allow":["GET"]}}],"collection":[{"href":"https:\/\/www.europesays.com\/fr\/wp-json\/wp\/v2\/posts"}],"about":[{"href":"https:\/\/www.europesays.com\/fr\/wp-json\/wp\/v2\/types\/post"}],"author":[{"embeddable":true,"href":"https:\/\/www.europesays.com\/fr\/wp-json\/wp\/v2\/users\/2"}],"replies":[{"embeddable":true,"href":"https:\/\/www.europesays.com\/fr\/wp-json\/wp\/v2\/comments?post=311558"}],"version-history":[{"count":0,"href":"https:\/\/www.europesays.com\/fr\/wp-json\/wp\/v2\/posts\/311558\/revisions"}],"wp:featuredmedia":[{"embeddable":true,"href":"https:\/\/www.europesays.com\/fr\/wp-json\/wp\/v2\/media\/311559"}],"wp:attachment":[{"href":"https:\/\/www.europesays.com\/fr\/wp-json\/wp\/v2\/media?parent=311558"}],"wp:term":[{"taxonomy":"category","embeddable":true,"href":"https:\/\/www.europesays.com\/fr\/wp-json\/wp\/v2\/categories?post=311558"},{"taxonomy":"post_tag","embeddable":true,"href":"https:\/\/www.europesays.com\/fr\/wp-json\/wp\/v2\/tags?post=311558"}],"curies":[{"name":"wp","href":"https:\/\/api.w.org\/{rel}","templated":true}]}}