{"id":31156,"date":"2025-04-17T07:47:23","date_gmt":"2025-04-17T07:47:23","guid":{"rendered":"https:\/\/www.europesays.com\/fr\/31156\/"},"modified":"2025-04-17T07:47:23","modified_gmt":"2025-04-17T07:47:23","slug":"des-etudiants-serbes-protestaires-a-velo-arrivent-a-strasbourg-actualites","status":"publish","type":"post","link":"https:\/\/www.europesays.com\/fr\/31156\/","title":{"rendered":"Des \u00e9tudiants serbes, protestaires \u00e0 v\u00e9lo, arrivent \u00e0 Strasbourg : Actualit\u00e9s"},"content":{"rendered":"<p class=\"lead \">Quelque 80 \u00e9tudiants serbes sont arriv\u00e9s mardi soir \u00e0 Strasbourg, si\u00e8ge de plusieurs institutions europ\u00e9ennes, au terme d&rsquo;un p\u00e9riple \u00e0 v\u00e9lo de plus de 1.400 km pour d\u00e9noncer la corruption en Serbie, secou\u00e9e par des manifestations depuis des mois.  <\/p>\n<p class=\"lead \">Ils ont \u00e9t\u00e9 accueillis sous les vivats, les sifflets et les acclamations de centaines de leurs concitoyens venus les soutenir -en agitant des drapeaux et en scandant \u00ab\u00a0Pumpaj, pumpaj\u00a0\u00bb (pompe, ndlr) l&rsquo;un des cris de ralliement du mouvement- \u00e0 leur arriv\u00e9e sur la place Kl\u00e9ber, la grande place du centre de Strasbourg, o\u00f9 ils ont parcouru les derniers m\u00e8tres sur un tapis rouge d\u00e9roul\u00e9 en leur honneur. <\/p>\n<p class=\"lead \"> \u00ab\u00a0Nous voulons les soutenir. La corruption empire de jour en jour\u00a0\u00bb en Serbie \u00ab\u00a0et puis il y a eu Novi Sad, nous voulons que justice soit rendue \u00e0 ces personnes\u00a0\u00bb, a expliqu\u00e9 \u00e0 l&rsquo;AFP Dunja Babic, une \u00e9tudiante serbe de 22 ans, vivant en Allemagne, en r\u00e9f\u00e9rence \u00e0 l&rsquo;effondrement le 1er novembre de l&rsquo;auvent en b\u00e9ton de la gare de la deuxi\u00e8me grande ville du pays dans lequel 16 personnes sont mortes. <\/p>\n<p class=\"lead \">Pour Katarina, une des cyclistes s&rsquo;exprimant sous couvert de l&rsquo;anonymat, il faut \u00ab\u00a0plus de pression\u00a0\u00bb sur le gouvernement serbe et les institutions europ\u00e9ennes pour arriver \u00e0 une \u00ab\u00a0solution\u00a0\u00bb.<\/p>\n<p class=\"lead \">Mercredi, une marche doit \u00eatre organis\u00e9e \u00e0 Strasbourg du Conseil de l&rsquo;Europe jusqu&rsquo;au Parlement europ\u00e9en, via la Cour europ\u00e9enne des droits de l&rsquo;homme, \u00ab\u00a0pour porter un message fort \u00e0 l&rsquo;Europe: justice, d\u00e9mocratie et fin de l&rsquo;impunit\u00e9\u00a0\u00bb, selon les organisateurs.<\/p>\n<p class=\"lead \">Au cours de leur p\u00e9riple, d\u00e9nomm\u00e9 \u00ab\u00a0A v\u00e9lo pour la v\u00e9rit\u00e9\u202f\u00a0\u00bb, les \u00e9tudiants, partis de Novi Sad le 3 avril, ont travers\u00e9 six pays europ\u00e9ens et se sont arr\u00eat\u00e9s notamment \u00e0 Budapest, Bratislava, Vienne et Munich. <\/p>\n<p class=\"lead \">La catastrophe de Novi Sad avait d\u00e9clench\u00e9 un mouvement de contestation qui s&rsquo;est ensuite \u00e9largi \u00e0 une critique du syst\u00e8me et de la corruption qui gangr\u00e8ne le pays, selon les centaines de milliers de manifestants qui d\u00e9filent depuis des mois. <\/p>\n<p class=\"lead \">Une enqu\u00eate a \u00e9t\u00e9 ouverte mais les manifestants r\u00e9clament depuis le d\u00e9but la publication de tous les contrats de r\u00e9novations pass\u00e9s avec des entreprises chinoises, hongroise et fran\u00e7aise. <\/p>\n<p class=\"lead \">Quelques concessions ont \u00e9t\u00e9 faites par les autorit\u00e9s- dont la d\u00e9mission du Premier ministre Milos Vucevic fin janvier &#8211; mais la publication totale des documents n&rsquo;en fait pas partie.<\/p>\n<p class=\"lead \">Samedi, le pr\u00e9sident serbe Alksandar Vucic a lanc\u00e9 un mouvement politique transpartisan \u00ab\u00a0v\u00e9ritablement populaire\u00a0\u00bb, lors d&rsquo;un rassemblement organis\u00e9 pour r\u00e9pondre aux manifestations qu&rsquo;il a attribu\u00e9es \u00e0 des \u00ab\u00a0puissances \u00e9trang\u00e8res\u00a0\u00bb contre la \u00ab\u00a0Serbie libre\u00a0\u00bb.<\/p>\n<p class=\"small font-weight-bold text-gray3 \"> publi\u00e9 le 16 avril \u00e0 16h13, AFP<\/p>\n<p>                             Partager<\/p>\n","protected":false},"excerpt":{"rendered":"Quelque 80 \u00e9tudiants serbes sont arriv\u00e9s mardi soir \u00e0 Strasbourg, si\u00e8ge de plusieurs institutions europ\u00e9ennes, au terme d&rsquo;un&hellip;\n","protected":false},"author":2,"featured_media":31157,"comment_status":"","ping_status":"","sticky":false,"template":"","format":"standard","meta":{"footnotes":""},"categories":[2820],"tags":[7620,1111,11,1770,1777,674,1011,27,775,2088,12,25,3329,640,1778],"class_list":{"0":"post-31156","1":"post","2":"type-post","3":"status-publish","4":"format-standard","5":"has-post-thumbnail","7":"category-strasbourg","8":"tag-tudiants","9":"tag-actu","10":"tag-actualites","11":"tag-corruption","12":"tag-eu","13":"tag-europe","14":"tag-fr","15":"tag-france","16":"tag-grand-est","17":"tag-manifestation","18":"tag-news","19":"tag-republique-francaise","20":"tag-serbie","21":"tag-strasbourg","22":"tag-ue"},"share_on_mastodon":{"url":"https:\/\/pubeurope.com\/@fr\/114352202964933984","error":""},"_links":{"self":[{"href":"https:\/\/www.europesays.com\/fr\/wp-json\/wp\/v2\/posts\/31156","targetHints":{"allow":["GET"]}}],"collection":[{"href":"https:\/\/www.europesays.com\/fr\/wp-json\/wp\/v2\/posts"}],"about":[{"href":"https:\/\/www.europesays.com\/fr\/wp-json\/wp\/v2\/types\/post"}],"author":[{"embeddable":true,"href":"https:\/\/www.europesays.com\/fr\/wp-json\/wp\/v2\/users\/2"}],"replies":[{"embeddable":true,"href":"https:\/\/www.europesays.com\/fr\/wp-json\/wp\/v2\/comments?post=31156"}],"version-history":[{"count":0,"href":"https:\/\/www.europesays.com\/fr\/wp-json\/wp\/v2\/posts\/31156\/revisions"}],"wp:featuredmedia":[{"embeddable":true,"href":"https:\/\/www.europesays.com\/fr\/wp-json\/wp\/v2\/media\/31157"}],"wp:attachment":[{"href":"https:\/\/www.europesays.com\/fr\/wp-json\/wp\/v2\/media?parent=31156"}],"wp:term":[{"taxonomy":"category","embeddable":true,"href":"https:\/\/www.europesays.com\/fr\/wp-json\/wp\/v2\/categories?post=31156"},{"taxonomy":"post_tag","embeddable":true,"href":"https:\/\/www.europesays.com\/fr\/wp-json\/wp\/v2\/tags?post=31156"}],"curies":[{"name":"wp","href":"https:\/\/api.w.org\/{rel}","templated":true}]}}