{"id":311562,"date":"2025-08-11T12:21:14","date_gmt":"2025-08-11T12:21:14","guid":{"rendered":"https:\/\/www.europesays.com\/fr\/311562\/"},"modified":"2025-08-11T12:21:14","modified_gmt":"2025-08-11T12:21:14","slug":"atp-cincinnati-la-confidence-de-zverev-apres-son-deuxieme-tour-jai-demande-un-match-en-nocturne-car-je-viens-de-toronto-ou-il-fait-beaucoup-plus-froid-et-jai-besoin-de-quelques-jours-pour","status":"publish","type":"post","link":"https:\/\/www.europesays.com\/fr\/311562\/","title":{"rendered":"ATP &#8211; Cincinnati > La confidence de Zverev apr\u00e8s son deuxi\u00e8me tour : \u00ab\u00a0J&rsquo;ai demand\u00e9 un match en nocturne, car je viens de Toronto, o\u00f9 il fait beaucoup plus froid, et j&rsquo;ai besoin de quelques jours pour m&rsquo;habituer \u00e0 la chaleur et aux\u00a0conditions\u00a0\u00bb"},"content":{"rendered":"<p>Dans la nuit de ce lundi, Alexander Zverev a r\u00e9ussi son entr\u00e9e en lice au Masters 1000 de Cincinnati en \u00e9car\u00adtant sans diffi\u00adcult\u00e9 l\u2019Am\u00e9ricain Nishesh Basavareddy (6\u22123, 6\u20133). Au micro de l\u2019<a href=\"https:\/\/www.atptour.com\/en\/news\/shelton-passes-cincinnati-opener-after-ugo-carabelli-retires\" data-wpel-link=\"external\" target=\"_blank\" rel=\"nofollow external noopener\">ATP<\/a>, apr\u00e8s sa pres\u00adta\u00adtion, le cham\u00adpion olym\u00adpique 2021 a donn\u00e9 des d\u00e9tails sur sa program\u00adma\u00adtion tardive. \u00c0 en croire le num\u00e9ro trois mondial, il s\u2019agit d\u2019une faveur du tournoi.<\/p>\n<p><strong>\u00ab\u202fJ\u2019ai demand\u00e9 [un match en nocturne], car je viens de Toronto, o\u00f9 il fait beau\u00adcoup plus froid, et j\u2019ai besoin de quelques jours pour m\u2019ha\u00adbi\u00adtuer \u00e0 la chaleur et aux condi\u00adtions. Je suis content de ma victoire et satis\u00adfait de ma performance\u202f\u00bb.<\/strong><\/p>\n<p class=\"post-published-date\" style=\"color: silver; font-size: 75%; text-align: left;\">Publi\u00e9 le lundi 11 ao\u00fbt 2025 \u00e0 13:14<\/p>\n","protected":false},"excerpt":{"rendered":"Dans la nuit de ce lundi, Alexander Zverev a r\u00e9ussi son entr\u00e9e en lice au Masters 1000 de&hellip;\n","protected":false},"author":2,"featured_media":176566,"comment_status":"","ping_status":"","sticky":false,"template":"","format":"standard","meta":{"footnotes":""},"categories":[1415],"tags":[1011,27,60,1467,4542],"class_list":{"0":"post-311562","1":"post","2":"type-post","3":"status-publish","4":"format-standard","5":"has-post-thumbnail","7":"category-tennis","8":"tag-fr","9":"tag-france","10":"tag-sports","11":"tag-tennis","12":"tag-zverev"},"share_on_mastodon":{"url":"https:\/\/pubeurope.com\/@fr\/115010108289111040","error":""},"_links":{"self":[{"href":"https:\/\/www.europesays.com\/fr\/wp-json\/wp\/v2\/posts\/311562","targetHints":{"allow":["GET"]}}],"collection":[{"href":"https:\/\/www.europesays.com\/fr\/wp-json\/wp\/v2\/posts"}],"about":[{"href":"https:\/\/www.europesays.com\/fr\/wp-json\/wp\/v2\/types\/post"}],"author":[{"embeddable":true,"href":"https:\/\/www.europesays.com\/fr\/wp-json\/wp\/v2\/users\/2"}],"replies":[{"embeddable":true,"href":"https:\/\/www.europesays.com\/fr\/wp-json\/wp\/v2\/comments?post=311562"}],"version-history":[{"count":0,"href":"https:\/\/www.europesays.com\/fr\/wp-json\/wp\/v2\/posts\/311562\/revisions"}],"wp:featuredmedia":[{"embeddable":true,"href":"https:\/\/www.europesays.com\/fr\/wp-json\/wp\/v2\/media\/176566"}],"wp:attachment":[{"href":"https:\/\/www.europesays.com\/fr\/wp-json\/wp\/v2\/media?parent=311562"}],"wp:term":[{"taxonomy":"category","embeddable":true,"href":"https:\/\/www.europesays.com\/fr\/wp-json\/wp\/v2\/categories?post=311562"},{"taxonomy":"post_tag","embeddable":true,"href":"https:\/\/www.europesays.com\/fr\/wp-json\/wp\/v2\/tags?post=311562"}],"curies":[{"name":"wp","href":"https:\/\/api.w.org\/{rel}","templated":true}]}}