{"id":311563,"date":"2025-08-11T12:23:12","date_gmt":"2025-08-11T12:23:12","guid":{"rendered":"https:\/\/www.europesays.com\/fr\/311563\/"},"modified":"2025-08-11T12:23:12","modified_gmt":"2025-08-11T12:23:12","slug":"a-la-rencontre-du-dr-angel-charte-directeur-medical-du-motogp","status":"publish","type":"post","link":"https:\/\/www.europesays.com\/fr\/311563\/","title":{"rendered":"\u00c0 la rencontre du Dr \u00c1ngel Charte, directeur m\u00e9dical du MotoGP"},"content":{"rendered":"<p>Les fid\u00e8les du MotoGP sont habitu\u00e9s \u00e0 voir son nom appara\u00eetre dans les moments difficiles, ceux o\u00f9 l&rsquo;on attend des nouvelles d&rsquo;un pilote victime d&rsquo;un accident suffisamment grave pour qu&rsquo;il soit pris en charge par les m\u00e9decins. Pourtant, on conna\u00eet peu le Dr \u00c1ngel Charte, celui qui est \u00e0 la fois l&rsquo;ange gardien des pilotes et le passeur des informations au public lorsque l&rsquo;un d&rsquo;eux va mal.<\/p>\n<p>L&rsquo;Espagnol, qui cumule plus de 30 ans d&rsquo;exp\u00e9rience en m\u00e9decine et est chef de service \u00e0 l&rsquo;h\u00f4pital universitaire Dexeus, a imprim\u00e9 son style, tr\u00e8s diff\u00e9rent de celui du Dr Claudio Costa qui, \u00e0 une tout autre \u00e9poque, a pos\u00e9 les fondements de ce lien ind\u00e9fectible entre ces hommes qui prennent tant de risques en piste et ceux qui les bichonnent, les sauvent parfois, lorsque leur corps est malmen\u00e9.<\/p>\n<p>Lire aussi :<\/p>\n<p>La restructuration et le renforcement du d\u00e9partement m\u00e9dical du MotoGP se sont op\u00e9r\u00e9s sur plusieurs ann\u00e9es, impuls\u00e9s par la mort de Marco Simoncelli en 2011. Aujourd&rsquo;hui, la Clinica Mobile n&rsquo;est plus pr\u00e9sente sur les circuits, remplac\u00e9e par un syst\u00e8me beaucoup plus vaste dont le Dr Charte est la cheville ouvri\u00e8re. Il est devenu le directeur m\u00e9dical du championnat l&rsquo;ann\u00e9e qui a suivi le drame de Sepang.<\/p>\n<p>\u00ab\u00a0Carmelo Ezpeleta m&rsquo;a contact\u00e9 \u00e0 l&rsquo;h\u00f4pital par l&rsquo;interm\u00e9diaire du Dr Xavier Mir, l&rsquo;un des meilleurs sp\u00e9cialistes travaillant depuis de nombreuses ann\u00e9es avec le MotoGP et ses pilotes, afin de mettre en place une unit\u00e9 sp\u00e9ciale pour les patients en \u00e9tat critique et semi-critique\u00a0\u00bb, se souvient le Dr Charte dans une interview accord\u00e9e \u00e0 <a href=\"https:\/\/es.motorsport.com\/motogp\/news\/mision-oportunidad-piloto-salga-vida-circuito-charte-angel\/10742357\/\" target=\"_self\" rel=\"noopener\">l&rsquo;\u00e9dition espagnole de <strong>Motorsport.com<\/strong><\/a>.<\/p>\n<p>\u00ab\u00a0J&rsquo;ai propos\u00e9 une structure enti\u00e8rement nouvelle, en pla\u00e7ant deux unit\u00e9s de soins intensifs capables de fonctionner sur le circuit. Nous avons environ 1200 \u00e0 1300 accidents par an, dont huit ou neuf qui sont graves ou tr\u00e8s graves. Nous donnons aux pilotes gravement bless\u00e9s une chance de survivre\u00a0\u00bb, explique-t-il.<\/p>\n<p>Donner une chance de survie, voil\u00e0 donc la mission essentielle que se fixe le Dr \u00c1ngel Charte. Nous poursuivons la conversation afin de mieux conna\u00eetre sa mani\u00e8re de travailler et de voir les choses dans ce r\u00f4le si singulier.<\/p>\n<p><strong>Qu&rsquo;est-ce que cela signifie de troquer la blouse d&rsquo;h\u00f4pital contre une combinaison de course\u00a0?<\/strong><\/p>\n<p>Je combine \u00e0 la fois l&rsquo;h\u00f4pital et le championnat du monde de MotoGP. Je suis chef de l&rsquo;unit\u00e9 de soins intensifs et de m\u00e9decine interne de mon h\u00f4pital, et j&rsquo;ai la responsabilit\u00e9 qu&rsquo;implique un sport que, d&rsquo;une certaine mani\u00e8re, je ne qualifierais pas de dangereux car il ne l&rsquo;est pas, mais qui comporte certains risques\u00a0:\u00a0le monde des sports m\u00e9caniques. Ce n&rsquo;est pas un monde facile, ce n&rsquo;est pas du football. Et au cours de ces 14 ann\u00e9es, les r\u00e9sultats ont \u00e9t\u00e9 fructueux.<\/p>\n<p>Malheureusement, j&rsquo;ai connu deux d\u00e9c\u00e8s\u00a0:\u00a0Luis Salom (2016) et Jason Dupasquier (2021). Mais les pilotes quittent toujours le circuit en vie. Ils repartent toujours vivants. Lorsque nous arrivons \u00e0 l&rsquo;h\u00f4pital de r\u00e9f\u00e9rence dans chaque pays, si les blessures sont incompatibles avec la vie, malheureusement, il n&rsquo;y a rien d&rsquo;autre \u00e0 faire. Mais du circuit \u00e0 l&rsquo;h\u00f4pital, ils repartent toujours vivants.<\/p>\n<p>   <img decoding=\"async\" draggable=\"false\" src=\"https:\/\/www.europesays.com\/fr\/wp-content\/uploads\/2025\/08\/motogp-sepang-january-testing-2018-jorge-lorenzo-ducati-team-dr-angel-charte-motogp-medica.jpg\" alt=\"Pol Espargaro, Red Bull KTM Factory Racing, avec le Dr Angel Charte, directeur m\u00e9dical MotoGP\" width=\"1200\" height=\"800\" loading=\"lazy\"\/> <\/p>\n<p class=\"title\">Le Dr \u00c1ngel Charte, ici avec Pol Espargar\u00f3.<\/p>\n<p><strong>Comment voyez-vous les pilotes MotoGP par rapport aux autres athl\u00e8tes\u00a0?<\/strong><\/p>\n<p>Ce n&rsquo;est pas facile d&rsquo;\u00eatre un pilote de MotoGP. Ils ne le deviennent pas du jour au lendemain, ils sont form\u00e9s d\u00e8s l&rsquo;enfance. Ils comprennent parfaitement les risques. Ils courent depuis de nombreuses ann\u00e9es et savent parfaitement ma\u00eetriser tous leurs mouvements. On me demande souvent si un pilote est dingue et je r\u00e9ponds toujours la m\u00eame chose\u00a0:\u00a0je n&rsquo;ai pas rencontr\u00e9 de pilote qui soit dingue au cours de ces ann\u00e9es. J&rsquo;ai rencontr\u00e9 des pilotes techniques, des pilotes plus agressifs, mais des fous\u00a0?\u00a0Aucun. Ils g\u00e8rent parfaitement la peur, ils savent exactement ce qui est en jeu. La seule diff\u00e9rence entre un h\u00f4pital et le MotoGP, c&rsquo;est qu&rsquo;ici on ne sait jamais ce qu&rsquo;on va trouver quand on est appel\u00e9 ou quand il y a un drapeau rouge.<\/p>\n<p><strong>Quelle est la gu\u00e9rison la plus incroyable dont vous ayez \u00e9t\u00e9 t\u00e9moin chez un pilote\u00a0?<\/strong><\/p>\n<p>J&rsquo;en ai vu beaucoup, et pas mal r\u00e9cemment. Par exemple, <a href=\"https:\/\/fr.motorsport.com\/driver\/pol-espargaro\/94345\/\" target=\"_blank\" rel=\"noopener\">Pol Espargar\u00f3<\/a>, <a href=\"https:\/\/fr.motorsport.com\/driver\/tito-rabat\/109420\/\" target=\"_blank\" rel=\"noopener\">Tito Rabat<\/a>, <a href=\"https:\/\/fr.motorsport.com\/driver\/michele-pirro\/86845\/\" target=\"_blank\" rel=\"noopener\">Michele Pirro<\/a>&#8230; Des blessures tr\u00e8s graves qui ont n\u00e9cessit\u00e9 des actions m\u00e9dicales intensives et limit\u00e9es. Ceci \u00e9tant dit, d&rsquo;autres pathologies peuvent appara\u00eetre plus tard, comme des traumatismes cr\u00e2niens qui n\u00e9cessitent un suivi. R\u00e9cemment, le pauvre <a href=\"https:\/\/fr.motorsport.com\/driver\/luca-marini\/201098\/\" target=\"_blank\" rel=\"noopener\">Luca Marini<\/a> a eu une blessure tr\u00e8s s\u00e9rieuse \u00e0 la t\u00eate, <a href=\"https:\/\/fr.motorsport.com\/driver\/jorge-martin\/109391\/\" target=\"_blank\" rel=\"noopener\">Jorge Mart\u00edn<\/a> a eu 11 c\u00f4tes cass\u00e9es.<\/p>\n<p>Ce qui me frappe chez eux, c&rsquo;est leur capacit\u00e9 de r\u00e9cup\u00e9ration. Leur vie, c&rsquo;est le moteur, la moto, et c&rsquo;est une chose pour laquelle j&rsquo;ai \u00e9norm\u00e9ment d&rsquo;estime. Ils sont faits diff\u00e9remment. Ils sont humains, comme nous tous, et leur capacit\u00e9 de r\u00e9cup\u00e9ration est due au fait qu&rsquo;ils ont \u00e9t\u00e9 entra\u00een\u00e9s depuis leur plus jeune \u00e2ge. C&rsquo;est la r\u00e9alit\u00e9.<\/p>\n<p>Voir aussi :<\/p>\n<p><strong>Il y a parfois une controverse au sujet des processus de r\u00e9cup\u00e9ration acc\u00e9l\u00e9r\u00e9s pour certains pilotes, qui reviennent tr\u00e8s vite \u00e0 la comp\u00e9tition apr\u00e8s s&rsquo;\u00eatre bless\u00e9s. En tant que m\u00e9decin, comment pensez-vous que ces comportements devraient \u00eatre contr\u00f4l\u00e9s\u00a0?<\/strong><\/p>\n<p>Quand j&rsquo;ai commenc\u00e9, il y avait des lacunes que j&rsquo;ai jug\u00e9 n\u00e9cessaire de signaler \u00e0 la commission m\u00e9dicale de la FIM afin qu&rsquo;elle fixe certaines limites, non seulement pour le pilote [bless\u00e9] mais aussi pour la s\u00e9curit\u00e9 des autres pilotes. C&rsquo;est ce qui s&rsquo;est pass\u00e9 et cela continue d&rsquo;\u00e9voluer chaque jour. Les pilotes veulent courir parce qu&rsquo;ils adorent \u00e7a, et franchement, parfois il faut dire non. Et non, \u00e7a veut dire non. Ils n&rsquo;aiment pas \u00e7a, mais ils comprennent que c&rsquo;est pour leur bien. Les pilotes veulent toujours courir, c&rsquo;est ce qu&rsquo;ils veulent le plus, et dire \u00e0 un pilote qu&rsquo;il ne peut pas courir peut provoquer une certaine agressivit\u00e9.<\/p>\n<p><strong>Quel est le moment le plus critique que vous ayez v\u00e9cu sur un circuit\u00a0?<\/strong><\/p>\n<p>Fondamentalement, les d\u00e9c\u00e8s de Luis Salom et de Jason Dupasquier. Cela m&rsquo;a beaucoup marqu\u00e9. Non pas que je ne sois pas habitu\u00e9 \u00e0 ces pathologies\u00a0&#8211;\u00a0je les vois tous les jours \u00e0 l&rsquo;h\u00f4pital\u00a0&#8211;\u00a0mais parce que Luis et moi \u00e9tions proches. C&rsquo;\u00e9tait un homme tout \u00e0 fait charmant. Et puis la malchance qu&rsquo;il a eue&#8230; Luis \u00e9tait un type fantastique&#8230; \u00c7a m&rsquo;a profond\u00e9ment affect\u00e9 et j&rsquo;ai pleur\u00e9. La mort de Dupasquier a \u00e9galement \u00e9t\u00e9 tr\u00e8s dramatique. Beaucoup disent que je suis comme un p\u00e8re pour eux, mais sur le moment je ne demande pas le nom du pilote. Quand je dois agir, j&rsquo;agis. Le nom n&rsquo;est pas ce qui m&rsquo;importe. Ce qui compte, c&rsquo;est de faire en sorte qu&rsquo;ils s&rsquo;en sortent vivants.<\/p>\n<p><strong>La sant\u00e9 mentale est aussi devenue un sujet important dans le sport de haut niveau, et cela a \u00e9t\u00e9 particuli\u00e8rement le cas pour deux pilotes qui ont subi une forte pression en raison de blessures graves et de s\u00e9quelles\u00a0:\u00a0<a href=\"https:\/\/fr.motorsport.com\/driver\/marc-marquez\/92646\/\" target=\"_blank\" rel=\"noopener\">Marc M\u00e1rquez<\/a> et Jorge Mart\u00edn. Comment g\u00e8re-t-on la sant\u00e9 mentale en MotoGP\u00a0?<\/strong><\/p>\n<p>La sant\u00e9 mentale est l&rsquo;un des param\u00e8tres ayant re\u00e7u le plus d&rsquo;attention ces derniers temps. Je crois que la sant\u00e9 mentale contribue grandement \u00e0 l&rsquo;\u00e9volution d&rsquo;un pilote et de tout athl\u00e8te de haut niveau. Il y a eu la sant\u00e9 mentale de Marc M\u00e1rquez, qui a \u00e9t\u00e9 absent pendant longtemps \u00e0 cause d&rsquo;une blessure qui n&rsquo;a pas pu gu\u00e9rir correctement, pour diverses raisons que je n&rsquo;\u00e9voquerai pas, ou encore la malchance du pauvre Jorge Mart\u00edn. Aujourd&rsquo;hui, nous sommes dans une phase o\u00f9 l&rsquo;on applique des protocoles de sant\u00e9 mentale.<\/p>\n<p>Lire aussi :<\/p>\n<p><strong>D&rsquo;un point de vue m\u00e9dical, existe-t-il des situations miraculeuses ou tout simplement des souffrances qui sembleraient excessives pour pouvoir courir en MotoGP\u00a0?<\/strong><\/p>\n<p>C&rsquo;est une question difficile. Je crois que les miracles existent. Dans le domaine de la sant\u00e9, c&rsquo;est le cas, et pas seulement en MotoGP, mais aussi dans les h\u00f4pitaux. Il y a un halo sp\u00e9cial. Par ailleurs, comme je l&rsquo;ai dit pr\u00e9c\u00e9demment, les pilotes g\u00e8rent parfaitement la peur. Ils savent ce qui est en jeu. Ils ne sont pas faits comme nous. Oui, ils sont sp\u00e9ciaux. Parfois, ils se r\u00e9tablissent plus vite que pr\u00e9vu. Vous pensez qu&rsquo;un pilote sera indisponible pendant quatre semaines, et \u00e0 la deuxi\u00e8me semaine, il est d\u00e9j\u00e0 pr\u00eat \u00e0 courir.<\/p>\n<p><strong>Ce sport s&rsquo;apparente parfois \u00e0 un saut dans le vide. Comment les pilotes font-ils face aux drames\u00a0?<\/strong><\/p>\n<p>Je vais vous dire quelque chose qui peut plaire ou ne pas plaire. En cas de malheur, un pilote MotoGP essaie de se plaindre le moins possible, mais il en souffre. Lorsque le drame frappe vraiment, le pilote se rend compte qu&rsquo;il ne s&rsquo;agit pas d&rsquo;une plaisanterie, mais il essaie de tourner la page le plus vite possible, sans quoi il ferait erreur. Il sait ce qu&rsquo;est ce sport. Il conna\u00eet les risques qu&rsquo;il encoure, il l&rsquo;accepte, il souffre en silence, mais il ne s&rsquo;y attarde pas, car cela nuirait mentalement \u00e0 son professionnalisme.<\/p>\n<p>Je crois que nous avons tous peur de la mort d&rsquo;une mani\u00e8re ou d&rsquo;une autre. S&rsquo;ils y pensent, ils ne vous l&rsquo;avoueront jamais. Si vous y pr\u00eatez attention, beaucoup d&rsquo;entre eux ont leurs rituels avant de prendre la piste\u00a0:\u00a0il y en a un qui fait un signe de croix, un autre qui touche le sol, etc. Ils ont des croyances sur ce que l&rsquo;on appelle th\u00e9oriquement la chance, mais ils savent exactement ce qui les attend.<\/p>\n<p><strong>Comment expliquer m\u00e9dicalement que le c\u0153ur d&rsquo;un pilote puisse battre \u00e0 200 pulsations par minute pendant 45 minutes\u00a0?<\/strong><\/p>\n<p>Eh bien, il produit de l&rsquo;adr\u00e9naline en roulant \u00e0 340\u00a0km\/h. Pensez-vous qu&rsquo;il a l&rsquo;impression de rouler \u00e0 340\u00a0km\/h et qu&rsquo;il pourrait mourir\u00a0?\u00a0Non, \u00e0 ce moment-l\u00e0, je ne pense pas. Il est immerg\u00e9 dans son m\u00e9tier, dans ce qu&rsquo;il aime, \u00e0 savoir la course. Plus il court, mieux il va.<\/p>\n<p><strong>Les pilotes retiennent-ils vraiment leur souffle dans les derniers tours d&rsquo;une course\u00a0?<\/strong><\/p>\n<p>C&rsquo;est une histoire surprenante, mais la circulation sanguine s&rsquo;arr\u00eate. Je n&rsquo;ai pas pu le v\u00e9rifier, bien que l&rsquo;on dise que certains pilotes retiennent leur souffle, mais c&rsquo;est \u00e9vident. Dans les derniers tours, leur rythme cardiaque monte \u00e0 200-220, proche d&rsquo;une tachycardie paroxystique. Ce qui me surprend chaque jour, c&rsquo;est leur capacit\u00e9 \u00e0 surmonter, leur volont\u00e9, leur habilet\u00e9 \u00e0 r\u00e9ussir. Parfois, quand je rentre \u00e0 l&rsquo;h\u00f4pital et que je pense \u00e0 la course qui vient d&rsquo;avoir lieu ou que j&rsquo;en entends parler, je me dis que ce sport demande vraiment une force mentale incroyable.<\/p>\n<p>Dans cet article<\/p>\n<p>Soyez le premier inform\u00e9 et souscrivez aux alertes mails pour recevoir les infos en temps r\u00e9el<\/p>\n<p>    S&rsquo;abonner aux alertes de news<\/p>\n","protected":false},"excerpt":{"rendered":"Les fid\u00e8les du MotoGP sont habitu\u00e9s \u00e0 voir son nom appara\u00eetre dans les moments difficiles, ceux o\u00f9 l&rsquo;on&hellip;\n","protected":false},"author":2,"featured_media":311564,"comment_status":"","ping_status":"","sticky":false,"template":"","format":"standard","meta":{"footnotes":""},"categories":[1413],"tags":[45154,1011,27,1457,1456,1458,60,45153],"class_list":{"0":"post-311563","1":"post","2":"type-post","3":"status-publish","4":"format-standard","5":"has-post-thumbnail","7":"category-moto","8":"tag-directeur-mu00e9dical-du-motogp","9":"tag-fr","10":"tag-france","11":"tag-moto","12":"tag-motocycle","13":"tag-motogp","14":"tag-sports","15":"tag-u00c0-la-rencontre-du-dr-u00c1ngel-charte"},"share_on_mastodon":{"url":"https:\/\/pubeurope.com\/@fr\/115010116235177947","error":""},"_links":{"self":[{"href":"https:\/\/www.europesays.com\/fr\/wp-json\/wp\/v2\/posts\/311563","targetHints":{"allow":["GET"]}}],"collection":[{"href":"https:\/\/www.europesays.com\/fr\/wp-json\/wp\/v2\/posts"}],"about":[{"href":"https:\/\/www.europesays.com\/fr\/wp-json\/wp\/v2\/types\/post"}],"author":[{"embeddable":true,"href":"https:\/\/www.europesays.com\/fr\/wp-json\/wp\/v2\/users\/2"}],"replies":[{"embeddable":true,"href":"https:\/\/www.europesays.com\/fr\/wp-json\/wp\/v2\/comments?post=311563"}],"version-history":[{"count":0,"href":"https:\/\/www.europesays.com\/fr\/wp-json\/wp\/v2\/posts\/311563\/revisions"}],"wp:featuredmedia":[{"embeddable":true,"href":"https:\/\/www.europesays.com\/fr\/wp-json\/wp\/v2\/media\/311564"}],"wp:attachment":[{"href":"https:\/\/www.europesays.com\/fr\/wp-json\/wp\/v2\/media?parent=311563"}],"wp:term":[{"taxonomy":"category","embeddable":true,"href":"https:\/\/www.europesays.com\/fr\/wp-json\/wp\/v2\/categories?post=311563"},{"taxonomy":"post_tag","embeddable":true,"href":"https:\/\/www.europesays.com\/fr\/wp-json\/wp\/v2\/tags?post=311563"}],"curies":[{"name":"wp","href":"https:\/\/api.w.org\/{rel}","templated":true}]}}