{"id":311572,"date":"2025-08-11T12:29:11","date_gmt":"2025-08-11T12:29:11","guid":{"rendered":"https:\/\/www.europesays.com\/fr\/311572\/"},"modified":"2025-08-11T12:29:11","modified_gmt":"2025-08-11T12:29:11","slug":"onze-titres-en-lice-pour-la-revelation-livre-dartiste-2025","status":"publish","type":"post","link":"https:\/\/www.europesays.com\/fr\/311572\/","title":{"rendered":"Onze titres en lice pour la R\u00e9v\u00e9lation Livre d\u2019artiste 2025"},"content":{"rendered":"<p>L\u2019ADAGP (Soci\u00e9t\u00e9 des auteurs dans les arts graphiques et plastiques), en partenariat avec le salon Made Anywhere, a r\u00e9v\u00e9l\u00e9 les onze titres concourant pour la dixi\u00e8me \u00e9dition de la R\u00e9v\u00e9lation livre d\u2019artiste.<\/p>\n<p>Le nom du laur\u00e9at sera connu le vendredi 5 septembre, \u00e0 l\u2019occasion d\u2019un vernissage organis\u00e9 \u00e0 la Fondation Fiminco, \u00e0 Romainville (Seine-Saint-Denis). Ce dernier recevra une dotation de 5000 euros et b\u00e9n\u00e9ficiera d\u2019une pr\u00e9sentation d\u00e9di\u00e9e sur les cimaises de l\u2019ADAGP, accompagn\u00e9e soit d\u2019un texte critique, soit de prises de vue de son travail.<\/p>\n<p>La s\u00e9lection<\/p>\n<ul>\n<li>Des choses que j\u2019imagine <strong>Romy Aliz\u00e9e <\/strong>(Rotolux Press)<\/li>\n<li>Matar, Matar, Matar de <strong>Chedly Atallah<\/strong> (La Mar\u00e9chalerie)<\/li>\n<li>Hercynienne de<strong> Teo Becher<\/strong> (auto-\u00e9dition)<\/li>\n<li>Nom Pr\u00e9nom, Rue du For, 01800 P\u00e9rouges, France\u00a0d\u2019<strong>Am\u00e9lie Berrodier<\/strong> (La MAC P\u00e9rouges)<\/li>\n<li>Etat de ma biblioth\u00e8que de<strong> Jeanne Champenois-Masset<\/strong> (auto-\u00e9dition)<\/li>\n<li>Rue D\u00e9sir\u00e9 Chevalier de <strong>Claire Cocano<\/strong> (auto-\u00e9dition)<\/li>\n<li>More water than the eye could see de <strong>Temp\u00e9 Storm Cole<\/strong> (Bluff Books)<\/li>\n<li>Rearrange All the Cosmos\u00a0; Homoeroticism, Merely a Motive in Art\u00a0? de <strong>Jo\u00e3o Delfim<\/strong> (auto-\u00e9dition)<\/li>\n<li>D\u00e9composer La Composition de <strong>Shumeng Li <\/strong>(auto-\u00e9dition)<\/li>\n<li>COSTUMES de <strong>Mathilde Vallantin Dulac<\/strong> (auto-\u00e9dition)<\/li>\n<li>Sur le Motif de<strong> Charles Villa<\/strong> (CNEAI)<\/li>\n<\/ul>\n<p>La R\u00e9v\u00e9lation Livre d\u2019artiste r\u00e9compense un artiste \u00e9mergent \u00e0 l&rsquo;occasion de Made Anywhere, rendez-vous annuel consacr\u00e9 aux pratiques artistiques \u00e9ditoriales contemporaines. Le laur\u00e9at 2025 succ\u00e8dera \u00e0 <strong>Virgilio Martini,<\/strong> r\u00e9compens\u00e9 pour Liquid Life.<\/p>\n","protected":false},"excerpt":{"rendered":"L\u2019ADAGP (Soci\u00e9t\u00e9 des auteurs dans les arts graphiques et plastiques), en partenariat avec le salon Made Anywhere, a&hellip;\n","protected":false},"author":2,"featured_media":311573,"comment_status":"","ping_status":"","sticky":false,"template":"","format":"standard","meta":{"footnotes":""},"categories":[1357],"tags":[1379,58,59,1011,27,1380],"class_list":{"0":"post-311572","1":"post","2":"type-post","3":"status-publish","4":"format-standard","5":"has-post-thumbnail","7":"category-livres","8":"tag-books","9":"tag-divertissement","10":"tag-entertainment","11":"tag-fr","12":"tag-france","13":"tag-livres"},"share_on_mastodon":{"url":"https:\/\/pubeurope.com\/@fr\/115010139879081932","error":""},"_links":{"self":[{"href":"https:\/\/www.europesays.com\/fr\/wp-json\/wp\/v2\/posts\/311572","targetHints":{"allow":["GET"]}}],"collection":[{"href":"https:\/\/www.europesays.com\/fr\/wp-json\/wp\/v2\/posts"}],"about":[{"href":"https:\/\/www.europesays.com\/fr\/wp-json\/wp\/v2\/types\/post"}],"author":[{"embeddable":true,"href":"https:\/\/www.europesays.com\/fr\/wp-json\/wp\/v2\/users\/2"}],"replies":[{"embeddable":true,"href":"https:\/\/www.europesays.com\/fr\/wp-json\/wp\/v2\/comments?post=311572"}],"version-history":[{"count":0,"href":"https:\/\/www.europesays.com\/fr\/wp-json\/wp\/v2\/posts\/311572\/revisions"}],"wp:featuredmedia":[{"embeddable":true,"href":"https:\/\/www.europesays.com\/fr\/wp-json\/wp\/v2\/media\/311573"}],"wp:attachment":[{"href":"https:\/\/www.europesays.com\/fr\/wp-json\/wp\/v2\/media?parent=311572"}],"wp:term":[{"taxonomy":"category","embeddable":true,"href":"https:\/\/www.europesays.com\/fr\/wp-json\/wp\/v2\/categories?post=311572"},{"taxonomy":"post_tag","embeddable":true,"href":"https:\/\/www.europesays.com\/fr\/wp-json\/wp\/v2\/tags?post=311572"}],"curies":[{"name":"wp","href":"https:\/\/api.w.org\/{rel}","templated":true}]}}