{"id":311574,"date":"2025-08-11T12:30:11","date_gmt":"2025-08-11T12:30:11","guid":{"rendered":"https:\/\/www.europesays.com\/fr\/311574\/"},"modified":"2025-08-11T12:30:11","modified_gmt":"2025-08-11T12:30:11","slug":"rebecca-hampton-est-de-retour-dans-un-feuilleton-et-ce-nest-pas","status":"publish","type":"post","link":"https:\/\/www.europesays.com\/fr\/311574\/","title":{"rendered":"Rebecca Hampton est de retour dans un feuilleton et ce n&rsquo;est pas &#8230;"},"content":{"rendered":"<p>EN BREF<\/p>\n<ul class=\"bloc_resume_post_list\">\n<li>Le feuilleton \u00ab\u00a0Nouveau jour\u00a0\u00bb sur M6, lanc\u00e9 il y a trois<br \/>\nsemaines, peine \u00e0 maintenir son audience initiale de 1,5 million de<br \/>\nt\u00e9l\u00e9spectateurs.<\/li>\n<li>Pour relancer l\u00a0\u00bbint\u00e9r\u00eat, la production int\u00e8gre de<br \/>\nnouveaux acteurs, dont Rebecca Hampton, c\u00e9l\u00e8bre pour son r\u00f4le dans<br \/>\n\u00ab\u00a0Plus belle la vie\u00a0\u00bb.<\/li>\n<li>L&rsquo;arriv\u00e9e de Rebecca Hampton promet des retrouvailles<br \/>\ncaptivantes avec d&rsquo;anciens coll\u00e8gues, mais son r\u00f4le exact reste<br \/>\nencore myst\u00e9rieux.<\/li>\n<\/ul>\n<p data-start=\"0\" data-end=\"584\">Il faut absolument relancer<br \/>\n<a href=\"https:\/\/www.telestar.fr\/serie_tv\/nouveau-jour-catastrophe-pour-le-feuilleton-de-m6-le-couperet-est-tombe-1733946\" target=\"_blank\" rel=\"noopener\"><br \/>\nNouveau jour<\/a> ! Ce<br \/>\nfeuilleton quotidien, qui devait repr\u00e9senter un nouveau souffle<br \/>\npour M6, rencontre aujourd\u2019hui de s\u00e9rieuses difficult\u00e9s. Trois<br \/>\nsemaines apr\u00e8s son lancement, malgr\u00e9 un d\u00e9marrage prometteur avec<br \/>\n<strong>1,5 million de t\u00e9l\u00e9spectateurs lors du premier<br \/>\n\u00e9pisode<\/strong>, la s\u00e9rie tourn\u00e9e dans l\u2019H\u00e9rault peine \u00e0 fid\u00e9liser<br \/>\nson audience.<\/p>\n<p data-start=\"0\" data-end=\"584\">Le vendredi 19 juillet, elle a<br \/>\nm\u00eame touch\u00e9 son point le plus bas, r\u00e9unissant seulement <strong>669<br \/>\n000 fid\u00e8les<\/strong>, soit 4,5 % de part de march\u00e9, face \u00e0 cette<br \/>\nsaga familiale. \u00a0Pourtant, le casting regorge de<br \/>\n<strong>com\u00e9diens incontournables<\/strong>. Pour redresser la<br \/>\nbarre, la production met les bouch\u00e9es doubles en int\u00e9grant de<br \/>\nnouveaux visages et en lan\u00e7ant de nouvelles intrigues. Parmi ces<br \/>\nrenforts, une actrice embl\u00e9matique venue directement de<br \/>\nPlus belle la vie va<br \/>\nprochainement rejoindre l\u2019aventure.<\/p>\n<p>Rebecca Hampton rejoint le casting de Nouveau<br \/>\njour<\/p>\n<p data-start=\"0\" data-end=\"591\">Le casting de la s\u00e9rie quotidienne<br \/>\nde M6, d\u00e9j\u00e0 riche en figures embl\u00e9matiques de la fiction fran\u00e7aise<br \/>\ntelles qu\u2019<a href=\"https:\/\/www.telestar.fr\/people\/nouveau-jour-helena-noguerra-bluffee-par-ses-jeunes-partenaires-et-pas-dans-le-bon-sens-du-terme-1728560\" target=\"_blank\" rel=\"noopener\">Helena<br \/>\nNoguerra<\/a>, Alexandre Varga ou <a href=\"https:\/\/www.telestar.fr\/actu_tv\/cyril-hanouna-bientot-chez-m6-ce-que-je-sais-bruno-solo-balance-sur-lambiance-en-coulisse-1729689\" target=\"_blank\" rel=\"noopener\"><br \/>\nBruno Solo<\/a>, s\u2019appr\u00eate \u00e0 s\u2019enrichir encore davantage. Ce jeudi<br \/>\n24 juillet 2025, Justine Grave, qui incarne Jade, a post\u00e9 une story<br \/>\nsur Instagram montrant Vinicius Dos Santos Lagier en compagnie de<br \/>\nRebecca Hampton. Cette publication, l\u00e9gend\u00e9e \u00ab\u00a0<strong>En route<br \/>\non fire sur Nouveau jour !<\/strong>\u00ab\u00a0, a rapidement \u00e9t\u00e9 relay\u00e9e<br \/>\npar le compte officiel de la s\u00e9rie avant d\u2019\u00eatre retir\u00e9e.<\/p>\n<p data-start=\"0\" data-end=\"591\">Rebecca Hampton a \u00e9galement<br \/>\npartag\u00e9 cette story sur son propre profil. M\u00eame si le <strong>r\u00f4le<br \/>\nexact<\/strong> que tiendra Rebecca Hampton dans la s\u00e9rie reste<br \/>\nencore un <strong>myst\u00e8re<\/strong>, sa pr\u00e9sence confirme une<br \/>\nnouvelle fois l\u2019attraction que le feuilleton de M6 exerce sur les<br \/>\ntalents issus de <a href=\"https:\/\/www.telestar.fr\/serie_tv\/pblv\/plus-belle-la-vie-coup-de-tonnerre-un-personnage-cle-quitte-la-serie-1721737\" target=\"_blank\" rel=\"noopener\"><br \/>\nPlus belle la vie<\/a>.<\/p>\n<p>De belles retrouvailles au<br \/>\nprogramme<\/p>\n<p data-start=\"0\" data-end=\"329\">L\u2019arriv\u00e9e de <a href=\"https:\/\/www.telestar.fr\/serie-tv\/camping-paradis\/rebecca-hampton-cette-raison-pour-laquelle-elle-n-a-pas-participe-a-la-soiree-d-adieu-de-plus-belle-la-vie-831272\" target=\"_blank\" rel=\"noopener\"><br \/>\nRebecca Hampton<\/a> dans Nouveau<br \/>\nJour repr\u00e9sente un v\u00e9ritable \u00e9v\u00e9nement pour les amateurs de<br \/>\nPlus Belle la Vie.<br \/>\nL\u2019actrice, connue pour avoir incarn\u00e9 pendant pr\u00e8s de deux d\u00e9cennies<br \/>\nl\u2019embl\u00e9matique <strong>avocate C\u00e9line Fr\u00e9mont<\/strong> dans la<br \/>\nc\u00e9l\u00e8bre s\u00e9rie marseillaise, va retrouver plusieurs de ses anciennes<br \/>\ncomplices \u00e0 l\u2019\u00e9cran. La\u00ebtitia Milot, qui joue le r\u00f4le central<br \/>\nd\u2019Emilia dans la fiction montpelli\u00e9raine, affiche un enthousiasme<br \/>\npalpable pour ce nouveau chapitre. L\u2019ancienne M\u00e9lanie Rinato de<br \/>\nPlus Belle la Vie avait<br \/>\nd\u2019ailleurs salu\u00e9 l\u2019\u00e9criture de son personnage, pens\u00e9<br \/>\n\u00ab\u00a0<strong>sp\u00e9cialement pour elle<\/strong>\u00ab\u00a0.<\/p>\n<p data-start=\"0\" data-end=\"329\">\u00ab\u00a0Je n&rsquo;avais jamais rien lu de<br \/>\nsimilaire. <strong>Ils ont vraiment mis le paquet<\/strong>. Et je<br \/>\npeux vous garantir que des sc\u00e9narios, j&rsquo;en ai lu des piles dans ma<br \/>\nvie d&rsquo;actrice\u00a0\u00bb, confiait-elle. Ces retrouvailles s\u2019annoncent<br \/>\nriches en \u00e9motions, d\u2019autant plus que Rebecca Hampton retrouvera<br \/>\n\u00e9galement Juliette Ch\u00eane, qui interpr\u00e8te Magalie dans<br \/>\nNouveau Jour. Dans<br \/>\nPlus Belle la Vie,<br \/>\n<a href=\"https:\/\/www.telestar.fr\/people\/josephine-ange-gardien-que-devient-juliette-chene-depuis-plus-belle-la-vie-603315\" target=\"_blank\" rel=\"noopener\"><br \/>\nJuliette Ch\u00eane<\/a> incarnait Juliette, la s\u0153ur de C\u00e9line<br \/>\nFr\u00e9mont.<\/p>\n","protected":false},"excerpt":{"rendered":"EN BREF Le feuilleton \u00ab\u00a0Nouveau jour\u00a0\u00bb sur M6, lanc\u00e9 il y a trois semaines, peine \u00e0 maintenir son&hellip;\n","protected":false},"author":2,"featured_media":311575,"comment_status":"","ping_status":"","sticky":false,"template":"","format":"standard","meta":{"footnotes":""},"categories":[1356],"tags":[548,58,59,1011,27,1368,45157,252,1364],"class_list":{"0":"post-311574","1":"post","2":"type-post","3":"status-publish","4":"format-standard","5":"has-post-thumbnail","7":"category-television","8":"tag-article-simple","9":"tag-divertissement","10":"tag-entertainment","11":"tag-fr","12":"tag-france","13":"tag-plus-belle-la-vie","14":"tag-rebecca-hampton","15":"tag-television","16":"tag-tv"},"share_on_mastodon":{"url":"https:\/\/pubeurope.com\/@fr\/115010143799948214","error":""},"_links":{"self":[{"href":"https:\/\/www.europesays.com\/fr\/wp-json\/wp\/v2\/posts\/311574","targetHints":{"allow":["GET"]}}],"collection":[{"href":"https:\/\/www.europesays.com\/fr\/wp-json\/wp\/v2\/posts"}],"about":[{"href":"https:\/\/www.europesays.com\/fr\/wp-json\/wp\/v2\/types\/post"}],"author":[{"embeddable":true,"href":"https:\/\/www.europesays.com\/fr\/wp-json\/wp\/v2\/users\/2"}],"replies":[{"embeddable":true,"href":"https:\/\/www.europesays.com\/fr\/wp-json\/wp\/v2\/comments?post=311574"}],"version-history":[{"count":0,"href":"https:\/\/www.europesays.com\/fr\/wp-json\/wp\/v2\/posts\/311574\/revisions"}],"wp:featuredmedia":[{"embeddable":true,"href":"https:\/\/www.europesays.com\/fr\/wp-json\/wp\/v2\/media\/311575"}],"wp:attachment":[{"href":"https:\/\/www.europesays.com\/fr\/wp-json\/wp\/v2\/media?parent=311574"}],"wp:term":[{"taxonomy":"category","embeddable":true,"href":"https:\/\/www.europesays.com\/fr\/wp-json\/wp\/v2\/categories?post=311574"},{"taxonomy":"post_tag","embeddable":true,"href":"https:\/\/www.europesays.com\/fr\/wp-json\/wp\/v2\/tags?post=311574"}],"curies":[{"name":"wp","href":"https:\/\/api.w.org\/{rel}","templated":true}]}}