{"id":311576,"date":"2025-08-11T12:31:15","date_gmt":"2025-08-11T12:31:15","guid":{"rendered":"https:\/\/www.europesays.com\/fr\/311576\/"},"modified":"2025-08-11T12:31:15","modified_gmt":"2025-08-11T12:31:15","slug":"la-guerre-des-mondes-avec-ice-cube-deja-le-nanar-de-lannee","status":"publish","type":"post","link":"https:\/\/www.europesays.com\/fr\/311576\/","title":{"rendered":"\u00ab\u00a0La Guerre des mondes\u00a0\u00bb avec Ice Cube : d\u00e9j\u00e0 le nanar de l&rsquo;ann\u00e9e ?"},"content":{"rendered":"<ul class=\"jsx-862013697 ArticleChapo__List\">\n<li class=\"jsx-862013697 ArticleChapo__List_Item flex\">Cr\u00e9dit\u00e9 de seulement 4% d&rsquo;avis positifs des critiques sur le site Rotten Tomatoes, cette nouvelle adaptation du roman de H.G. Wells est devenue la cible estivale des r\u00e9seaux sociaux.<\/li>\n<li class=\"jsx-862013697 ArticleChapo__List_Item flex\">Certains qualifient m\u00eame le film mettant en sc\u00e8ne Ice Cube et Eva Longoria d&rsquo;un \u00ab\u00a0des pires jamais faits\u00a0\u00bb.<\/li>\n<li class=\"jsx-862013697 ArticleChapo__List_Item flex\">De quoi booster le nombre de visionnages d&rsquo;un projet qui se retrouve d\u00e9sormais parmi les plus vus de la plateforme Prime Video.<\/li>\n<\/ul>\n<p data-module=\"article-paragraph\" class=\"jsx-3046738180 Paragraph Paragraph__End\">Son visage effar\u00e9 est devenu un m\u00e8me en l&rsquo;espace d&rsquo;un week-end. Peut-\u00eatre avez-vous vu vous passer sur les r\u00e9seaux sociaux cette photo du Ice Cube sans savoir d&rsquo;o\u00f9 elle provient. Le rappeur am\u00e9ricain de 56 ans est la t\u00eate d&rsquo;affiche de La Guerre des mondes, nouvelle adaptation du roman culte de H.G. Wells sorti en 1898 qui annon\u00e7ait l&rsquo;arriv\u00e9e d&rsquo;aliens sur notre plan\u00e8te. La version radiophonique racont\u00e9e par Orson Welles dans les ann\u00e9es 30 avait provoqu\u00e9 une vive panique \u00e0 New York o\u00f9 les habitants avaient cru \u00e0 un v\u00e9ritable bulletin d&rsquo;informations. L&rsquo;\u0153uvre \u00e9tait d\u00e9j\u00e0 pass\u00e9e entre les mains du ma\u00eetre Steven Spielberg il y a vingt ans. Mais n&rsquo;est pas Steven Spielberg qui veut, comme en t\u00e9moigne ce film in\u00e9dit qui fascine les internautes.<\/p>\n<p><img decoding=\"async\" src=\"https:\/\/www.europesays.com\/fr\/wp-content\/uploads\/2025\/08\/ice-cube-la-guerre-des-mondes-2025-53e5ed-0@1x.jpeg\" alt=\"Le film &quot;La Guerre des mondes&quot; avec Ice Cube fait partie de l'un des &quot;pires films du monde&quot; d'apr\u00e8s les critiques et de nombreux internautes. - PRIME VIDEO\" loading=\"lazy\" importance=\"low\" fetchpriority=\"low\" class=\"\" data-module=\"article-image\"\/>Le film \u00ab\u00a0La Guerre des mondes\u00a0\u00bb avec Ice Cube fait partie de l&rsquo;un des \u00ab\u00a0pires films du monde\u00a0\u00bb d&rsquo;apr\u00e8s les critiques et de nombreux internautes. &#8211; PRIME VIDEO<\/p>\n<p data-module=\"article-paragraph\" class=\"jsx-3046738180 Paragraph Paragraph__End\">Le point de d\u00e9part de cette viralit\u00e9 inattendue ? Une note catastrophique sur l&rsquo;agr\u00e9gateur de critiques Rotten Tomatoes. Apr\u00e8s avoir d\u00e9marr\u00e9 \u00e0 0% d&rsquo;avis positifs, La Guerre des mondes stagne d\u00e9sormais \u00e0 4%. Suffisamment rare pour attirer les curieux voulant voir de leurs yeux si tout \u00e7a se justifie. En ligne, certains se montrent dubitatifs de la direction artistique, d&rsquo;autres se demandent pourquoi Ice Cube ne quitte jamais sa chaise. Et c&rsquo;est l\u00e0 que la situation pr\u00eate \u00e0 sourire parce que cet engouement a fait de ce film qualifi\u00e9 par certains d&rsquo;un \u00ab\u00a0des pires jamais r\u00e9alis\u00e9s\u00a0\u00bb un immense succ\u00e8s sur la plateforme Prime Video o\u00f9 il a \u00e9t\u00e9 mis en ligne. En France, il se classe \u00e0 la troisi\u00e8me place des films les plus vus.\u00a0<\/p>\n<p><a href=\"https:\/\/www.tf1info.fr\/culture\/il-etait-une-fois-barb-wire-le-seul-et-pire-premier-role-de-pamela-anderson-au-cinema-2229791.html\" rel=\"noopener\" class=\"jsx-3308031228 Link flex\" target=\"_blank\"><img decoding=\"async\" src=\"https:\/\/www.europesays.com\/fr\/wp-content\/uploads\/2025\/08\/pamela-anderson-barb-wire-451a1a-0@1x.jpeg\" alt=\"Polygram\" loading=\"lazy\" importance=\"low\" fetchpriority=\"low\" class=\"\" aria-hidden=\"true\"\/><\/p>\n<p class=\"jsx-3657663356 ReadMoreArticle__Title\">Lire aussi<\/p>\n<p class=\"jsx-3657663356\">Il \u00e9tait une fois \u00ab\u00a0Barb Wire\u00a0\u00bb, le nanar qui a bris\u00e9 la carri\u00e8re de Pamela Anderson au cin\u00e9ma<\/p>\n<p><\/a><\/p>\n<p data-module=\"article-paragraph\" class=\"jsx-3046738180 Paragraph Paragraph__End\">\u00ab\u00a0Sachez que 90 minutes, \u00e7a peut \u00eatre tr\u00e8s tr\u00e8s long\u00a0\u00bb, pr\u00e9vient notre chroniqueuse culture qui a \u00ab\u00a0donn\u00e9 envie\u00a0\u00bb au pr\u00e9sentateur de la Matinale de LCI de jeter un \u0153il au film. Avant La Guerre des mondes, d&rsquo;autres films comme The Room de et avec Tommy Wiseau ont surf\u00e9 sur les critiques n\u00e9gatives pour devenir cultes. Et si c&rsquo;\u00e9tait \u00e7a, la cl\u00e9 d&rsquo;un bon nanar pour exister ?<\/p>\n<p>D.D.F. | Chronique : Sandra MARCONI<\/p>\n","protected":false},"excerpt":{"rendered":"Cr\u00e9dit\u00e9 de seulement 4% d&rsquo;avis positifs des critiques sur le site Rotten Tomatoes, cette nouvelle adaptation du roman&hellip;\n","protected":false},"author":2,"featured_media":311577,"comment_status":"","ping_status":"","sticky":false,"template":"","format":"standard","meta":{"footnotes":""},"categories":[1355],"tags":[45158,1111,11,1921,650,58,59,6724,1011,27,1922,2041,1361,873,973,27491,128,6834,133,2040],"class_list":{"0":"post-311576","1":"post","2":"type-post","3":"status-publish","4":"format-standard","5":"has-post-thumbnail","7":"category-musique","8":"tag-50-cent","9":"tag-actu","10":"tag-actualites","11":"tag-article-video","12":"tag-cinema","13":"tag-divertissement","14":"tag-entertainment","15":"tag-eva-longoria","16":"tag-fr","17":"tag-france","18":"tag-info","19":"tag-medias-et-divertissement","20":"tag-music","21":"tag-musique","22":"tag-people","23":"tag-steven-spielberg","24":"tag-streaming","25":"tag-tom-cruise","26":"tag-video","27":"tag-video-culture"},"share_on_mastodon":{"url":"https:\/\/pubeurope.com\/@fr\/115010147732970759","error":""},"_links":{"self":[{"href":"https:\/\/www.europesays.com\/fr\/wp-json\/wp\/v2\/posts\/311576","targetHints":{"allow":["GET"]}}],"collection":[{"href":"https:\/\/www.europesays.com\/fr\/wp-json\/wp\/v2\/posts"}],"about":[{"href":"https:\/\/www.europesays.com\/fr\/wp-json\/wp\/v2\/types\/post"}],"author":[{"embeddable":true,"href":"https:\/\/www.europesays.com\/fr\/wp-json\/wp\/v2\/users\/2"}],"replies":[{"embeddable":true,"href":"https:\/\/www.europesays.com\/fr\/wp-json\/wp\/v2\/comments?post=311576"}],"version-history":[{"count":0,"href":"https:\/\/www.europesays.com\/fr\/wp-json\/wp\/v2\/posts\/311576\/revisions"}],"wp:featuredmedia":[{"embeddable":true,"href":"https:\/\/www.europesays.com\/fr\/wp-json\/wp\/v2\/media\/311577"}],"wp:attachment":[{"href":"https:\/\/www.europesays.com\/fr\/wp-json\/wp\/v2\/media?parent=311576"}],"wp:term":[{"taxonomy":"category","embeddable":true,"href":"https:\/\/www.europesays.com\/fr\/wp-json\/wp\/v2\/categories?post=311576"},{"taxonomy":"post_tag","embeddable":true,"href":"https:\/\/www.europesays.com\/fr\/wp-json\/wp\/v2\/tags?post=311576"}],"curies":[{"name":"wp","href":"https:\/\/api.w.org\/{rel}","templated":true}]}}