{"id":311590,"date":"2025-08-11T12:38:11","date_gmt":"2025-08-11T12:38:11","guid":{"rendered":"https:\/\/www.europesays.com\/fr\/311590\/"},"modified":"2025-08-11T12:38:11","modified_gmt":"2025-08-11T12:38:11","slug":"miguel-uribe-candidat-a-la-presidentielle-blesse-par-balle-en-juin-est-mort","status":"publish","type":"post","link":"https:\/\/www.europesays.com\/fr\/311590\/","title":{"rendered":"Miguel Uribe, candidat \u00e0 la pr\u00e9sidentielle bless\u00e9 par balle en juin, est mort"},"content":{"rendered":"<p>                          <img loading=\"lazy\" decoding=\"async\" src=\"https:\/\/www.europesays.com\/fr\/wp-content\/uploads\/2025\/08\/ac7125f_ftp-import-images-1-fxucy42amhpm-870d14b635bd409a9bf10fbc4023dc3e-0-086cd01768de4497a1815c15.jpeg\" alt=\"Une brochure montrant le s\u00e9nateur colombien Miguel Uribe Turbay, avec un drapeau national colombien drap\u00e9 sur son si\u00e8ge dans la chambre du Congr\u00e8s \u00e0 Bogota, en Colombie, le 9\u00a0juin 2025.\"   width=\"664\" height=\"443\"\/>    Une brochure montrant le s\u00e9nateur colombien Miguel Uribe Turbay, avec un drapeau national colombien drap\u00e9 sur son si\u00e8ge dans la chambre du Congr\u00e8s \u00e0 Bogota, en Colombie, le 9\u00a0juin 2025.  IVAN VALENCIA \/ AP                   <\/p>\n<p class=\"article__paragraph  \">Le candidat \u00e0 la pr\u00e9sidence de la Colombie et s\u00e9nateur Miguel Uribe, bless\u00e9 par balle \u00e0 la t\u00eate <a href=\"https:\/\/www.lemonde.fr\/international\/article\/2025\/06\/08\/colombie-un-senateur-conservateur-candidat-a-la-presidence-blesse-par-balle-lors-d-un-discours_6611127_3210.html\" target=\"_blank\" rel=\"noopener nofollow\" title=\"Nouvelle fen\u00eatre\">lors d\u2019une r\u00e9union publique en juin \u00e0 Bogota<\/a>, est mort apr\u00e8s avoir pass\u00e9 deux mois en soins intensifs et subi plusieurs interventions chirurgicales, <a href=\"https:\/\/www.instagram.com\/maclaudiat\/p\/DNNfZGqOLm9\/?hl=fr\" target=\"_blank\" rel=\"noopener nofollow\" title=\"Nouvelle fen\u00eatre\">a annonc\u00e9 son \u00e9pouse, Claudia Tarazona, sur son compte Instagram,<\/a> lundi 11\u00a0ao\u00fbt. Le tireur, \u00e2g\u00e9 de 14\u00a0ans, avait atteint le s\u00e9nateur de trois balles, dont une \u00e0 la t\u00eate. Il est plac\u00e9 en d\u00e9tention et, \u00e0 ce stade, inculp\u00e9 de tentative d\u2019homicide et port ill\u00e9gal d\u2019armes avec deux autres personnes suspect\u00e9es de complicit\u00e9.<\/p>\n<p class=\"article__paragraph  \">\u00ab\u00a0Aujourd\u2019hui est un jour triste pour le pays\u00a0\u00bb, a d\u00e9clar\u00e9 la vice-pr\u00e9sidente colombienne, Francia Marquez, dans un message sur le r\u00e9seau social X. \u00ab\u00a0La violence ne peut continuer \u00e0 marquer notre destin. La d\u00e9mocratie ne se construit pas avec des balles ni avec du sang, elle se construit avec respect, avec dialogue\u00a0\u00bb, a-t-elle ajout\u00e9.<\/p>\n<p class=\"article__paragraph  \">Apr\u00e8s l\u2019attaque, des centaines de manifestants portant chemises et drapeaux blancs avaient d\u00e9fil\u00e9 un peu partout en Colombie, dimanche 8\u00a0juin, pour exprimer leur refus de la violence et leur solidarit\u00e9 avec le s\u00e9nateur de droite et candidat\u00a0possible \u00e0 l\u2019\u00e9lection pr\u00e9sidentielle de 2026.<\/p>\n<p class=\"article__paragraph  \">M.\u00a0Uribe \u00e9tait membre du parti Centre d\u00e9mocratique, la principale formation de la droite colombienne. Celle-ci est dirig\u00e9e par l\u2019influent Alvaro Uribe, chef de l\u2019Etat entre 2002 et 2010. L\u2019ex-pr\u00e9sident a \u00e9voqu\u00e9 une attaque contre \u00ab\u00a0un espoir pour la patrie\u00a0\u00bb. Les deux hommes n\u2019avaient aucun lien de parent\u00e9.<\/p>\n<p>                                Lire aussi |  Article r\u00e9serv\u00e9 \u00e0 nos abonn\u00e9s  <a href=\"https:\/\/www.lemonde.fr\/international\/article\/2025\/06\/09\/tensions-politiques-en-colombie-apres-une-tentative-d-assassinat-contre-un-dirigeant-de-l-opposition_6611727_3210.html\" class=\"js-article-read-also catcher--favoris__link\" data-premium=\"1\" id=\"article-title-3426209\" rel=\"nofollow noopener\" target=\"_blank\">Tensions politiques en Colombie apr\u00e8s une tentative d\u2019assassinat contre un\u00a0dirigeant de\u00a0l\u2019opposition<\/a>    <\/p>\n<p>   Lire plus tard  <\/p>\n<p>                   La crainte d\u2019un retour de la violence des ann\u00e9es 1980 et 1990             <\/p>\n<p class=\"article__paragraph  \">En octobre\u00a02024, le s\u00e9nateur Uribe avait annonc\u00e9 aspirer \u00e0 \u00eatre \u00e9lu pr\u00e9sident en\u00a02026 pour succ\u00e9der \u00e0 Gustavo Petro, dont il est un vif d\u00e9tracteur. Bien que la campagne officielle pour le scrutin de mai\u00a02026 ne soit pas encore ouverte, plusieurs pr\u00e9tendants ont d\u00e9j\u00e0 commenc\u00e9 \u00e0 d\u00e9fendre leurs candidatures d\u00e9clar\u00e9es.<\/p>\n<p class=\"article__paragraph  \">Apr\u00e8s l\u2019attaque, le secr\u00e9taire d\u2019Etat am\u00e9ricain, Marco Rubio, a bl\u00e2m\u00e9 la gauche colombienne. \u00ab\u00a0Il s\u2019agit d\u2019une menace directe pour la d\u00e9mocratie et du r\u00e9sultat de la violente rh\u00e9torique de gauche \u00e9manant des plus hauts niveaux du gouvernement colombien\u00a0\u00bb, a-t-il estim\u00e9 dans un communiqu\u00e9, appelant le pr\u00e9sident Petro \u00e0 \u00ab\u00a0mod\u00e9rer sa rh\u00e9torique incendiaire et prot\u00e9ger les repr\u00e9sentants publics colombiens\u00a0\u00bb.<\/p>\n<p class=\"article__paragraph  \">Miguel Uribe est le petit-fils de Julio Cesar Turbay, pr\u00e9sident entre 1978 et 1982, et le fils de Diana Turbay, journaliste reconnue. Cette derni\u00e8re avait \u00e9t\u00e9 enlev\u00e9e par l\u2019ex-baron de la drogue Pablo Escobar, avant d\u2019\u00eatre tu\u00e9e lors d\u2019une op\u00e9ration militaire de sauvetage en\u00a01991. Miguel Uribe \u00e9tait s\u00e9nateur depuis 2022. Auparavant, il fut secr\u00e9taire du gouvernement de Bogota et conseiller municipal. Il avait \u00e9galement tent\u00e9 de conqu\u00e9rir la mairie en\u00a02019, sans succ\u00e8s. L\u2019attaque a raviv\u00e9 les craintes d\u2019un retour de la Colombie \u00e0 la violence des ann\u00e9es 1980 et 1990, lorsque meurtres politiques et attentats \u00e9taient monnaie courante.<\/p>\n<p>                                Lire aussi |  Article r\u00e9serv\u00e9 \u00e0 nos abonn\u00e9s  <a href=\"https:\/\/www.lemonde.fr\/international\/article\/2025\/06\/11\/la-colombie-en-proie-a-une-vague-de-violences_6612226_3210.html\" class=\"js-article-read-also catcher--favoris__link\" data-premium=\"1\" id=\"article-title-3426562\" rel=\"nofollow noopener\" target=\"_blank\">La Colombie en proie \u00e0 une vague de violences<\/a>    <\/p>\n<p>   Lire plus tard  <\/p>\n<p class=\"author__detail\">  Le Monde avec AFP  <\/p>\n<p>                     <script async src=\"\/\/www.instagram.com\/embed.js\"><\/script><\/p>\n","protected":false},"excerpt":{"rendered":"Une brochure montrant le s\u00e9nateur colombien Miguel Uribe Turbay, avec un drapeau national colombien drap\u00e9 sur son si\u00e8ge&hellip;\n","protected":false},"author":2,"featured_media":311591,"comment_status":"","ping_status":"","sticky":false,"template":"","format":"standard","meta":{"footnotes":""},"categories":[5],"tags":[11,1011,27,14,12,28],"class_list":{"0":"post-311590","1":"post","2":"type-post","3":"status-publish","4":"format-standard","5":"has-post-thumbnail","7":"category-international","8":"tag-actualites","9":"tag-fr","10":"tag-france","11":"tag-international","12":"tag-news","13":"tag-world"},"share_on_mastodon":{"url":"https:\/\/pubeurope.com\/@fr\/115010175256079232","error":""},"_links":{"self":[{"href":"https:\/\/www.europesays.com\/fr\/wp-json\/wp\/v2\/posts\/311590","targetHints":{"allow":["GET"]}}],"collection":[{"href":"https:\/\/www.europesays.com\/fr\/wp-json\/wp\/v2\/posts"}],"about":[{"href":"https:\/\/www.europesays.com\/fr\/wp-json\/wp\/v2\/types\/post"}],"author":[{"embeddable":true,"href":"https:\/\/www.europesays.com\/fr\/wp-json\/wp\/v2\/users\/2"}],"replies":[{"embeddable":true,"href":"https:\/\/www.europesays.com\/fr\/wp-json\/wp\/v2\/comments?post=311590"}],"version-history":[{"count":0,"href":"https:\/\/www.europesays.com\/fr\/wp-json\/wp\/v2\/posts\/311590\/revisions"}],"wp:featuredmedia":[{"embeddable":true,"href":"https:\/\/www.europesays.com\/fr\/wp-json\/wp\/v2\/media\/311591"}],"wp:attachment":[{"href":"https:\/\/www.europesays.com\/fr\/wp-json\/wp\/v2\/media?parent=311590"}],"wp:term":[{"taxonomy":"category","embeddable":true,"href":"https:\/\/www.europesays.com\/fr\/wp-json\/wp\/v2\/categories?post=311590"},{"taxonomy":"post_tag","embeddable":true,"href":"https:\/\/www.europesays.com\/fr\/wp-json\/wp\/v2\/tags?post=311590"}],"curies":[{"name":"wp","href":"https:\/\/api.w.org\/{rel}","templated":true}]}}