{"id":311603,"date":"2025-08-11T12:47:11","date_gmt":"2025-08-11T12:47:11","guid":{"rendered":"https:\/\/www.europesays.com\/fr\/311603\/"},"modified":"2025-08-11T12:47:11","modified_gmt":"2025-08-11T12:47:11","slug":"top-14-jai-encore-plus-faim-zach-mercer-est-a-toulon-mais-pas-pour-faire-de-la-figuration","status":"publish","type":"post","link":"https:\/\/www.europesays.com\/fr\/311603\/","title":{"rendered":"TOP 14. \u00a0\u00bbJ&rsquo;ai encore plus faim\u00a0\u00bb : Zach Mercer est \u00e0 Toulon, mais pas pour faire de la figuration"},"content":{"rendered":"<p>Du c\u00f4t\u00e9 de la rade, c&rsquo;est LE gros <a href=\"https:\/\/www.lerugbynistere.fr\/transferts\/\" ui-sref=\"app.category(categoryId: 10})\" alt=\"Transfert\" data-route=\"app.category\" data-param=\"categoryId\" data-id=\"10\" rel=\"nofollow noopener\" target=\"_blank\">transfert<\/a> de l&rsquo;\u00e9t\u00e9. <a href=\"https:\/\/www.lerugbynistere.fr\/fiches-joueurs\/facundo-isa.php\" ui-sref=\"app.player({playerId: 5144})\" alt=\"Facundo Isa\" data-route=\"app.player\" data-param=\"playerId\" data-id=\"5144\" rel=\"nofollow noopener\" target=\"_blank\">Facundo Isa<\/a>\u00a0partant, il fallait lui trouver un rempla\u00e7ant. <strong>Les dirigeants toulonnais se sont donc positionn\u00e9s sur <a href=\"https:\/\/www.lerugbynistere.fr\/fiches-joueurs\/zach-mercer.php\" ui-sref=\"app.player({playerId: 6716})\" alt=\"Zach Mercer\" data-route=\"app.player\" data-param=\"playerId\" data-id=\"6716\" rel=\"nofollow noopener\" target=\"_blank\">Zach Mercer<\/a><\/strong>, champion de <a href=\"https:\/\/www.lerugbynistere.fr\/equipes-nationales\/xv-de-france.php\" ui-sref=\"app.team({teamId: 65})\" alt=\"France\" data-route=\"app.team\" data-param=\"teamId\" data-id=\"65\" rel=\"nofollow noopener\" target=\"_blank\">France<\/a> en 2022 avec <a href=\"https:\/\/www.lerugbynistere.fr\/clubs\/mhrc-montpellier.php\" ui-sref=\"app.team({teamId: 36})\" alt=\"Montpellier\" data-route=\"app.team\" data-param=\"teamId\" data-id=\"36\" rel=\"nofollow noopener\" target=\"_blank\">Montpellier<\/a> et \u00e9lu meilleur joueur de la comp\u00e9tition \u00e0 la m\u00eame occasion.<\/p>\n<p>S&rsquo;il \u00e9tait retourn\u00e9 en <a href=\"https:\/\/www.lerugbynistere.fr\/equipes-nationales\/angleterre.php\" ui-sref=\"app.team({teamId: 58})\" alt=\"Angleterre\" data-route=\"app.team\" data-param=\"teamId\" data-id=\"58\" rel=\"nofollow noopener\" target=\"_blank\">Angleterre<\/a> ensuite, tentant de d\u00e9crocher une place avec le XV de la Rose, notamment pour la <a href=\"https:\/\/www.lerugbynistere.fr\/international\/coupe-du-monde-rugby\/\" ui-sref=\"app.competition({competitionId: 9})\" alt=\"Coupe du monde\" data-route=\"app.competition\" data-param=\"competitionId\" data-id=\"9\" rel=\"nofollow noopener\" target=\"_blank\">Coupe du monde<\/a> 2023, <strong>Mercer n&rsquo;a jamais \u00e9t\u00e9 sollicit\u00e9 par Steve Borthwick<\/strong>. C&rsquo;est d&rsquo;ailleurs apr\u00e8s sa non-s\u00e9lection au mondial que \u00ab\u00a0Bernard (Lema\u00eetre, pr\u00e9sident du RCT) [l]&rsquo;a contact\u00e9\u00a0\u00bb, confie-t-il \u00e0 <a href=\"https:\/\/www.varmatin.com\/rugby\/j-aurais-ete-dingue-de-ne-pas-signer-au-rct-zach-mercer-raconte-sa-signature-a-toulon-997588\" rel=\"nofollow noopener\" target=\"_blank\">Var Matin<\/a>.<\/p>\n<p><a class=\"inserer_lien_article\" href=\"https:\/\/www.lerugbynistere.fr\/videos\/rugby-video-tel-un-senior-au-milieu-de-juniors-faingaanuku-marche-sur-ses-adversaires-en-npc-1108251054.php\" data-id=\"45792\" data-route=\"app.article\" data-param=\"articleId\" ui-sref=\"app.article({articleId: 45792})\" alt=\"RUGBY. VID\u00c9O. Tel un s\u00e9nior au milieu de juniors, Fainga&#039;anuku marche sur ses adversaires en NPC\" title=\"RUGBY. VID\u00c9O. Tel un s\u00e9nior au milieu de juniors, Fainga&#039;anuku marche sur ses adversaires en NPC\" rel=\"nofollow noopener\" target=\"_blank\"><img decoding=\"async\" src=\"https:\/\/www.europesays.com\/fr\/wp-content\/uploads\/2025\/08\/faingaanuku-avec-tasman-11-08-25-2816.jpg\" alt=\"RUGBY. VID\u00c9O. Tel un s\u00e9nior au milieu de juniors, Fainga'anuku marche sur ses adversaires en NPC\"\/>RUGBY. VID\u00c9O. Tel un s\u00e9nior au milieu de juniors, Fainga&rsquo;anuku marche sur ses adversaires en NPC<\/a><\/p>\n<p>\u00ab\u00a0J&rsquo;aurais \u00e9t\u00e9 dingue de ne pas signer\u00a0\u00bb : le challenge RCT plut\u00f4t que MHR<\/p>\n<p>Son retour en France aurait donc pu se faire beaucoup plus t\u00f4t, mais, en tant qu&rsquo;homme loyal, Mercer souhaitait \u00ab\u00a0vivre pleinement\u00a0\u00bb ses 2 ann\u00e9es de contrat \u00e0 <a href=\"https:\/\/www.lerugbynistere.fr\/clubs\/gloucester.php\" ui-sref=\"app.team({teamId: 80})\" alt=\"Gloucester\" data-route=\"app.team\" data-param=\"teamId\" data-id=\"80\" rel=\"nofollow noopener\" target=\"_blank\">Gloucester<\/a>. <strong>Et comme \u00ab\u00a0le rugby fran\u00e7ais [lui] a manqu\u00e9\u00a0\u00bb, le troisi\u00e8me ligne a rapidement eu envie \u00ab\u00a0de revenir en France\u00a0\u00bb<\/strong>, lui qui n&rsquo;a jamais \u00e9t\u00e9 aussi fort que lors de son passage dans l&rsquo;Hexagone.<\/p>\n<p>Il aurait donc pu faire son retour dans l&rsquo;H\u00e9rault, l\u00e0 o\u00f9 il a tous ses rep\u00e8res. Mais Mercer ne fonctionne pas de cette mani\u00e8re. D&rsquo;abord, car, <strong>apr\u00e8s son aventure glorieuse au MHR, y revenir c&rsquo;est \u00ab\u00a0risquer que ce soit moins g\u00e9nial.\u00a0\u00bb<\/strong>\u00a0\u00c0 Montpellier aussi, \u00ab\u00a0le groupe a beaucoup chang\u00e9\u00a0\u00bb, apr\u00e8s avoir observ\u00e9 la rel\u00e9gation de tr\u00e8s pr\u00e8s.<\/p>\n<p><a class=\"inserer_lien_article\" href=\"https:\/\/www.lerugbynistere.fr\/news\/transfert-adieu-le-japon-cheslin-kolbe-va-t-il-retourner-au-pays-ou-en-top-14-1008251124.php\" data-id=\"45787\" data-route=\"app.article\" data-param=\"articleId\" ui-sref=\"app.article({articleId: 45787})\" alt=\"Transfert. Adieu le Japon, Cheslin Kolbe va-t-il retourner au pays ou en Top 14 ?\" title=\"Transfert. Adieu le Japon, Cheslin Kolbe va-t-il retourner au pays ou en Top 14 ?\" rel=\"nofollow noopener\" target=\"_blank\"><img decoding=\"async\" src=\"https:\/\/www.europesays.com\/fr\/wp-content\/uploads\/2025\/08\/1754916430_593_kolbe-club-10-08-25-5821.jpg\" alt=\"Transfert. Adieu le Japon, Cheslin Kolbe va-t-il retourner au pays ou en Top 14 ?\"\/>Transfert. Adieu le Japon, Cheslin Kolbe va-t-il retourner au pays ou en Top 14 ?<\/a><\/p>\n<p>Ensuite, car, Zach Mercer est aussi un homme de challenge, qui \u00ab\u00a0aime relever de nouveaux d\u00e9fis et d\u00e9couvrir une nouvelle culture\u00a0\u00bb. Et au vu des grands noms pass\u00e9s \u00e0 son poste au RCT (Isa, Parisse, Armitage, Masoe, Vermeulen),<strong> il \u00ab\u00a0aurait \u00e9t\u00e9 fou de ne pas signer\u00a0\u00bb, d\u00e9clare-t-il. Se mesurer \u00e0 ces joueurs est le genre de\u00a0challenge qu&rsquo;aime affronter Zach Mercer<\/strong>.<\/p>\n<p>Arriv\u00e9 \u00e0 Toulon bless\u00e9, mais \u00e9panoui<\/p>\n<p>Et si beaucoup se montrent pessimistes sur l&rsquo;arriv\u00e9e de Zach Mercer \u00e0 Toulon, c&rsquo;est en raison de ses m\u00e9saventures r\u00e9centes. <strong>Une non-s\u00e9lection avec le XV de la Rose, des performances moindres \u00e0 Gloucester et une blessure au genou<\/strong> contract\u00e9e\u00a0le 30 novembre dernier.<\/p>\n<p><strong>Depuis, il n&rsquo;a plus retrouv\u00e9 les terrains. Une longue p\u00e9riode sans rugby qu&rsquo;il voit presque comme une b\u00e9n\u00e9diction<\/strong>. Lui qui, depuis ses 18 ans, entre <a href=\"https:\/\/www.lerugbynistere.fr\/clubs\/bath.php\" ui-sref=\"app.team({teamId: 79})\" alt=\"Bath\" data-route=\"app.team\" data-param=\"teamId\" data-id=\"79\" rel=\"nofollow noopener\" target=\"_blank\">Bath<\/a>, Montpellier et Gloucester, n&rsquo;a \u00ab\u00a0jamais pu [se] mettre sur le bord de la route\u00a0\u00bb, accueille cette blessure avec s\u00e9r\u00e9nit\u00e9.<\/p>\n<p class=\"citation\">Je sens comme un renouveau. Dans la t\u00eate, dans le corps. Je vais m\u00eame aller plus loin, mais avec un peu de recul, je pense que la blessure au genou m&rsquo;a fait du bien. [&#8230;] L\u00e0, j&rsquo;ai du frais, et j&rsquo;ai plus faim encore.<\/p>\n<p><a class=\"inserer_lien_article\" href=\"https:\/\/www.lerugbynistere.fr\/news\/sil-mappelle-jy-vais-sans-hesiter-tuifua-les-bleus-dans-le-coeur-les-all-blacks-en-tete-0708251609.php\" data-id=\"45770\" data-route=\"app.article\" data-param=\"articleId\" ui-sref=\"app.article({articleId: 45770})\" alt=\"&#039;&#039;S&#039;il m&#039;appelle, j&#039;y vais sans h\u00e9siter&#039;&#039; : Tuifua, les Bleus dans le c\u0153ur, les All Blacks en t\u00eate\" title=\"&#039;&#039;S&#039;il m&#039;appelle, j&#039;y vais sans h\u00e9siter&#039;&#039; : Tuifua, les Bleus dans le c\u0153ur, les All Blacks en t\u00eate\" rel=\"nofollow noopener\" target=\"_blank\"><img decoding=\"async\" src=\"https:\/\/www.europesays.com\/fr\/wp-content\/uploads\/2025\/08\/je-ne-veux-pas-avoir-de-regrets-patrick-tuifua-tourne-le-dos-au-top-14-un-pari-audacieux-06-11-24-60.jpeg\" alt=\"''S'il m'appelle, j'y vais sans h\u00e9siter'' : Tuifua, les Bleus dans le c\u0153ur, les All Blacks en t\u00eate\"\/>\u00a0\u00bbS&rsquo;il m&rsquo;appelle, j&rsquo;y vais sans h\u00e9siter\u00a0\u00bb : Tuifua, les Bleus dans le c\u0153ur, les All Blacks en t\u00eate<\/a><\/p>\n<p>Ne prenant pas son arriv\u00e9e \u00e0 Toulon \u00e0 la l\u00e9g\u00e8re, <strong>Zach Mercer profite des installations du RCT depuis le d\u00e9but du mois de juillet, alors que le groupe n&rsquo;a repris que le 28 juillet<\/strong>. Un retour anticip\u00e9, afin d&rsquo;observer son genou avec les kin\u00e9s et de s&rsquo;assurer qu&rsquo;il soit pr\u00eat pour la reprise, le 6 septembre.\u00a0<\/p>\n<p>Pendant cette p\u00e9riode, il a notamment pu \u00ab\u00a0passer un temps pr\u00e9cieux avec [ses] enfants\u00a0\u00bb, chose qui \u00ab\u00a0n&rsquo;aurait jamais \u00e9t\u00e9 possible sans [sa] blessure\u00a0\u00bb, poursuit-il. <strong>Maintenant ressourc\u00e9, de retour de cette blessure, Zach Mercer en est m\u00eame \u00ab\u00a0affam\u00e9\u00a0\u00bb et \u00ab\u00a0excit\u00e9 de revenir.\u00a0\u00bb<\/strong>\u00a0\u00c7a tombe bien, <strong>Toulon se d\u00e9placera \u00e0 Montpellier pour la premi\u00e8re journ\u00e9e du Top 14<\/strong>. Comme un symbole pour Mercer, qui aura \u00e0 c\u0153ur\u00a0de performer dans son ancien jardin.<\/p>\n","protected":false},"excerpt":{"rendered":"Du c\u00f4t\u00e9 de la rade, c&rsquo;est LE gros transfert de l&rsquo;\u00e9t\u00e9. Facundo Isa\u00a0partant, il fallait lui trouver un&hellip;\n","protected":false},"author":2,"featured_media":311604,"comment_status":"","ping_status":"","sticky":false,"template":"","format":"standard","meta":{"footnotes":""},"categories":[9619],"tags":[1111,11,1777,674,1011,27,12,882,25,2310],"class_list":{"0":"post-311603","1":"post","2":"type-post","3":"status-publish","4":"format-standard","5":"has-post-thumbnail","7":"category-toulon","8":"tag-actu","9":"tag-actualites","10":"tag-eu","11":"tag-europe","12":"tag-fr","13":"tag-france","14":"tag-news","15":"tag-provence-alpes-cote-dazur","16":"tag-republique-francaise","17":"tag-toulon"},"share_on_mastodon":{"url":"https:\/\/pubeurope.com\/@fr\/115010210716875369","error":""},"_links":{"self":[{"href":"https:\/\/www.europesays.com\/fr\/wp-json\/wp\/v2\/posts\/311603","targetHints":{"allow":["GET"]}}],"collection":[{"href":"https:\/\/www.europesays.com\/fr\/wp-json\/wp\/v2\/posts"}],"about":[{"href":"https:\/\/www.europesays.com\/fr\/wp-json\/wp\/v2\/types\/post"}],"author":[{"embeddable":true,"href":"https:\/\/www.europesays.com\/fr\/wp-json\/wp\/v2\/users\/2"}],"replies":[{"embeddable":true,"href":"https:\/\/www.europesays.com\/fr\/wp-json\/wp\/v2\/comments?post=311603"}],"version-history":[{"count":0,"href":"https:\/\/www.europesays.com\/fr\/wp-json\/wp\/v2\/posts\/311603\/revisions"}],"wp:featuredmedia":[{"embeddable":true,"href":"https:\/\/www.europesays.com\/fr\/wp-json\/wp\/v2\/media\/311604"}],"wp:attachment":[{"href":"https:\/\/www.europesays.com\/fr\/wp-json\/wp\/v2\/media?parent=311603"}],"wp:term":[{"taxonomy":"category","embeddable":true,"href":"https:\/\/www.europesays.com\/fr\/wp-json\/wp\/v2\/categories?post=311603"},{"taxonomy":"post_tag","embeddable":true,"href":"https:\/\/www.europesays.com\/fr\/wp-json\/wp\/v2\/tags?post=311603"}],"curies":[{"name":"wp","href":"https:\/\/api.w.org\/{rel}","templated":true}]}}