{"id":311607,"date":"2025-08-11T12:49:11","date_gmt":"2025-08-11T12:49:11","guid":{"rendered":"https:\/\/www.europesays.com\/fr\/311607\/"},"modified":"2025-08-11T12:49:11","modified_gmt":"2025-08-11T12:49:11","slug":"mhsc-red-kevin-diaz-after-rmc-montpellier-va-etre-une-equipe-a-abattre","status":"publish","type":"post","link":"https:\/\/www.europesays.com\/fr\/311607\/","title":{"rendered":"[MHSC-RED] K\u00e9vin Diaz (After RMC) : \u201cMontpellier va \u00eatre une \u00e9quipe \u00e0 abattre\u201d"},"content":{"rendered":"<p>Dans l\u2019After Foot, sur RMC, K\u00e9vin Diaz et Damien Perquis sont revenus sur la premi\u00e8re journ\u00e9e de Ligue 2 et plus largement sur ce que pourrait \u00eatre la saison du MHSC.<\/p>\n<p>Un supporter montpelli\u00e9rain a d\u2019abord \u00e9voqu\u00e9 ses inqui\u00e9tudes par rapport au jeu pr\u00f4n\u00e9 par Zoumana Camara au regard de l\u2019impact physique de la Ligue 2. Un avis partag\u00e9 par Damien Perquis m\u00eame s\u2019il avance que l\u2019on peut bien jouer en Ligue 2 et \u00eatre efficace.<\/p>\n<p>\u00ab Sur la Ligue 2, je suis d\u2019accord, il y\u2019 a de l\u2019intensit\u00e9, du duel. C\u2019est un championnat compl\u00e8tement diff\u00e9rent de la Ligue 1. Par contre, il te faut un buteur qui soit capable de mettre vingt ou vingt cinq buts pour monter, ils l\u2019ont avec Alexandre Mendy. Il va falloir qu\u2019il soit servi, un peu le contraire de l\u2019ann\u00e9e derni\u00e8re \u00e0 Caen o\u00f9 il n\u2019a pas \u00e9t\u00e9 servi et on a vu la saison de Caen. Pouvoir jouer en Ligue 2, des \u00e9quipes sont mont\u00e9es en jouant. Jean Marc Furlan faisait tr\u00e8s bien jouer ses \u00e9quipes en Ligue 2 et \u00e9tait capable de les faire monter. Tout d\u00e9pend ce que tu donnes dans l\u2019animation et pas forc\u00e9ment avoir une possession st\u00e9rile. \u00bb<\/p>\n<p>Si K\u00e9vin Diaz place Saint Etienne dans les favoris, c\u2019est plus nuanc\u00e9 pour Montpellier. Par ailleurs, le statut de favori ne va pas les aider.<\/p>\n<p>\u00ab \u00c0 Montpellier, j\u2019ai l\u2019impression que c\u2019est plus tumultueux. (T\u00e9ji) Savanier est encore l\u00e0\u2026 La saison de Montpellier a \u00e9t\u00e9 quand m\u00eame \u00e9t\u00e9 traumatisante. Il faut se rendre compte que lorsqu\u2019un club descend, le traumatisme est \u00e9norme surtout que Montpellier, cela faisait bon nombre d\u2019ann\u00e9es qu\u2019ils \u00e9taient en Ligue. Avec cette saison cauchemardesque, l\u2019\u00e9limination en coupe de France, je pense qu\u2019ils vont peut-\u00eatre avoir du mal \u00e0 s\u2019en remettre. (\u2026) Montpellier va \u00eatre une \u00e9quipe \u00e0 abattre. Les \u00e9quipes comme Sain-Etienne et Montpellier ont tout \u00e0 perdre. C\u2019est comme le PSG et l\u2019OM. Les \u00e9quipes veulent faire un gros match, se montrer car tu sais qu\u2019il y encore des salaires de Ligue 1 en face, et c\u2019est beaucoup plus dur pour ces clubs l\u00e0.\u00bb<\/p>\n","protected":false},"excerpt":{"rendered":"Dans l\u2019After Foot, sur RMC, K\u00e9vin Diaz et Damien Perquis sont revenus sur la premi\u00e8re journ\u00e9e de Ligue&hellip;\n","protected":false},"author":2,"featured_media":311608,"comment_status":"","ping_status":"","sticky":false,"template":"","format":"standard","meta":{"footnotes":""},"categories":[9599],"tags":[328,1111,11,1777,674,1011,27,44875,2208,12,2680,25],"class_list":{"0":"post-311607","1":"post","2":"type-post","3":"status-publish","4":"format-standard","5":"has-post-thumbnail","7":"category-montpellier","8":"tag-a-la-une","9":"tag-actu","10":"tag-actualites","11":"tag-eu","12":"tag-europe","13":"tag-fr","14":"tag-france","15":"tag-mhsc-red","16":"tag-montpellier","17":"tag-news","18":"tag-occitanie","19":"tag-republique-francaise"},"share_on_mastodon":{"url":"https:\/\/pubeurope.com\/@fr\/115010218507865108","error":""},"_links":{"self":[{"href":"https:\/\/www.europesays.com\/fr\/wp-json\/wp\/v2\/posts\/311607","targetHints":{"allow":["GET"]}}],"collection":[{"href":"https:\/\/www.europesays.com\/fr\/wp-json\/wp\/v2\/posts"}],"about":[{"href":"https:\/\/www.europesays.com\/fr\/wp-json\/wp\/v2\/types\/post"}],"author":[{"embeddable":true,"href":"https:\/\/www.europesays.com\/fr\/wp-json\/wp\/v2\/users\/2"}],"replies":[{"embeddable":true,"href":"https:\/\/www.europesays.com\/fr\/wp-json\/wp\/v2\/comments?post=311607"}],"version-history":[{"count":0,"href":"https:\/\/www.europesays.com\/fr\/wp-json\/wp\/v2\/posts\/311607\/revisions"}],"wp:featuredmedia":[{"embeddable":true,"href":"https:\/\/www.europesays.com\/fr\/wp-json\/wp\/v2\/media\/311608"}],"wp:attachment":[{"href":"https:\/\/www.europesays.com\/fr\/wp-json\/wp\/v2\/media?parent=311607"}],"wp:term":[{"taxonomy":"category","embeddable":true,"href":"https:\/\/www.europesays.com\/fr\/wp-json\/wp\/v2\/categories?post=311607"},{"taxonomy":"post_tag","embeddable":true,"href":"https:\/\/www.europesays.com\/fr\/wp-json\/wp\/v2\/tags?post=311607"}],"curies":[{"name":"wp","href":"https:\/\/api.w.org\/{rel}","templated":true}]}}