{"id":311609,"date":"2025-08-11T12:50:14","date_gmt":"2025-08-11T12:50:14","guid":{"rendered":"https:\/\/www.europesays.com\/fr\/311609\/"},"modified":"2025-08-11T12:50:14","modified_gmt":"2025-08-11T12:50:14","slug":"de-jeunes-cambrioleurs-arretes-en-flagrant-delit-avec-deux-oeufs-de-type-faberge","status":"publish","type":"post","link":"https:\/\/www.europesays.com\/fr\/311609\/","title":{"rendered":"De jeunes cambrioleurs arr\u00eat\u00e9s en flagrant d\u00e9lit avec deux oeufs de type Faberg\u00e9"},"content":{"rendered":"<p>La Police Nationale est intervenue dans la nuit de vendredi \u00e0 samedi 9 ao\u00fbt pour un cambriolage en cours dans une propri\u00e9t\u00e9 de l&rsquo;agglom\u00e9ration rouennaise. Ils ont arr\u00eat\u00e9 dans leur fuite 3 gar\u00e7ons d&rsquo;une vingtaine d&rsquo;ann\u00e9es. L&rsquo;un d&rsquo;eux portait sur lui des objets pr\u00e9cieux.<\/p>\n<p>\n      L\u2019actu des r\u00e9gions\n    <\/p>\n<p>\n      Chaque jour, un tour d\u2019horizon des principales infos de toutes les r\u00e9gions.\n    <\/p>\n<p>    France T\u00e9l\u00e9visions utilise votre adresse e-mail afin de vous envoyer la newsletter \u00ab\u00a0L\u2019actu des r\u00e9gions\u00a0\u00bb. Vous pouvez vous d\u00e9sinscrire \u00e0 tout moment via le lien en bas de cette newsletter. <a target=\"_blank\" href=\"https:\/\/www.francetelevisions.fr\/groupe\/confidentialite\/politique-de-confidentialite\/politique-de-confidentialite-de-france-televisions-6503\" rel=\"nofollow noopener\">Notre politique de confidentialit\u00e9<\/a><\/p>\n<p>L&rsquo;alerte pour vol avec effraction a \u00e9t\u00e9 donn\u00e9e \u00e0 1h10 du matin dans la nuit de vendredi \u00e0 samedi 9 ao\u00fbt. La Police Nationale est intervenue dans une propri\u00e9t\u00e9 \u00e0 Cl\u00e9on pr\u00e8s de Rouen.<\/p>\n<p>Des voisins avaient entendu des bruits de vitres bris\u00e9es. Les policiers ont \u00ab\u00a0cueilli\u00a0\u00bb au pied du mur 3 jeunes qui tentaient de s&rsquo;enfuir en s&rsquo;accrochant au portail de la grande maison.\u00a0<\/p>\n<p>L&rsquo;un des cambrioleurs \u00e9tait en possession de fl\u00e8ches de comp\u00e9tition sportive. Il avait aussi deux oeufs de type Faberg\u00e9, artisanat d&rsquo;art de joaillerie et une statuette de chat bleu. Le jeune homme a d\u00e9clar\u00e9 aux policiers qu&rsquo;il les avait pris car il les trouvait \u00ab\u00a0jolis\u00a0\u00bb.\u00a0<\/p>\n<p>Les trois hommes \u00e2g\u00e9s de 20, 22 et 23 ans ont \u00e9t\u00e9 mis en garde \u00e0 vue pour vol aggrav\u00e9 (car commis en r\u00e9union).<\/p>\n","protected":false},"excerpt":{"rendered":"La Police Nationale est intervenue dans la nuit de vendredi \u00e0 samedi 9 ao\u00fbt pour un cambriolage en&hellip;\n","protected":false},"author":2,"featured_media":311610,"comment_status":"","ping_status":"","sticky":false,"template":"","format":"standard","meta":{"footnotes":""},"categories":[9587],"tags":[1111,11,1777,674,1011,27,12,5161,25,9590],"class_list":{"0":"post-311609","1":"post","2":"type-post","3":"status-publish","4":"format-standard","5":"has-post-thumbnail","7":"category-rouen","8":"tag-actu","9":"tag-actualites","10":"tag-eu","11":"tag-europe","12":"tag-fr","13":"tag-france","14":"tag-news","15":"tag-normandie","16":"tag-republique-francaise","17":"tag-rouen"},"share_on_mastodon":{"url":"https:\/\/pubeurope.com\/@fr\/115010222323423610","error":""},"_links":{"self":[{"href":"https:\/\/www.europesays.com\/fr\/wp-json\/wp\/v2\/posts\/311609","targetHints":{"allow":["GET"]}}],"collection":[{"href":"https:\/\/www.europesays.com\/fr\/wp-json\/wp\/v2\/posts"}],"about":[{"href":"https:\/\/www.europesays.com\/fr\/wp-json\/wp\/v2\/types\/post"}],"author":[{"embeddable":true,"href":"https:\/\/www.europesays.com\/fr\/wp-json\/wp\/v2\/users\/2"}],"replies":[{"embeddable":true,"href":"https:\/\/www.europesays.com\/fr\/wp-json\/wp\/v2\/comments?post=311609"}],"version-history":[{"count":0,"href":"https:\/\/www.europesays.com\/fr\/wp-json\/wp\/v2\/posts\/311609\/revisions"}],"wp:featuredmedia":[{"embeddable":true,"href":"https:\/\/www.europesays.com\/fr\/wp-json\/wp\/v2\/media\/311610"}],"wp:attachment":[{"href":"https:\/\/www.europesays.com\/fr\/wp-json\/wp\/v2\/media?parent=311609"}],"wp:term":[{"taxonomy":"category","embeddable":true,"href":"https:\/\/www.europesays.com\/fr\/wp-json\/wp\/v2\/categories?post=311609"},{"taxonomy":"post_tag","embeddable":true,"href":"https:\/\/www.europesays.com\/fr\/wp-json\/wp\/v2\/tags?post=311609"}],"curies":[{"name":"wp","href":"https:\/\/api.w.org\/{rel}","templated":true}]}}