{"id":311611,"date":"2025-08-11T12:55:12","date_gmt":"2025-08-11T12:55:12","guid":{"rendered":"https:\/\/www.europesays.com\/fr\/311611\/"},"modified":"2025-08-11T12:55:12","modified_gmt":"2025-08-11T12:55:12","slug":"il-est-hors-sol-denonce-ce-policier","status":"publish","type":"post","link":"https:\/\/www.europesays.com\/fr\/311611\/","title":{"rendered":"\u00ab\u00a0Il est hors-sol\u00a0\u00bb, d\u00e9nonce ce policier"},"content":{"rendered":"<p>Le maire \u00e9cologiste de Grenoble, \u00c9ric Piolle, r\u00e9it\u00e8re son intention de \u00ab\u00a0casser les ghettos de riche\u00a0\u00bb en renforcant la construction de logements sociaux. \u00ab\u00a0Il n\u2019a pas la r\u00e9alit\u00e9 du terrain de Grenoble\u00a0\u00bb, d\u00e9nonce ce lundi sur RMC Guy, policier grenoblois. \u00ab\u00a0De la mixit\u00e9 sociale, il y en a toujours eu. Des quartiers, il y en a. Je ne vois pas ce que \u00e7a va apporter de plus.\u00a0\u00bb<\/p>\n<p>\u00ab\u00a0Ce que nous, nous cherchons \u00e0 faire, c\u2019est casser les ghettos. Mais les ghettos, il faut se rappeler que c\u2019est surtout des ghettos de riches! Le probl\u00e8me de la ville de <a href=\"https:\/\/rmc.bfmtv.com\/actualites\/police-justice\/faits-divers\/a-grenoble-la-police-invite-les-riverains-a-denoncer-les-dealers-via-qr-code-c-est-un-devoir-civique_AV-202506090353.html\" title=\"A Grenoble, la police invite les riverains \u00e0 d\u00e9noncer les dealers via QR Code: &quot;C&#039;est un devoir civique&quot;\" class=\"internal_link\" rel=\"nofollow noopener\" target=\"_blank\">Grenoble<\/a>, ce n\u2019est pas la diversit\u00e9 extraordinaire et stimulante qu\u2019il y a \u00e0 La Villeneuve, mais ces espaces o\u00f9 il n\u2019y a pas de logements sociaux du tout\u00a0\u00bb, d\u00e9clarait le 31 juillet dans <a href=\"https:\/\/www.ledauphine.com\/politique\/2025\/07\/31\/isere-grenoble-eric-piolle-nous-cherchons-a-casser-les-ghettos-les-ghettos-de-riches-surtout\" target=\"_blank\" class=\"external_link\" rel=\"nofollow noopener\">Le Dauphin\u00e9 Lib\u00e9r\u00e9<\/a> le maire de Grenoble, <a href=\"https:\/\/rmc.bfmtv.com\/actualites\/societe\/transports\/zfe-menacees-eric-piolle-plaide-pour-leur-maintien-et-veut-un-accompagnement-de-l-etat-avec-equite_AV-202504090284.html\" title=\"ZFE menac\u00e9es: Eric Piolle plaide pour leur maintien et veut un accompagnement de l&#039;Etat avec &quot;\u00e9quit\u00e9&quot;\" class=\"internal_link\" rel=\"nofollow noopener\" target=\"_blank\">Eric Piolle<\/a>.<\/p>\n<p>Des propos assum\u00e9s par l&rsquo;\u00e9dile \u00e9cologiste, celui-ci ayant r\u00e9affirm\u00e9, mercredi dernier au micro de <a href=\"https:\/\/www.rtl.fr\/actu\/politique\/narcotrafic-ou-est-le-plan-de-lutte-contre-la-drogue-de-bruno-retailleau-s-interroge-eric-piolle-sur-rtl-7900528371\" target=\"_blank\" class=\"external_link\" rel=\"nofollow noopener\">RTL<\/a>, qu&rsquo;il visait \u00e0 ce que la ville dispose de 30% de logements sociaux. Grenoble a atteint fin 2024 le seuil de 25%, impos\u00e9 par la loi SRU (solidarit\u00e9 et renouvellement urbain), contre 21,7% \u00e0 son arriv\u00e9e, en 2014, comme le rappelle <a href=\"https:\/\/www.liberation.fr\/politique\/45-de-logements-sociaux-eric-piolle-persiste-et-signe-dans-sa-croisade-contre-les-ghettos-de-riches-20250806_SGTRDW6ZHNHV3K22WTY4PQX26U\/?redirected=1\" target=\"_blank\" class=\"external_link\" rel=\"nofollow noopener\">Lib\u00e9ration<\/a>.<\/p>\n<p><img decoding=\"async\" src=\"https:\/\/www.europesays.com\/fr\/wp-content\/uploads\/2025\/06\/principale-178_2.jpg\"  alt=\"Grenoble : favoriser la mixit\u00e9 sociale ? - 11\/08\" title=\"Grenoble : favoriser la mixit\u00e9 sociale ? - 11\/08\"\/>Grenoble : favoriser la mixit\u00e9 sociale ? &#8211; 11\/08Eric Piolle tacle Bruno Retailleau sur la lutte contre le trafic de stup\u00e9fiants<\/p>\n<p>Eric Piolle, maire\u00a0les \u00c9cologistes de Grenoble, pointe du doigt sur RTL cette d\u00e9claration. \u00ab\u00a0Il le d\u00e9nonce, mais il est en charge de la lutte. Donc, o\u00f9 est son plan de lutte contre la drogue ?\u00a0\u00bb, s&rsquo;interroge-t-il.<\/p>\n<p>Sur RTL, le maire a aussi point\u00e9 du doigt le ministre de l&rsquo;Int\u00e9rieur <a href=\"https:\/\/rmc.bfmtv.com\/actualites\/police-justice\/assomption-bruno-retailleau-appelle-a-un-renforcement-de-la-protection-des-lieux-de-culte-chretiens_AN-202508090175.html\" title=\"Assomption: Bruno Retailleau appelle \u00e0 un renforcement de la protection des lieux de culte chr\u00e9tiens\" class=\"internal_link\" rel=\"nofollow noopener\" target=\"_blank\">Bruno Retailleau<\/a>: \u00ab\u00a0On essaye de lutter contre les trafiquants, mais en fait, on voit une mont\u00e9e de la violence un peu partout dans le pays. On voit maintenant des communes moyennes, des communes rurales qui sont touch\u00e9es non seulement par la consommation mais aussi par le trafic\u00a0\u00bb, a fustig\u00e9 Eric Piolle.<\/p>\n<blockquote class=\"embed embed_quote\"><p>\u00ab\u00a0Faudra qu\u2019on me les montre, les ghettos de riches\u00a0\u00bb, raille Guy, oolicier<\/p><\/blockquote>\n<p>Des propos incompr\u00e9hensibles pour Guy, policier grenoblois. \u00ab\u00a0Je r\u00e9agis comme la plupart des Grenoblois : ce monsieur est compl\u00e8tement hors-sol, il n\u2019a pas la r\u00e9alit\u00e9 du terrain de Grenoble\u00a0\u00bb, a-t-il fait savoir ce lundi au micro des <a href=\"https:\/\/rmc.bfmtv.com\/replay-emissions\/les-grandes-gueules\/\" target=\"_blank\" class=\"external_link\" rel=\"nofollow noopener\">Grandes Gueules<\/a>. \u00ab\u00a0De la mixit\u00e9 sociale, il y en a toujours eu. Des quartiers, il y en a. Je ne vois pas ce que \u00e7a va apporter de plus pour Grenoble.\u00a0\u00bb<\/p>\n<p>\u00ab\u00a0La d\u00e9linquance et la p\u00e8gre augmentent \u00e0 Grenoble\u00a0\u00bb<\/p>\n<p>\u00ab\u00a0Ce que je vois, c\u2019est la d\u00e9linquance des quartiers, le trafic de stup\u00e9fiants omnipr\u00e9sent, la grosse d\u00e9linquance, la grosse p\u00e8gre et la mafia qui ne cessent d\u2019augmenter\u00a0\u00bb, poursuit Guy. \u00ab\u00a0Disons que pendant le mandat de Piolle, \u00e7a s\u2019est acc\u00e9l\u00e9r\u00e9. Il a voulu faire de Grenoble la capitale europ\u00e9enne de l\u2019\u00e9cologie\u2026 On voit les r\u00e9sultats, en fermant les yeux sur du client\u00e9lisme\u00a0\u00bb, accuse-t-il.<\/p>\n<p>A propos des \u00ab\u00a0ghettos de riche\u00a0\u00bb, \u00c9ric Piolle n&rsquo;a pas mentionn\u00e9 de quartiers pr\u00e9cis. \u00ab\u00a0ll y a quelques poches dans l\u2019hypercentre, il y a quelques poches \u00e0 l\u2019\u00e9chelle grenobloise dans certains quartiers, mais il y en assez peu\u00a0\u00bb, a-t-il conc\u00e9d\u00e9 sur RTL.<\/p>\n","protected":false},"excerpt":{"rendered":"Le maire \u00e9cologiste de Grenoble, \u00c9ric Piolle, r\u00e9it\u00e8re son intention de \u00ab\u00a0casser les ghettos de riche\u00a0\u00bb en renforcant&hellip;\n","protected":false},"author":2,"featured_media":311612,"comment_status":"","ping_status":"","sticky":false,"template":"","format":"standard","meta":{"footnotes":""},"categories":[9566],"tags":[1111,11,2430,1777,674,1011,27,2731,12,25],"class_list":{"0":"post-311611","1":"post","2":"type-post","3":"status-publish","4":"format-standard","5":"has-post-thumbnail","7":"category-grenoble","8":"tag-actu","9":"tag-actualites","10":"tag-auvergne-rhone-alpes","11":"tag-eu","12":"tag-europe","13":"tag-fr","14":"tag-france","15":"tag-grenoble","16":"tag-news","17":"tag-republique-francaise"},"share_on_mastodon":{"url":"https:\/\/pubeurope.com\/@fr\/115010242153373961","error":""},"_links":{"self":[{"href":"https:\/\/www.europesays.com\/fr\/wp-json\/wp\/v2\/posts\/311611","targetHints":{"allow":["GET"]}}],"collection":[{"href":"https:\/\/www.europesays.com\/fr\/wp-json\/wp\/v2\/posts"}],"about":[{"href":"https:\/\/www.europesays.com\/fr\/wp-json\/wp\/v2\/types\/post"}],"author":[{"embeddable":true,"href":"https:\/\/www.europesays.com\/fr\/wp-json\/wp\/v2\/users\/2"}],"replies":[{"embeddable":true,"href":"https:\/\/www.europesays.com\/fr\/wp-json\/wp\/v2\/comments?post=311611"}],"version-history":[{"count":0,"href":"https:\/\/www.europesays.com\/fr\/wp-json\/wp\/v2\/posts\/311611\/revisions"}],"wp:featuredmedia":[{"embeddable":true,"href":"https:\/\/www.europesays.com\/fr\/wp-json\/wp\/v2\/media\/311612"}],"wp:attachment":[{"href":"https:\/\/www.europesays.com\/fr\/wp-json\/wp\/v2\/media?parent=311611"}],"wp:term":[{"taxonomy":"category","embeddable":true,"href":"https:\/\/www.europesays.com\/fr\/wp-json\/wp\/v2\/categories?post=311611"},{"taxonomy":"post_tag","embeddable":true,"href":"https:\/\/www.europesays.com\/fr\/wp-json\/wp\/v2\/tags?post=311611"}],"curies":[{"name":"wp","href":"https:\/\/api.w.org\/{rel}","templated":true}]}}