{"id":311613,"date":"2025-08-11T12:56:12","date_gmt":"2025-08-11T12:56:12","guid":{"rendered":"https:\/\/www.europesays.com\/fr\/311613\/"},"modified":"2025-08-11T12:56:12","modified_gmt":"2025-08-11T12:56:12","slug":"cest-quoi-cet-impressionnant-batiment-sorti-de-terre-dans-la-zone-dactivite-de-pace","status":"publish","type":"post","link":"https:\/\/www.europesays.com\/fr\/311613\/","title":{"rendered":"c&rsquo;est quoi cet impressionnant b\u00e2timent sorti de terre dans la zone d&rsquo;activit\u00e9 de Pac\u00e9\u00a0?"},"content":{"rendered":"<p>            Par<br \/>\n        <strong><br \/>\n            <a href=\"https:\/\/actu.fr\/auteur\/clemence-pays02-actu-fr\" title=\"Consulter tous les articles de Cl\u00e9mence Pays\" target=\"_blank\" rel=\"noopener\">Cl\u00e9mence Pays<\/a><br \/>\n        <\/strong><\/p>\n<p>        Publi\u00e9 le<\/p>\n<p>            11 ao\u00fbt 2025 \u00e0 14h05        <\/p>\n<p>Un impressionnant b\u00e2timent s\u2019est dress\u00e9 au rond-point du Ponant, \u00e0 <a href=\"https:\/\/actu.fr\/bretagne\/pace_35210\" target=\"_blank\" rel=\"noopener\">Pac\u00e9<\/a>. Ce mastodonte \u00e0 la forme triangulaire a commenc\u00e9 \u00e0 pointer le bout de son nez <strong>en mai\u00a02024.<\/strong> En cet \u00e9t\u00e9 2025, le projet est bien avanc\u00e9 et les <strong>deux \u00e9l\u00e9ments principaux ont \u00e9t\u00e9 livr\u00e9s.<\/strong> Mais alors qu\u2019est-ce qui se cache derri\u00e8re cette fa\u00e7ade anthracite\u2009? R\u00e9ponse avec <strong>David Prime,<\/strong> \u00e0 l\u2019origine de ce projet.<\/p>\n<p>Un immeuble de trois \u00e9tages<\/p>\n<p class=\" wall-content\">Cette construction de <strong>deux \u00e9tages<\/strong> a \u00e9t\u00e9 imagin\u00e9e pour accueillir <strong>diff\u00e9rentes activit\u00e9s.<\/strong> La premi\u00e8re, qui a donn\u00e9 vie au projet est le <strong>garage automobile<\/strong> g\u00e9r\u00e9 par David Prime et install\u00e9 \u00e0 Pac\u00e9 depuis de nombreuses ann\u00e9es.<\/p>\n<p class=\" wall-content\">\u00ab\u2009En 2020, Citro\u00ebn nous a menac\u00e9 d\u2019enlever le panneau si on ne se mettait pas aux normes, se souvient le g\u00e9rant du <strong>Garage Guillet<\/strong>. Apr\u00e8s le Covid, j\u2019ai trouv\u00e9 un terrain pour construire un garage. Et puis finalement, c\u2019est moi qui aie l\u00e2ch\u00e9 Citro\u00ebn.\u2009\u00bb Il maintient toutefois son projet de d\u00e9m\u00e9nager son garage, actuellement situ\u00e9 au Pont de Pac\u00e9, \u00e0 proximit\u00e9 des ZAC des Touches et de la Giraudais, o\u00f9 il a donc achet\u00e9 un terrain.<\/p>\n<p>    <img   decoding=\"async\" loading=\"lazy\" src=\"https:\/\/www.europesays.com\/fr\/wp-content\/uploads\/2025\/08\/batiment-construction-d29-pace-rennes-960x640.jpeg\" alt=\"Une rampe permet aux v\u00e9hicules de rejoindre le parking de la salle de sport Gigafit, au premier \u00e9tage.\" width=\"960\" height=\"640\"\/><br \/>\n    Une rampe permet aux v\u00e9hicules de rejoindre le parking de la salle de sport Gigafit, au premier \u00e9tage. (\u00a9Cl\u00e9mence Pays\/actu Rennes)<\/p>\n<p class=\" wall-content\">\u00ab\u2009Si j\u2019avais construit uniquement le garage, on aurait \u00e9t\u00e9 <strong>trop bas<\/strong> et \u00e9cras\u00e9s par rapport aux b\u00e2timents autour, selon l\u2019architecte. On a donc d\u00e9cid\u00e9 de faire un b\u00e2timent sur <strong>trois niveaux\u2009\u00bb,<\/strong> explique David Prime.<\/p>\n<p class=\" wall-content\">En fin d\u2019ann\u00e9e 2024, son <strong>ossature sombre<\/strong> longeait la d\u00e9partementale 29. Une fa\u00e7ade d\u00e9sormais \u00e9claircie avec <strong>l\u2019ajout d\u2019un d\u00e9cor,<\/strong> reprenant la forme triangulaire, gris clair et \u00e9cru. Une id\u00e9e de l\u2019agence <a href=\"https:\/\/www.antoinemassinon.fr\/\" target=\"_blank\" rel=\"noopener\">AMA Architecte<\/a> bas\u00e9e \u00e0 Saint-Jacques-de-la-Lande. \u00ab\u2009On a l\u2019impression que le b\u00e2timent a toujours exist\u00e9, cela donne un c\u00f4t\u00e9 <strong>moderne<\/strong> et futuriste\u2009\u00bb, se r\u00e9jouit David Prime.<\/p>\n<p>Un b\u00e2timent multifonction<\/p>\n<p class=\" wall-content\">Au rez-de-chauss\u00e9e, l\u2019espace de <strong>2\u2009000\u00a0m2<\/strong>est enti\u00e8rement <strong>d\u00e9di\u00e9 au Garage Guillet,<\/strong> qui doit ouvrir avant la fin de l\u2019\u00e9t\u00e9. Des panneaux solaires install\u00e9s sur le b\u00e2timent permettront d\u2019alimenter ce garage en \u00e9lectricit\u00e9.<\/p>\n<p class=\" wall-content\">Au premier \u00e9tage, accessible en voiture gr\u00e2ce \u00e0 une rampe, <a href=\"https:\/\/actu.fr\/bretagne\/pace_35210\/pres-de-rennes-une-nouvelle-salle-de-sport-haut-de-gamme-et-aux-tarifs-competitifs-va-ouvrir_61887029.html\" target=\"_blank\" rel=\"noopener\">la salle de sport Gigafit a vu le jour, avec \u00e0 sa t\u00eate Antoine Gigory et Sol\u00e8ne Breton<\/a>. C\u2019est la premi\u00e8re partie du b\u00e2timent \u00e0 avoir \u00e9t\u00e9 livr\u00e9e permettant au club de fitness d\u2019<strong>ouvrir ses portes samedi 15\u00a0mars 2025.<\/strong><\/p>\n<p>    <img   decoding=\"async\" loading=\"lazy\" src=\"https:\/\/www.europesays.com\/fr\/wp-content\/uploads\/2025\/08\/gigafit-pace-rennes-960x640.jpeg\" alt=\"Au premier \u00e9tage, la salle de sport Gigafit s'est install\u00e9e. Juste au-dessus des bureaux sont en cours de livraison et en attente de location.\" width=\"960\" height=\"640\"\/><br \/>\n    Au premier \u00e9tage, la salle de sport Gigafit s\u2019est install\u00e9e. Juste au-dessus des bureaux sont en cours de livraison et en attente de location. (\u00a9Cl\u00e9mence Pays\/actu Rennes)<\/p>\n<p class=\" wall-content\">Au m\u00eame niveau, dans une partie annexe, un autre espace est am\u00e9nag\u00e9. B\u00e9n\u00e9ficiant d\u2019une <strong>\u00ab\u2009vue sur Rennes\u2009\u00bb<\/strong> et d\u2019<strong>une mezzanine,<\/strong> il sera d\u00e9di\u00e9 \u00e0 \u00ab\u2009une <strong>autre activit\u00e9,<\/strong> un nouveau concept\u2009\u00bb. Les d\u00e9tails viendront \u00ab\u2009plus tard\u2009\u00bb, le propri\u00e9taire du b\u00e2timent souhaite encore garder un peu le secret.<\/p>\n<p class=\" wall-content\">Au second et dernier \u00e9tage, au-dessus de la salle de sport, un large espace est en cours d\u2019am\u00e9nagement. \u00ab\u2009Ce sera pour installer des bureaux\u2009\u00bb, annonce David Prime. <strong>Bureaux toujours disponibles \u00e0 la location.<\/strong><\/p>\n<p class=\" wall-content\">Suivez toute l\u2019actualit\u00e9 de vos villes et m\u00e9dias favoris en vous inscrivant \u00e0 <a href=\"https:\/\/moncompte.actu.fr\" title=\"D\u00e9couvez Mon Actu\" rel=\"nofollow noopener\" data-trk=\"{&quot;cta&quot;:{&quot;action&quot;:&quot;https:\\\/\\\/moncompte.actu.fr&quot;,&quot;category&quot;:&quot;mon compte&quot;,&quot;from&quot;:&quot;article footer&quot;,&quot;name&quot;:&quot;Mon actu&quot;,&quot;type&quot;:&quot;cta&quot;}}\" target=\"_blank\">Mon Actu<\/a>.<\/p>\n","protected":false},"excerpt":{"rendered":"Par Cl\u00e9mence Pays Publi\u00e9 le 11 ao\u00fbt 2025 \u00e0 14h05 Un impressionnant b\u00e2timent s\u2019est dress\u00e9 au rond-point du&hellip;\n","protected":false},"author":2,"featured_media":311614,"comment_status":"","ping_status":"","sticky":false,"template":"","format":"standard","meta":{"footnotes":""},"categories":[2821],"tags":[1111,11,646,829,33,1777,674,1011,27,12,3147,584,25,2086],"class_list":{"0":"post-311613","1":"post","2":"type-post","3":"status-publish","4":"format-standard","5":"has-post-thumbnail","7":"category-rennes","8":"tag-actu","9":"tag-actualites","10":"tag-automobile","11":"tag-bretagne","12":"tag-economie","13":"tag-eu","14":"tag-europe","15":"tag-fr","16":"tag-france","17":"tag-news","18":"tag-nouveaux-commerces","19":"tag-rennes","20":"tag-republique-francaise","21":"tag-travaux"},"share_on_mastodon":{"url":"https:\/\/pubeurope.com\/@fr\/115010246141491133","error":""},"_links":{"self":[{"href":"https:\/\/www.europesays.com\/fr\/wp-json\/wp\/v2\/posts\/311613","targetHints":{"allow":["GET"]}}],"collection":[{"href":"https:\/\/www.europesays.com\/fr\/wp-json\/wp\/v2\/posts"}],"about":[{"href":"https:\/\/www.europesays.com\/fr\/wp-json\/wp\/v2\/types\/post"}],"author":[{"embeddable":true,"href":"https:\/\/www.europesays.com\/fr\/wp-json\/wp\/v2\/users\/2"}],"replies":[{"embeddable":true,"href":"https:\/\/www.europesays.com\/fr\/wp-json\/wp\/v2\/comments?post=311613"}],"version-history":[{"count":0,"href":"https:\/\/www.europesays.com\/fr\/wp-json\/wp\/v2\/posts\/311613\/revisions"}],"wp:featuredmedia":[{"embeddable":true,"href":"https:\/\/www.europesays.com\/fr\/wp-json\/wp\/v2\/media\/311614"}],"wp:attachment":[{"href":"https:\/\/www.europesays.com\/fr\/wp-json\/wp\/v2\/media?parent=311613"}],"wp:term":[{"taxonomy":"category","embeddable":true,"href":"https:\/\/www.europesays.com\/fr\/wp-json\/wp\/v2\/categories?post=311613"},{"taxonomy":"post_tag","embeddable":true,"href":"https:\/\/www.europesays.com\/fr\/wp-json\/wp\/v2\/tags?post=311613"}],"curies":[{"name":"wp","href":"https:\/\/api.w.org\/{rel}","templated":true}]}}