{"id":31162,"date":"2025-04-17T07:50:11","date_gmt":"2025-04-17T07:50:11","guid":{"rendered":"https:\/\/www.europesays.com\/fr\/31162\/"},"modified":"2025-04-17T07:50:11","modified_gmt":"2025-04-17T07:50:11","slug":"grand-lieu-en-scene-presente-frank-woeste-en-concert-samedi-26-avril","status":"publish","type":"post","link":"https:\/\/www.europesays.com\/fr\/31162\/","title":{"rendered":"Grand lieu en sc\u00e8ne pr\u00e9sente Frank Woeste en concert, samedi 26\u00a0avril"},"content":{"rendered":"<p>Frank Woeste, pianiste, compositeur, arrangeur et producteur, est le prochain invit\u00e9 de Grand Lieu en sc\u00e8ne. Frank Woeste fait partie des rares musiciens de jazz germanophones \u00e0 s\u2019\u00eatre impos\u00e9 sur la sc\u00e8ne musicale fran\u00e7aise. Il a collabor\u00e9 avec les plus grands musiciens fran\u00e7ais et internationaux, dont Ibrahim Maalouf et Dave Douglas. Il a aussi partag\u00e9 la sc\u00e8ne avec des artistes de la musique pop, classique ou de la chanson, tels que Juliette Greco, Matthieu Chedid ou Oxmo Puccino.<\/p>\n<p>Frank Woeste, n\u00e9 \u00e0 Hanovre, en 1976, est issus d\u2019une famille m\u00e9lophile. <strong>\u00ab\u00a0J\u2019ai grandi avec un double bagage, classique et jazz. Apr\u00e8s des \u00e9tudes au Conservatoire de Br\u00eame, j\u2019ai d\u00e9barqu\u00e9 en France en 1997 pour int\u00e9grer la section jazz du Conservatoire sup\u00e9rieur de Paris, ville que je n\u2019ai plus quitt\u00e9e.\u00a0\u00bb<\/strong><\/p>\n<p>Le musicien a enregistr\u00e9 cinq albums en tant que leader, et un nombre consid\u00e9rable en tant qu\u2019accompagnateur ou arrangeur, dont plusieurs albums r\u00e9compens\u00e9s aux Victoires du Jazz. Il revient avec un album solo\u00a0: The glass half full, \u00e0 d\u00e9couvrir lors de ce concert.<\/p>\n<p><strong>Samedi 26\u00a0avril,<\/strong> \u00e0 20\u00a0h, salle Paul-Pouvreau de l\u2019Espace vie locale. Tout public \u00e0 partir de 10\u00a0ans. Tarifs\u00a0: 6\u00a0\u20ac, 3\u00a0\u20ac, gratuit\u00a0pour les moins de 12\u00a0ans. Billetterie sur place et en ligne\u00a0le site saint-aignangrandlieu.fr.<\/p>\n<p>\u00a0<\/p>\n","protected":false},"excerpt":{"rendered":"Frank Woeste, pianiste, compositeur, arrangeur et producteur, est le prochain invit\u00e9 de Grand Lieu en sc\u00e8ne. Frank Woeste&hellip;\n","protected":false},"author":2,"featured_media":31163,"comment_status":"","ping_status":"","sticky":false,"template":"","format":"standard","meta":{"footnotes":""},"categories":[2818],"tags":[3269,1111,11,3270,1697,1777,674,1011,27,10637,2515,7018,766,12,2636,3285,25,3982,7347,10638],"class_list":{"0":"post-31162","1":"post","2":"type-post","3":"status-publish","4":"format-standard","5":"has-post-thumbnail","7":"category-nantes","8":"tag-3269","9":"tag-actu","10":"tag-actualites","11":"tag-avril","12":"tag-concert","13":"tag-eu","14":"tag-europe","15":"tag-fr","16":"tag-france","17":"tag-frank","18":"tag-grand","19":"tag-lieu","20":"tag-nantes","21":"tag-news","22":"tag-pays-de-la-loire","23":"tag-presente","24":"tag-republique-francaise","25":"tag-samedi","26":"tag-scene","27":"tag-woeste"},"share_on_mastodon":{"url":"https:\/\/pubeurope.com\/@fr\/114352214761512637","error":""},"_links":{"self":[{"href":"https:\/\/www.europesays.com\/fr\/wp-json\/wp\/v2\/posts\/31162","targetHints":{"allow":["GET"]}}],"collection":[{"href":"https:\/\/www.europesays.com\/fr\/wp-json\/wp\/v2\/posts"}],"about":[{"href":"https:\/\/www.europesays.com\/fr\/wp-json\/wp\/v2\/types\/post"}],"author":[{"embeddable":true,"href":"https:\/\/www.europesays.com\/fr\/wp-json\/wp\/v2\/users\/2"}],"replies":[{"embeddable":true,"href":"https:\/\/www.europesays.com\/fr\/wp-json\/wp\/v2\/comments?post=31162"}],"version-history":[{"count":0,"href":"https:\/\/www.europesays.com\/fr\/wp-json\/wp\/v2\/posts\/31162\/revisions"}],"wp:featuredmedia":[{"embeddable":true,"href":"https:\/\/www.europesays.com\/fr\/wp-json\/wp\/v2\/media\/31163"}],"wp:attachment":[{"href":"https:\/\/www.europesays.com\/fr\/wp-json\/wp\/v2\/media?parent=31162"}],"wp:term":[{"taxonomy":"category","embeddable":true,"href":"https:\/\/www.europesays.com\/fr\/wp-json\/wp\/v2\/categories?post=31162"},{"taxonomy":"post_tag","embeddable":true,"href":"https:\/\/www.europesays.com\/fr\/wp-json\/wp\/v2\/tags?post=31162"}],"curies":[{"name":"wp","href":"https:\/\/api.w.org\/{rel}","templated":true}]}}