{"id":311624,"date":"2025-08-11T13:02:10","date_gmt":"2025-08-11T13:02:10","guid":{"rendered":"https:\/\/www.europesays.com\/fr\/311624\/"},"modified":"2025-08-11T13:02:10","modified_gmt":"2025-08-11T13:02:10","slug":"en-panne-depuis-2008-leclairage-du-pont-de-chevire-definitivement-retire","status":"publish","type":"post","link":"https:\/\/www.europesays.com\/fr\/311624\/","title":{"rendered":"en panne depuis 2008, l\u2019\u00e9clairage du pont de Chevir\u00e9 d\u00e9finitivement retir\u00e9"},"content":{"rendered":"<p>Entre la pr\u00e9sence de rongeurs et les vols de c\u00e2bles, les 104 cand\u00e9labres n\u2019\u00e9taient d\u00e9j\u00e0 plus op\u00e9rationnels depuis plus de 15 ans. Lors de travaux fin juillet, ils ont \u00e9t\u00e9 enlev\u00e9s.<\/p>\n<p class=\"fig-paragraph\">C\u2019est fini. Les 104 cand\u00e9labres du pont de Chevir\u00e9, situ\u00e9 sur le\u00a0<a href=\"http:\/\/www.lefigaro.fr\/nantes\/nantes-ivre-il-emprunte-le-peripherique-a-contresens-sur-30-km-20250422\" target=\"_blank\" data-fig-type=\"NewsFlash\" rel=\"noopener\" data-gtm-custom-categorie=\"navigation\" data-gtm-custom-action=\"crossclick\" data-gtm-custom-label=\"Contextuel\" data-gtm-event=\"customEventSPE\" data-fig-domain=\"LEFIGARO\">p\u00e9riph\u00e9rique nantais<\/a>, ont disparu. Dans le cadre de\u00a0<a href=\"http:\/\/www.lefigaro.fr\/nantes\/nantes-tres-frequente-le-pont-de-chevire-sera-momentanement-ferme-cet-ete-pour-des-travaux-d-entretien-20250611\" target=\"_blank\" data-fig-type=\"NewsFlash\" rel=\"noopener\" data-gtm-custom-categorie=\"navigation\" data-gtm-custom-action=\"crossclick\" data-gtm-custom-label=\"Contextuel\" data-gtm-event=\"customEventSPE\" data-fig-domain=\"LEFIGARO\">travaux d\u2019entretien<\/a>\u00a0men\u00e9s fin juillet, la direction interd\u00e9partementale des routes ouest (Diro) a proc\u00e9d\u00e9 au retrait des lampadaires de ce viaduc emprunt\u00e9 quotidiennement par 100.000 automobilistes. Et ce de mani\u00e8re d\u00e9finitive, comme le souligne\u00a0<a href=\"https:\/\/www.ouest-france.fr\/pays-de-la-loire\/nantes-44000\/pourquoi-le-pont-de-chevire-a-nantes-ne-sera-plus-jamais-eclaire-56247c2e-73ac-11f0-992a-f96a4802076a\" target=\"_blank\" rel=\"noopener\" data-gtm-custom-categorie=\"navigation\" data-gtm-custom-action=\"crossclick\" data-gtm-custom-label=\"Contextuel\" data-gtm-event=\"customEventSPE\">Ouest France<\/a> .<\/p>\n<p class=\"fig-paragraph\">\u00abCette situation r\u00e9sulte d\u2019une s\u00e9rie de d\u00e9gradations importantes survenues dans les ann\u00e9es pr\u00e9c\u00e9dentes\u00bb, explique au Figaro le service communication de la Diro, pr\u00e9cisant d\u2019embl\u00e9e que l\u2019\u00e9clairage avait d\u00e9j\u00e0 cess\u00e9 en 2008. Les premiers perturbateurs ont \u00e9t\u00e9&#8230; des animaux. \u00ab\u00c0 l\u2019origine, ce sont des rongeurs &#8211; en particulier des rats musqu\u00e9s vivant dans les marais de Bouguenais &#8211; qui ont endommag\u00e9 plusieurs tron\u00e7ons de c\u00e2bles d\u2019alimentation c\u00f4t\u00e9 sud\u00bb. Les services techniques ont alors d\u00fb remplacer plus de 100 m\u00e8tres de c\u00e2bles, pour un co\u00fbt d\u2019intervention \u00e9lev\u00e9.<\/p>\n<p>                                    <a class=\"fig-a11y-skip a11y-hidden\" href=\"#fig-a11y-skip-main-inarticle\"><br \/>\n        Passer la publicit\u00e9<br \/>\n    <\/a><\/p>\n<p>Vols de c\u00e2bles<\/p>\n<p class=\"fig-paragraph\">S\u2019en sont ensuivis, entre 2006 et 2008, \u00abplusieurs vols de c\u00e2bles en cuivre\u00bb, rapporte encore la Diro. \u00abPour s\u2019en emparer, les voleurs devaient p\u00e9n\u00e9trer \u00e0 l\u2019int\u00e9rieur m\u00eame de la structure du pont, o\u00f9 cheminaient les c\u00e2bles. Ils intervenaient g\u00e9n\u00e9ralement de nuit ou le week-end, par effraction, et n\u2019avaient pas besoin de s\u2019arr\u00eater avec leur v\u00e9hicule en surface, donc pas de risque pour eux. Ces vols r\u00e9p\u00e9t\u00e9s ont rendu le syst\u00e8me d\u2019alimentation inop\u00e9rant\u00bb. D\u2019o\u00f9 l\u2019interruption de leur fonctionnement.<\/p>\n<p class=\"fig-paragraph\">En 2013, un audit technique a \u00e9t\u00e9 men\u00e9 \u00abpour \u00e9tudier une \u00e9ventuelle remise en \u00e9tat du syst\u00e8me d\u2019\u00e9clairage, avec un passage en basse tension, l\u2019usage de LED et une gestion de l\u2019intensit\u00e9 lumineuse selon les heures ou la fr\u00e9quentation\u00bb. Cette option a vite \u00e9t\u00e9 balay\u00e9e \u00abau regard des co\u00fbts de remise en service, des contraintes techniques et de l\u2019absence de gain r\u00e9el pour la s\u00e9curit\u00e9 routi\u00e8re, cette option n\u2019a pas \u00e9t\u00e9 retenue.\u00bb<\/p>\n<blockquote class=\"fig-quote&#10;    \">\n<p class=\"fig-quote__text\">Depuis plus de dix ans, la politique nationale relative \u00e0 l\u2019\u00e9clairage sur le r\u00e9seau routier national conduit \u00e0 une r\u00e9duction significative des zones \u00e9clair\u00e9es<\/p>\n<p>            Service communication de la Diro (direction interd\u00e9partementale des routes ouest)\n    <\/p><\/blockquote>\n<p class=\"fig-paragraph\">En attendant, le syst\u00e8me d\u2019\u00e9clairage, bien qu\u2019\u00e0 l\u2019arr\u00eat, n\u00e9cessitait toujours des op\u00e9rations d\u2019entretien. Le nettoyage r\u00e9gulier et la v\u00e9rification des fixations repr\u00e9sentaient des co\u00fbts \u00e9lev\u00e9s. C\u2019est pourquoi ces lampadaires d\u00e9j\u00e0 \u00abfortement d\u00e9grad\u00e9s\u00bb ont \u00e9t\u00e9 supprim\u00e9s.<\/p>\n<p class=\"fig-paragraph\">\u00abLa d\u00e9cision de ne pas le r\u00e9tablir s\u2019appuie sur des crit\u00e8res objectifs, techniques, \u00e9conomiques et environnementaux, longuement \u00e9tudi\u00e9s par les services comp\u00e9tents de l\u2019\u00c9tat, insiste la Diro. Il existe une politique nationale coh\u00e9rente en mati\u00e8re d\u2019\u00e9clairage, dont les choix reposent sur des constats partag\u00e9s, \u00e9tay\u00e9s par des analyses de fond et appliqu\u00e9e aux r\u00e9alit\u00e9s locales du territoire concern\u00e9\u00bb.<\/p>\n<p class=\"fig-paragraph\">Et de pr\u00e9ciser que \u00abdepuis plus de dix ans, la politique nationale relative \u00e0 l\u2019\u00e9clairage sur le r\u00e9seau routier national conduit \u00e0 une r\u00e9duction significative des zones \u00e9clair\u00e9es\u00bb. Parmi les constats de l\u2019\u00c9tat, \u00ables \u00e9tudes de s\u00e9curit\u00e9 routi\u00e8re n\u2019ont pas mis en \u00e9vidence de lien significatif entre la pr\u00e9sence d\u2019un \u00e9clairage public et la diminution de l\u2019accidentalit\u00e9 sur les autoroutes et voies rapides\u00bb. De plus, ces cand\u00e9labres seraient m\u00eame consid\u00e9r\u00e9s comme \u00abdes obstacles lat\u00e9raux\u00bb. \u00abL\u2019entretien, la maintenance et le co\u00fbt \u00e9nerg\u00e9tique des dispositifs d\u2019\u00e9clairage repr\u00e9sentent une charge importante\u00bb pr\u00e9cise la Diro, qui \u00e9voque enfin un enjeu environnemental de \u00abpollution lumineuse\u00bb et de \u00absobri\u00e9t\u00e9 \u00e9nerg\u00e9tique\u00bb.<\/p>\n","protected":false},"excerpt":{"rendered":"Entre la pr\u00e9sence de rongeurs et les vols de c\u00e2bles, les 104 cand\u00e9labres n\u2019\u00e9taient d\u00e9j\u00e0 plus op\u00e9rationnels depuis&hellip;\n","protected":false},"author":2,"featured_media":311625,"comment_status":"","ping_status":"","sticky":false,"template":"","format":"standard","meta":{"footnotes":""},"categories":[2818],"tags":[1111,11,1777,674,462,1011,27,2640,2642,766,2638,2643,2637,2639,2646,2645,2641,2635,2644,2647,12,2636,25],"class_list":{"0":"post-311624","1":"post","2":"type-post","3":"status-publish","4":"format-standard","5":"has-post-thumbnail","7":"category-nantes","8":"tag-actu","9":"tag-actualites","10":"tag-eu","11":"tag-europe","12":"tag-fc-nantes","13":"tag-fr","14":"tag-france","15":"tag-hauts-paves-saint-felix","16":"tag-ile-de-nantes","17":"tag-nantes","18":"tag-nantes-bellevue-chantenay-sainte-anne","19":"tag-nantes-breil-barberie","20":"tag-nantes-centre-ville","21":"tag-nantes-dervallieres-zola","22":"tag-nantes-doulon-bottiere","23":"tag-nantes-erdre","24":"tag-nantes-malakoff-saint-donatien","25":"tag-nantes-metropole","26":"tag-nantes-nord","27":"tag-nantes-sud","28":"tag-news","29":"tag-pays-de-la-loire","30":"tag-republique-francaise"},"share_on_mastodon":{"url":"https:\/\/pubeurope.com\/@fr\/115010269722228227","error":""},"_links":{"self":[{"href":"https:\/\/www.europesays.com\/fr\/wp-json\/wp\/v2\/posts\/311624","targetHints":{"allow":["GET"]}}],"collection":[{"href":"https:\/\/www.europesays.com\/fr\/wp-json\/wp\/v2\/posts"}],"about":[{"href":"https:\/\/www.europesays.com\/fr\/wp-json\/wp\/v2\/types\/post"}],"author":[{"embeddable":true,"href":"https:\/\/www.europesays.com\/fr\/wp-json\/wp\/v2\/users\/2"}],"replies":[{"embeddable":true,"href":"https:\/\/www.europesays.com\/fr\/wp-json\/wp\/v2\/comments?post=311624"}],"version-history":[{"count":0,"href":"https:\/\/www.europesays.com\/fr\/wp-json\/wp\/v2\/posts\/311624\/revisions"}],"wp:featuredmedia":[{"embeddable":true,"href":"https:\/\/www.europesays.com\/fr\/wp-json\/wp\/v2\/media\/311625"}],"wp:attachment":[{"href":"https:\/\/www.europesays.com\/fr\/wp-json\/wp\/v2\/media?parent=311624"}],"wp:term":[{"taxonomy":"category","embeddable":true,"href":"https:\/\/www.europesays.com\/fr\/wp-json\/wp\/v2\/categories?post=311624"},{"taxonomy":"post_tag","embeddable":true,"href":"https:\/\/www.europesays.com\/fr\/wp-json\/wp\/v2\/tags?post=311624"}],"curies":[{"name":"wp","href":"https:\/\/api.w.org\/{rel}","templated":true}]}}