{"id":311632,"date":"2025-08-11T13:06:10","date_gmt":"2025-08-11T13:06:10","guid":{"rendered":"https:\/\/www.europesays.com\/fr\/311632\/"},"modified":"2025-08-11T13:06:10","modified_gmt":"2025-08-11T13:06:10","slug":"alerte-rouge-canicule-a-toulouse-tisseo-active-son-ticket-planete-ce-quil-faut-savoir","status":"publish","type":"post","link":"https:\/\/www.europesays.com\/fr\/311632\/","title":{"rendered":"Alerte rouge canicule \u00e0 Toulouse. Tiss\u00e9o active son Ticket Plan\u00e8te : ce qu&rsquo;il faut savoir"},"content":{"rendered":"<p>            Par<br \/>\n        <strong><br \/>\n            <a href=\"https:\/\/actu.fr\/auteur\/nina-hossein-zadeh\" title=\"Consulter tous les articles de Nina Hossein-Zadeh\" target=\"_blank\" rel=\"noopener\">Nina Hossein-Zadeh<\/a><br \/>\n        <\/strong><\/p>\n<p>        Publi\u00e9 le<\/p>\n<p>            11 ao\u00fbt 2025 \u00e0 12h04        <\/p>\n<p>Apr\u00e8s un week-end particuli\u00e8rement chaud, les temp\u00e9ratures vont continuer de grimper ce lundi 11\u00a0ao\u00fbt 2025 \u00e0 <a href=\"https:\/\/actu.fr\/toulouse\/\" target=\"_blank\" rel=\"noopener\"><strong>Toulouse<\/strong><\/a> et dans le d\u00e9partement. <a href=\"https:\/\/actu.fr\/occitanie\/toulouse_31555\/toulouse-en-alerte-canicule-ces-lieux-pour-se-rafraichir-vont-etre-ouverts-plus-longtemps_63010299.html\" target=\"_blank\" rel=\"noopener\"><strong>La pr\u00e9fecture a d\u2019ailleurs plac\u00e9 de Haute-Garonne en alerte rouge canicule<\/strong><\/a> \u00e0 partir de ce lundi midi et ce jusqu\u2019\u00e0 mardi soir au moins. Dans ce contexte, Tiss\u00e9o a pris des mesures.<\/p>\n<p>Activation du Ticket Plan\u00e8te<\/p>\n<p class=\" wall-content\">Le mercure devrait <strong>atteindre les 41 degr\u00e9s \u00e0 partir de 15\u00a0heures<\/strong> \u00e0 Toulouse ce lundi 11\u00a0ao\u00fbt. Les habitants vont suffoquer. Pour \u00e9viter d\u2019augmenter les \u00e9missions de gaz \u00e0 effet de serre en prenant la voiture,<strong> Tiss\u00e9o active son Ticket Plan\u00e8te.<\/strong><\/p>\n<p class=\" wall-content\">Cela signifie que les voyageurs non abonn\u00e9s au r\u00e9seau de transport Toulousain pourront <strong>circuler de mani\u00e8re illimit\u00e9e<\/strong> sur la journ\u00e9e avec ce ticket unique.<\/p>\n<p>Entre 1 et 3\u00a0euros le ticket<\/p>\n<p class=\" wall-content\">Pour se le procurer, rien de plus simple. Les voyageurs peuvent se rendre aux distributeurs automatiques de titres ou en agence Tiss\u00e9o (ou sur l\u2019application et les commer\u00e7ants partenaires pour les d\u00e9tenteurs de la carte Pastel).<\/p>\n<p class=\" wall-content\">En demandant \u00e0 b\u00e9n\u00e9ficier du Ticket Plan\u00e8te, les utilisateurs devront d\u00e9bourser<strong> 3 euros afin d\u2019utiliser le m\u00e9tro, le tram et le bus de mani\u00e8re illimit\u00e9e sur la journ\u00e9e.<\/strong><\/p>\n<p>Vid\u00e9os : en ce moment sur Actu<\/p>\n<p class=\" wall-content\">Idem pour le service V\u00e9l\u00d4Toulouse\u2009: le Ticket Plan\u00e8te pour utiliser<strong> les v\u00e9los en libre-service est affich\u00e9 au prix de 1\u00a0euro pour la journ\u00e9e.<\/strong><\/p>\n<p class=\" wall-content\">Aussi, \u00e0 Jean-Jaur\u00e8s, il sera possible de venir remplir sa gourde dans l\u2019espace voyageur. La bridage fra\u00eecheur de Tiss\u00e9o sera d\u00e9ploy\u00e9e d\u00e8s mardi 12 ao\u00fbt pour distribuer des \u00e9ventails.<\/p>\n<p>O\u00f9 se rafra\u00eechir en ville\u2009?<\/p>\n<p class=\" wall-content\">Dans le cadre de son plan <a href=\"https:\/\/actu.fr\/occitanie\/toulouse_31555\/toulouse-pour-rafraichir-la-ville-trois-nouvelles-ombrieres-seront-installees-cet-ete-voici-ou_62679161.html\" target=\"_blank\" rel=\"noopener\"><strong>Toulouse +\u00a0fra\u00eeche,<\/strong><\/a> la mairie de Toulouse met \u00e9galement en place un dispositif en cas de vague de chaleur, activ\u00e9 depuis vendredi lors de l\u2019alerte orange canicule.<\/p>\n<p class=\" wall-content\"><strong>Les horaires sont rallong\u00e9s dans les parcs et jardins municipaux<\/strong>, accessibles jusqu\u2019\u00e0 23\u00a0heures. <strong>Idem pour les bases de loisirs,<\/strong> ouvertes jusqu\u2019\u00e0 20\u00a0heures. Les mus\u00e9es aussi ouvrent plus tard\u2009: jusqu\u2019\u00e0 20\u00a0heures pour le Mus\u00e9um, le Quai des Savoirs, la chapelle des Carm\u00e9lites ou encore la chapelle de la Grave.<\/p>\n<p class=\" wall-content\">Les piscines municipales \u00e9tendent aussi leurs horaires et<strong> passent au tarif de 1\u00a0euro<\/strong>. Seront ouvertes jusqu\u2019\u00e0 21h\u2009: la piscine Bellevue, la piscine Yvonne-Godard (\u00e0 Pech-David), la piscine Alex Jany, la piscine Papus. Et jusqu\u2019\u00e0 20h, le lac de la Ram\u00e9e.<\/p>\n<p class=\" wall-content\">Suivez toute l\u2019actualit\u00e9 de vos villes et m\u00e9dias favoris en vous inscrivant \u00e0 <a href=\"https:\/\/moncompte.actu.fr\" title=\"D\u00e9couvez Mon Actu\" rel=\"nofollow noopener\" data-trk=\"{&quot;cta&quot;:{&quot;action&quot;:&quot;https:\\\/\\\/moncompte.actu.fr&quot;,&quot;category&quot;:&quot;mon compte&quot;,&quot;from&quot;:&quot;article footer&quot;,&quot;name&quot;:&quot;Mon actu&quot;,&quot;type&quot;:&quot;cta&quot;}}\" target=\"_blank\">Mon Actu<\/a>.<\/p>\n","protected":false},"excerpt":{"rendered":"Par Nina Hossein-Zadeh Publi\u00e9 le 11 ao\u00fbt 2025 \u00e0 12h04 Apr\u00e8s un week-end particuli\u00e8rement chaud, les temp\u00e9ratures vont&hellip;\n","protected":false},"author":2,"featured_media":311633,"comment_status":"","ping_status":"","sticky":false,"template":"","format":"standard","meta":{"footnotes":""},"categories":[2816],"tags":[1111,11,6698,1777,674,1011,27,12,2680,25,104,5400,2312,15637],"class_list":{"0":"post-311632","1":"post","2":"type-post","3":"status-publish","4":"format-standard","5":"has-post-thumbnail","7":"category-toulouse","8":"tag-actu","9":"tag-actualites","10":"tag-canicule","11":"tag-eu","12":"tag-europe","13":"tag-fr","14":"tag-france","15":"tag-news","16":"tag-occitanie","17":"tag-republique-francaise","18":"tag-societe","19":"tag-tisseo","20":"tag-toulouse","21":"tag-vague-de-chaleur"},"share_on_mastodon":{"url":"https:\/\/pubeurope.com\/@fr\/115010285292074239","error":""},"_links":{"self":[{"href":"https:\/\/www.europesays.com\/fr\/wp-json\/wp\/v2\/posts\/311632","targetHints":{"allow":["GET"]}}],"collection":[{"href":"https:\/\/www.europesays.com\/fr\/wp-json\/wp\/v2\/posts"}],"about":[{"href":"https:\/\/www.europesays.com\/fr\/wp-json\/wp\/v2\/types\/post"}],"author":[{"embeddable":true,"href":"https:\/\/www.europesays.com\/fr\/wp-json\/wp\/v2\/users\/2"}],"replies":[{"embeddable":true,"href":"https:\/\/www.europesays.com\/fr\/wp-json\/wp\/v2\/comments?post=311632"}],"version-history":[{"count":0,"href":"https:\/\/www.europesays.com\/fr\/wp-json\/wp\/v2\/posts\/311632\/revisions"}],"wp:featuredmedia":[{"embeddable":true,"href":"https:\/\/www.europesays.com\/fr\/wp-json\/wp\/v2\/media\/311633"}],"wp:attachment":[{"href":"https:\/\/www.europesays.com\/fr\/wp-json\/wp\/v2\/media?parent=311632"}],"wp:term":[{"taxonomy":"category","embeddable":true,"href":"https:\/\/www.europesays.com\/fr\/wp-json\/wp\/v2\/categories?post=311632"},{"taxonomy":"post_tag","embeddable":true,"href":"https:\/\/www.europesays.com\/fr\/wp-json\/wp\/v2\/tags?post=311632"}],"curies":[{"name":"wp","href":"https:\/\/api.w.org\/{rel}","templated":true}]}}