{"id":311636,"date":"2025-08-11T13:09:26","date_gmt":"2025-08-11T13:09:26","guid":{"rendered":"https:\/\/www.europesays.com\/fr\/311636\/"},"modified":"2025-08-11T13:09:26","modified_gmt":"2025-08-11T13:09:26","slug":"ligue-1-combien-faut-il-debourser-pour-soffrir-le-maillot-dolivier-giroud-a-lille","status":"publish","type":"post","link":"https:\/\/www.europesays.com\/fr\/311636\/","title":{"rendered":"Ligue 1. Combien faut-il d\u00e9bourser pour s&rsquo;offrir le maillot d&rsquo;Olivier Giroud \u00e0 Lille ?"},"content":{"rendered":"<p>Avec la signature de <a href=\"https:\/\/www.ledauphine.com\/p\/paul-pogba\" target=\"_blank\" rel=\"noopener\">Paul Pogba<\/a> \u00e0 Monaco, <a href=\"https:\/\/www.ledauphine.com\/sport\/2025\/07\/02\/important-de-finir-ma-carriere-en-france-les-premiers-mots-d-olivier-giroud-apres-son-arrivee-a-lille\" target=\"_blank\" rel=\"noopener\">l&rsquo;arriv\u00e9e d&rsquo;Olivier Giroud \u00e0 Lille <\/a>a \u00e9t\u00e9 l&rsquo;un des principaux transferts de l&rsquo;\u00e9t\u00e9 en Ligue 1.<\/p>\n<p><a href=\"https:\/\/www.ledauphine.com\/sport\/2025\/08\/08\/olivier-giroud\" target=\"_blank\" rel=\"noopener\">L&rsquo;Is\u00e9rois<\/a> faisant son retour dans l&rsquo;Hexagone pour la premi\u00e8re fois depuis 2012, <a href=\"https:\/\/www.ledauphine.com\/sport\/2025\/07\/03\/ses-debuts-au-gf38-son-titre-avec-montpellier-ses-exploits-avec-les-bleus-la-carriere-d-olivier-giroud-en-images\" target=\"_blank\" rel=\"noopener\">quand il avait quitt\u00e9 Montpellier<\/a> en tant que champion de France pour rejoindre Arsenal.<\/p>\n<p>Un maillot tr\u00e8s demand\u00e9<\/p>\n<p>Le maillot du LOSC floqu\u00e9 du num\u00e9ro 9 et <a href=\"https:\/\/www.ledauphine.com\/sport\/2025\/08\/09\/le-but-incroyable-d-olivier-giroud-contre-west-ham\" target=\"_blank\" rel=\"noopener\">du nom du champion du monde 2018<\/a> a \u00e9t\u00e9 tr\u00e8s, tr\u00e8s, vite demand\u00e9 sur la boutique du club nordiste.<\/p>\n<p>Et pour se l&rsquo;offrir, <a href=\"https:\/\/www.boutique-losc.fr\/fr\/?__hstc=163950368.1acf827b1e4cc9f7c8d8996fa50ae2b4.1754406378884.1754754389622.1754902641391.3&amp;__hssc=163950368.1.1754902641391&amp;__hsfp=3259693322&amp;_ga=2.151522938.236419413.1754902638-1558356745.1754406380\" target=\"_blank\" rel=\"noopener\">il faut d\u00e9bourser 113 \u20ac<\/a> si l&rsquo;on veut \u00e9galement le badge \u00a0\u00bbLigue 1\u00a0\u00bb ou 105 \u20ac sans ce badge.<\/p>\n<p>A titre de comparaison, sur la boutique de l&rsquo;OL il faut d\u00e9bourser 123 \u20ac pour un maillot domicile floqu\u00e9 Corentin Tolisso et badg\u00e9 \u00a0\u00bbLigue 1\u00a0\u00bb.<\/p>\n","protected":false},"excerpt":{"rendered":"Avec la signature de Paul Pogba \u00e0 Monaco, l&rsquo;arriv\u00e9e d&rsquo;Olivier Giroud \u00e0 Lille a \u00e9t\u00e9 l&rsquo;un des principaux&hellip;\n","protected":false},"author":2,"featured_media":311637,"comment_status":"","ping_status":"","sticky":false,"template":"","format":"standard","meta":{"footnotes":""},"categories":[2815],"tags":[1111,11,130,33,112,113,1777,674,107,1701,63,1011,27,35789,2731,2732,811,7020,1307,1985,12,25,517,1947],"class_list":{"0":"post-311636","1":"post","2":"type-post","3":"status-publish","4":"format-standard","5":"has-post-thumbnail","7":"category-lille","8":"tag-actu","9":"tag-actualites","10":"tag-consommation","11":"tag-economie","12":"tag-edition-grenoble-agglomeration","13":"tag-edition-gresivaudan-oisans","14":"tag-eu","15":"tag-europe","16":"tag-fil-info","17":"tag-fil-info-sport","18":"tag-football","19":"tag-fr","20":"tag-france","21":"tag-froges","22":"tag-grenoble","23":"tag-grenoble-bassin","24":"tag-hauts-de-france","25":"tag-ligue-1-football","26":"tag-lille","27":"tag-metropole-de-grenoble","28":"tag-news","29":"tag-republique-francaise","30":"tag-sport","31":"tag-sport-national"},"share_on_mastodon":{"url":"https:\/\/pubeurope.com\/@fr\/115010297542848280","error":""},"_links":{"self":[{"href":"https:\/\/www.europesays.com\/fr\/wp-json\/wp\/v2\/posts\/311636","targetHints":{"allow":["GET"]}}],"collection":[{"href":"https:\/\/www.europesays.com\/fr\/wp-json\/wp\/v2\/posts"}],"about":[{"href":"https:\/\/www.europesays.com\/fr\/wp-json\/wp\/v2\/types\/post"}],"author":[{"embeddable":true,"href":"https:\/\/www.europesays.com\/fr\/wp-json\/wp\/v2\/users\/2"}],"replies":[{"embeddable":true,"href":"https:\/\/www.europesays.com\/fr\/wp-json\/wp\/v2\/comments?post=311636"}],"version-history":[{"count":0,"href":"https:\/\/www.europesays.com\/fr\/wp-json\/wp\/v2\/posts\/311636\/revisions"}],"wp:featuredmedia":[{"embeddable":true,"href":"https:\/\/www.europesays.com\/fr\/wp-json\/wp\/v2\/media\/311637"}],"wp:attachment":[{"href":"https:\/\/www.europesays.com\/fr\/wp-json\/wp\/v2\/media?parent=311636"}],"wp:term":[{"taxonomy":"category","embeddable":true,"href":"https:\/\/www.europesays.com\/fr\/wp-json\/wp\/v2\/categories?post=311636"},{"taxonomy":"post_tag","embeddable":true,"href":"https:\/\/www.europesays.com\/fr\/wp-json\/wp\/v2\/tags?post=311636"}],"curies":[{"name":"wp","href":"https:\/\/api.w.org\/{rel}","templated":true}]}}