{"id":31164,"date":"2025-04-17T07:51:26","date_gmt":"2025-04-17T07:51:26","guid":{"rendered":"https:\/\/www.europesays.com\/fr\/31164\/"},"modified":"2025-04-17T07:51:26","modified_gmt":"2025-04-17T07:51:26","slug":"celui-qui-a-refuse-daller-a-nantes-cest-moi-beye-evoque-son-arrivee-avortee","status":"publish","type":"post","link":"https:\/\/www.europesays.com\/fr\/31164\/","title":{"rendered":"\u00ab\u00a0Celui qui a refus\u00e9 d\u2019aller \u00e0 Nantes, c\u2019est moi\u00a0\u00bb\u00a0: Beye \u00e9voque son arriv\u00e9e avort\u00e9e"},"content":{"rendered":"<p>Alors que se profile un premier derby sp\u00e9cial pour lui, ce vendredi 18\u00a0avril (20h45) entre le Stade Rennais et le FC Nantes, l\u2019entra\u00eeneur des Rouge et Noir Habib Beye est revenu ce mercredi en conf\u00e9rence de presse sur <a href=\"https:\/\/nantes.maville.com\/sport\/detail_-info-presse-ocean.-habib-beye-etait-tout-proche-de-signer-au-fc-nantes-mais...-un-gros-detail-a-coince-_8-6606439_actu.Htm\" target=\"_blank\" rel=\"nofollow noopener\">son arriv\u00e9e avort\u00e9e sur le banc des Canaris, fin d\u00e9cembre,<\/a> en remplacement <a href=\"https:\/\/nantes.maville.com\/sport\/detail_-fc-nantes.-qui-part-qui-reste...-le-point-sur-le-staff-d-antoine-kombouare-pour-2025-_8-6617267_actu.Htm\" target=\"_blank\" rel=\"nofollow noopener\">d\u2019Antoine Kombouar\u00e9, finalement maintenu en poste.<\/a><\/p>\n<p>\u00ab\u00a0Ce qui a \u00e9t\u00e9 dit n\u2019est pas la v\u00e9rit\u00e9\u00a0\u00bb<\/p>\n<p>La direction nantaise avait \u00e9t\u00e9 refroidie par une composition de staff incompl\u00e8te de la part de l\u2019ex-coach du Red Star.<\/p>\n<p>Ce dernier est revenu ce mercredi en conf\u00e9rence de presse sur cet \u00e9pisode\u00a0: \u00a0Ma version, c\u2019est que ce qui a \u00e9t\u00e9 dit n\u2019est pas la v\u00e9rit\u00e9. Et que celui qui a refus\u00e9 d\u2019aller \u00e0 Nantes, c\u2019est moi, pas le club de Nantes, comme \u00e7a c\u2019est clair. Je suis l\u00e0 o\u00f9 je dois \u00eatre, j\u2019ai fait le bon choix.\u00a0 Voil\u00e0 qui lance le derby\u2026<\/p>\n<p>\u00a0<\/p>\n","protected":false},"excerpt":{"rendered":"Alors que se profile un premier derby sp\u00e9cial pour lui, ce vendredi 18\u00a0avril (20h45) entre le Stade Rennais&hellip;\n","protected":false},"author":2,"featured_media":31165,"comment_status":"","ping_status":"","sticky":false,"template":"","format":"standard","meta":{"footnotes":""},"categories":[2818],"tags":[1111,11,3809,1465,1777,674,63,1011,27,1792,1922,766,12,2636,25,479,517,1470],"class_list":{"0":"post-31164","1":"post","2":"type-post","3":"status-publish","4":"format-standard","5":"has-post-thumbnail","7":"category-nantes","8":"tag-actu","9":"tag-actualites","10":"tag-ball","11":"tag-basket","12":"tag-eu","13":"tag-europe","14":"tag-football","15":"tag-fr","16":"tag-france","17":"tag-handball","18":"tag-info","19":"tag-nantes","20":"tag-news","21":"tag-pays-de-la-loire","22":"tag-republique-francaise","23":"tag-rugby","24":"tag-sport","25":"tag-volley"},"share_on_mastodon":{"url":"https:\/\/pubeurope.com\/@fr\/114352218639564924","error":""},"_links":{"self":[{"href":"https:\/\/www.europesays.com\/fr\/wp-json\/wp\/v2\/posts\/31164","targetHints":{"allow":["GET"]}}],"collection":[{"href":"https:\/\/www.europesays.com\/fr\/wp-json\/wp\/v2\/posts"}],"about":[{"href":"https:\/\/www.europesays.com\/fr\/wp-json\/wp\/v2\/types\/post"}],"author":[{"embeddable":true,"href":"https:\/\/www.europesays.com\/fr\/wp-json\/wp\/v2\/users\/2"}],"replies":[{"embeddable":true,"href":"https:\/\/www.europesays.com\/fr\/wp-json\/wp\/v2\/comments?post=31164"}],"version-history":[{"count":0,"href":"https:\/\/www.europesays.com\/fr\/wp-json\/wp\/v2\/posts\/31164\/revisions"}],"wp:featuredmedia":[{"embeddable":true,"href":"https:\/\/www.europesays.com\/fr\/wp-json\/wp\/v2\/media\/31165"}],"wp:attachment":[{"href":"https:\/\/www.europesays.com\/fr\/wp-json\/wp\/v2\/media?parent=31164"}],"wp:term":[{"taxonomy":"category","embeddable":true,"href":"https:\/\/www.europesays.com\/fr\/wp-json\/wp\/v2\/categories?post=31164"},{"taxonomy":"post_tag","embeddable":true,"href":"https:\/\/www.europesays.com\/fr\/wp-json\/wp\/v2\/tags?post=31164"}],"curies":[{"name":"wp","href":"https:\/\/api.w.org\/{rel}","templated":true}]}}