{"id":311640,"date":"2025-08-11T13:11:12","date_gmt":"2025-08-11T13:11:12","guid":{"rendered":"https:\/\/www.europesays.com\/fr\/311640\/"},"modified":"2025-08-11T13:11:12","modified_gmt":"2025-08-11T13:11:12","slug":"piscines-gratuites-a-marseille-lesquelles-sont-ouvertes","status":"publish","type":"post","link":"https:\/\/www.europesays.com\/fr\/311640\/","title":{"rendered":"Piscines gratuites \u00e0 Marseille : lesquelles sont ouvertes ?"},"content":{"rendered":"<p>Face \u00e0 la deuxi\u00e8me canicule de l&rsquo;\u00e9t\u00e9, la municipalit\u00e9 de Marseille a d\u00e9cid\u00e9 de rendre l&rsquo;acc\u00e8s gratuit \u00e0 ses piscines municipales, mais toutes ne sont pas ouvertes. Voici celles o\u00f9 vous pouvez vous rendre. <\/p>\n<p style=\"text-align: justify;\">Avec des temp\u00e9ratures qui peuvent <a href=\"https:\/\/maritima.fr\/actualites\/environnement\/bouches-du-rhone\/8392\/deuxieme-canicule-de-lete-on-ne-peut-pas-y-echapper\" target=\"_blank\" rel=\"noopener\">atteindre les 41 degr\u00e9s dans les terres<\/a>, les Bouches-du-Rh\u00f4ne doivent faire face \u00e0 un nouvel \u00e9pisode caniculaire. Pour permettre \u00e0 chacun de traverser cette vague de chaleur, la ville de Marseille <a href=\"https:\/\/maritima.fr\/actualites\/environnement\/marseille\/8391\/marseille-les-piscines-municipales-redeviennent-gratuites\" target=\"_blank\" rel=\"noopener\">offre l&rsquo;acc\u00e8s \u00e0 ses bassins municipaux<\/a>. Une gratuit\u00e9 qui concerne l&rsquo;ensemble des piscines ouvertes :<\/p>\n<p style=\"text-align: justify;\">&#8211; 1er arrondissement : Saint Charles &#8211; Alice Milliat<\/p>\n<p style=\"text-align: justify;\">&#8211; 8e arrondissement : Pointe Rouge<\/p>\n<p style=\"text-align: justify;\">&#8211; 9e arrondissement : Desautel<\/p>\n<p style=\"text-align: justify;\">&#8211; 12e arrondissement : Louis Armand<\/p>\n<p style=\"text-align: justify;\">&#8211; 14e arrondissement : \u00a0Saint Joseph<\/p>\n<p style=\"text-align: justify;\">&#8211; 16e arrondissement : \u00a0La Castellane<\/p>\n<p style=\"text-align: justify;\">\u00a0<\/p>\n<p style=\"text-align: justify;\">Les autres \u00e9tablissements ne sont pas accessibles. La mairie explique qu&rsquo;il s&rsquo;agit de fermetures annuelles, de travaux ou de privatisation pour l&rsquo;apprentissage de la nage.<\/p>\n<p style=\"text-align: justify;\"><strong><br \/><\/strong><strong id=\"docs-internal-guid-fd00aecb-7fff-2199-9b41-28508368aa28\"\/>\u00a0<\/p>\n","protected":false},"excerpt":{"rendered":"Face \u00e0 la deuxi\u00e8me canicule de l&rsquo;\u00e9t\u00e9, la municipalit\u00e9 de Marseille a d\u00e9cid\u00e9 de rendre l&rsquo;acc\u00e8s gratuit \u00e0&hellip;\n","protected":false},"author":2,"featured_media":311641,"comment_status":"","ping_status":"","sticky":false,"template":"","format":"standard","meta":{"footnotes":""},"categories":[2814],"tags":[1111,11,6698,1777,674,1011,27,884,12,5922,882,25],"class_list":{"0":"post-311640","1":"post","2":"type-post","3":"status-publish","4":"format-standard","5":"has-post-thumbnail","7":"category-marseille","8":"tag-actu","9":"tag-actualites","10":"tag-canicule","11":"tag-eu","12":"tag-europe","13":"tag-fr","14":"tag-france","15":"tag-marseille","16":"tag-news","17":"tag-piscine","18":"tag-provence-alpes-cote-dazur","19":"tag-republique-francaise"},"share_on_mastodon":{"url":"https:\/\/pubeurope.com\/@fr\/115010304964147211","error":""},"_links":{"self":[{"href":"https:\/\/www.europesays.com\/fr\/wp-json\/wp\/v2\/posts\/311640","targetHints":{"allow":["GET"]}}],"collection":[{"href":"https:\/\/www.europesays.com\/fr\/wp-json\/wp\/v2\/posts"}],"about":[{"href":"https:\/\/www.europesays.com\/fr\/wp-json\/wp\/v2\/types\/post"}],"author":[{"embeddable":true,"href":"https:\/\/www.europesays.com\/fr\/wp-json\/wp\/v2\/users\/2"}],"replies":[{"embeddable":true,"href":"https:\/\/www.europesays.com\/fr\/wp-json\/wp\/v2\/comments?post=311640"}],"version-history":[{"count":0,"href":"https:\/\/www.europesays.com\/fr\/wp-json\/wp\/v2\/posts\/311640\/revisions"}],"wp:featuredmedia":[{"embeddable":true,"href":"https:\/\/www.europesays.com\/fr\/wp-json\/wp\/v2\/media\/311641"}],"wp:attachment":[{"href":"https:\/\/www.europesays.com\/fr\/wp-json\/wp\/v2\/media?parent=311640"}],"wp:term":[{"taxonomy":"category","embeddable":true,"href":"https:\/\/www.europesays.com\/fr\/wp-json\/wp\/v2\/categories?post=311640"},{"taxonomy":"post_tag","embeddable":true,"href":"https:\/\/www.europesays.com\/fr\/wp-json\/wp\/v2\/tags?post=311640"}],"curies":[{"name":"wp","href":"https:\/\/api.w.org\/{rel}","templated":true}]}}