{"id":311642,"date":"2025-08-11T13:12:14","date_gmt":"2025-08-11T13:12:14","guid":{"rendered":"https:\/\/www.europesays.com\/fr\/311642\/"},"modified":"2025-08-11T13:12:14","modified_gmt":"2025-08-11T13:12:14","slug":"pres-de-lyon-un-camion-prend-feu-sur-lautoroute-a46-la-circulation-coupee-en-urgence","status":"publish","type":"post","link":"https:\/\/www.europesays.com\/fr\/311642\/","title":{"rendered":"Pr\u00e8s de Lyon. Un camion prend feu sur l&rsquo;autoroute A46, la circulation coup\u00e9e en urgence"},"content":{"rendered":"<p>            Par<br \/>\n        <strong><br \/>\n            <a href=\"https:\/\/actu.fr\/auteur\/emma-ressegaire\" title=\"Consulter tous les articles de Emma Ressegaire\" target=\"_blank\" rel=\"noopener\">Emma Ressegaire<\/a><br \/>\n        <\/strong><\/p>\n<p>        Publi\u00e9 le<\/p>\n<p>            11 ao\u00fbt 2025 \u00e0 14h15        <\/p>\n<p>Ce lundi, vers 13 heures, un camion a pris feu \u00e0 hauteur de Communay sur l\u2019autoroute A46 en direction du sud.\u00a0<\/p>\n<p class=\" wall-content\">Par cons\u00e9quent, l\u2019autoroute, qui contourne l\u2019est lyonnais, est coup\u00e9e en direction de Marseille et de Saint-Etienne \u00e0 hauteur de la sortie num\u00e9ro 16. La sortie est obligatoire.<\/p>\n<p class=\" wall-content\">\n<p>Intervention toujours en cours<\/p>\n<p class=\" wall-content\">Selon nos informations, 20 sapeurs-pompiers ont \u00e9t\u00e9 mobilis\u00e9s et sept engins ont \u00e9t\u00e9 d\u00e9ploy\u00e9s pour venir \u00e0 bout des flammes. \u00c0 l\u2019heure actuelle, l\u2019intervention des soldats du feu est toujours en cours et pourrait durer un moment \u00e0 cause du mat\u00e9riel particuli\u00e8rement inflammable que transporte le poids lourd.<\/p>\n<p class=\" wall-content\">En effet, le camion en feu transporte du papier et du carton.<\/p>\n<p class=\" wall-content\"><strong>Plus d\u2019informations \u00e0 venir\u2026<\/strong><\/p>\n<p class=\" wall-content\">Suivez toute l\u2019actualit\u00e9 de vos villes et m\u00e9dias favoris en vous inscrivant \u00e0 <a href=\"https:\/\/moncompte.actu.fr\" title=\"D\u00e9couvez Mon Actu\" rel=\"nofollow noopener\" data-trk=\"{&quot;cta&quot;:{&quot;action&quot;:&quot;https:\\\/\\\/moncompte.actu.fr&quot;,&quot;category&quot;:&quot;mon compte&quot;,&quot;from&quot;:&quot;article footer&quot;,&quot;name&quot;:&quot;Mon actu&quot;,&quot;type&quot;:&quot;cta&quot;}}\" target=\"_blank\">Mon Actu<\/a>.<\/p>\n","protected":false},"excerpt":{"rendered":"Par Emma Ressegaire Publi\u00e9 le 11 ao\u00fbt 2025 \u00e0 14h15 Ce lundi, vers 13 heures, un camion a&hellip;\n","protected":false},"author":2,"featured_media":311643,"comment_status":"","ping_status":"","sticky":false,"template":"","format":"standard","meta":{"footnotes":""},"categories":[1889],"tags":[1111,11,2430,3542,1777,674,118,1011,27,1310,2428,12,1311,25],"class_list":{"0":"post-311642","1":"post","2":"type-post","3":"status-publish","4":"format-standard","5":"has-post-thumbnail","7":"category-lyon","8":"tag-actu","9":"tag-actualites","10":"tag-auvergne-rhone-alpes","11":"tag-circulation","12":"tag-eu","13":"tag-europe","14":"tag-faits-divers","15":"tag-fr","16":"tag-france","17":"tag-incendie","18":"tag-lyon","19":"tag-news","20":"tag-pompiers","21":"tag-republique-francaise"},"share_on_mastodon":{"url":"https:\/\/pubeurope.com\/@fr\/115010308914620603","error":""},"_links":{"self":[{"href":"https:\/\/www.europesays.com\/fr\/wp-json\/wp\/v2\/posts\/311642","targetHints":{"allow":["GET"]}}],"collection":[{"href":"https:\/\/www.europesays.com\/fr\/wp-json\/wp\/v2\/posts"}],"about":[{"href":"https:\/\/www.europesays.com\/fr\/wp-json\/wp\/v2\/types\/post"}],"author":[{"embeddable":true,"href":"https:\/\/www.europesays.com\/fr\/wp-json\/wp\/v2\/users\/2"}],"replies":[{"embeddable":true,"href":"https:\/\/www.europesays.com\/fr\/wp-json\/wp\/v2\/comments?post=311642"}],"version-history":[{"count":0,"href":"https:\/\/www.europesays.com\/fr\/wp-json\/wp\/v2\/posts\/311642\/revisions"}],"wp:featuredmedia":[{"embeddable":true,"href":"https:\/\/www.europesays.com\/fr\/wp-json\/wp\/v2\/media\/311643"}],"wp:attachment":[{"href":"https:\/\/www.europesays.com\/fr\/wp-json\/wp\/v2\/media?parent=311642"}],"wp:term":[{"taxonomy":"category","embeddable":true,"href":"https:\/\/www.europesays.com\/fr\/wp-json\/wp\/v2\/categories?post=311642"},{"taxonomy":"post_tag","embeddable":true,"href":"https:\/\/www.europesays.com\/fr\/wp-json\/wp\/v2\/tags?post=311642"}],"curies":[{"name":"wp","href":"https:\/\/api.w.org\/{rel}","templated":true}]}}