{"id":311648,"date":"2025-08-11T13:16:11","date_gmt":"2025-08-11T13:16:11","guid":{"rendered":"https:\/\/www.europesays.com\/fr\/311648\/"},"modified":"2025-08-11T13:16:11","modified_gmt":"2025-08-11T13:16:11","slug":"ligue-1-les-nouveaux-maillots-du-paris-fc-en-image","status":"publish","type":"post","link":"https:\/\/www.europesays.com\/fr\/311648\/","title":{"rendered":"Ligue 1\u00a0: les nouveaux maillots du Paris FC en image"},"content":{"rendered":"<p class=\"paragraph text_align_left lp-f-body-02\">\u00c0 six jours de son premier match de Ligue 1 \u00e0 Angers,<a href=\"https:\/\/www.leparisien.fr\/sports\/football\/paris-fc\/\" target=\"_self\" rel=\"nofollow noopener\"> le Paris FC<\/a> a d\u00e9voil\u00e9 ce lundi matin ses deux maillots, domicile et ext\u00e9rieur en collaboration avec son \u00e9quipementier Adidas. Le maillot domicile garde sa dominante bleu marine fonc\u00e9 avec l\u2019apparition d\u2019un col polo blanc et des fines rayures bleu clair sur les c\u00f4t\u00e9s.<\/p>\n<p><img decoding=\"async\" class=\"image \" loading=\"lazy\" src=\"https:\/\/www.europesays.com\/fr\/wp-content\/uploads\/2025\/08\/QUG4PFI6ABEAFLIDG5HECW7L3Q.jpg\" alt=\"Moustapha Mbow, Thibault De Smet et Maxime  Lopez avec le maillot domicile (DR\/Paris FC)\" align=\"\" data-rubrique-principale=\"\" data-article-type=\"\" fetchpriority=\"auto\"\/>Moustapha Mbow, Thibault De Smet et Maxime  Lopez avec le maillot domicile (DR\/Paris FC)<\/p>\n<p class=\"paragraph text_align_left lp-f-body-02\">Le maillot ext\u00e9rieur est \u00e0 dominante blanc et travers\u00e9 par une bande bleu fonc\u00e9 et bleu clair. Un maillot qui ressemble fortement \u00e0 celui de la saison 2023-2024. La bande fait aussi r\u00e9f\u00e9rence au maillot de la saison 1978-1979, la derni\u00e8re du Paris FC en Ligue 1, o\u00f9 il arborait sur la face le logo d\u2019Europe 1.<\/p>\n<p><img decoding=\"async\" class=\"image \" loading=\"lazy\" src=\"https:\/\/www.europesays.com\/fr\/wp-content\/uploads\/2025\/08\/YA3IQJAJIVBSPKXD5LYNUNSGGU.jpg\" alt=\"Samir Chergui, Jean-Philippe Krasso et Noha Sangui avec le maillot ext\u00e9rieur du Paris FC.\" align=\"\" data-rubrique-principale=\"\" data-article-type=\"\" fetchpriority=\"auto\"\/>Samir Chergui, Jean-Philippe Krasso et Noha Sangui avec le maillot ext\u00e9rieur du Paris FC.<\/p>\n<p class=\"paragraph text_align_left lp-f-body-02\">Au niveau des sponsors, il n\u2019y a pas de grands changements. Le Royaume du Bahre\u00efn dont le contrat s\u2019\u00e9tend encore pour deux ans reste sponsor maillot principal avec son slogan Bahrain Victorious avec les logos d\u2019autres partenaires (Lyca Mobile, Renault, Google Pixel).<\/p>\n<p class=\"paragraph text_align_left lp-f-body-02\">Le maillot third \u00ab Jefe \u00bb en collaboration avec le rappeur Ninho \u00e0 dominante orange, avait lui \u00e9t\u00e9 <a href=\"https:\/\/www.leparisien.fr\/sports\/football\/paris-fc\/le-paris-fc-en-ligue-1-le-nouveau-maillot-du-club-devoile-par-rappeur-ninho-lors-de-son-concert-au-stade-de-france-03-05-2025-LWC2PTCYCFB6LJLHSVASVH5RGY.php\" target=\"_self\" rel=\"nofollow noopener\">d\u00e9voil\u00e9 par le rappeur lors de son concert au Stade de France<\/a> le 2 mai, le soir o\u00f9 le Paris FC a d\u00e9croch\u00e9 sa mont\u00e9e en Ligue 1 \u00e0 Martigues. Il a connu un grand succ\u00e8s et a \u00e9t\u00e9 en rupture de stock.<\/p>\n<p class=\"paragraph text_align_left lp-f-body-02\">Les nouveaux maillots 2025-2026 du Paris FC sont disponibles sur la boutique en ligne du club et les Adidas Store.<\/p>\n","protected":false},"excerpt":{"rendered":"\u00c0 six jours de son premier match de Ligue 1 \u00e0 Angers, le Paris FC a d\u00e9voil\u00e9 ce&hellip;\n","protected":false},"author":2,"featured_media":311649,"comment_status":"","ping_status":"","sticky":false,"template":"","format":"standard","meta":{"footnotes":""},"categories":[1888],"tags":[1111,1928,11,1927,1777,674,63,1011,27,66,12,1926,626,1925,25,60],"class_list":{"0":"post-311648","1":"post","2":"type-post","3":"status-publish","4":"format-standard","5":"has-post-thumbnail","7":"category-paris","8":"tag-actu","9":"tag-actu-paris","10":"tag-actualites","11":"tag-actualites-paris","12":"tag-eu","13":"tag-europe","14":"tag-football","15":"tag-fr","16":"tag-france","17":"tag-ligue-1","18":"tag-news","19":"tag-news-paris","20":"tag-paris","21":"tag-paris-news","22":"tag-republique-francaise","23":"tag-sports"},"share_on_mastodon":{"url":"https:\/\/pubeurope.com\/@fr\/115010324844328015","error":""},"_links":{"self":[{"href":"https:\/\/www.europesays.com\/fr\/wp-json\/wp\/v2\/posts\/311648","targetHints":{"allow":["GET"]}}],"collection":[{"href":"https:\/\/www.europesays.com\/fr\/wp-json\/wp\/v2\/posts"}],"about":[{"href":"https:\/\/www.europesays.com\/fr\/wp-json\/wp\/v2\/types\/post"}],"author":[{"embeddable":true,"href":"https:\/\/www.europesays.com\/fr\/wp-json\/wp\/v2\/users\/2"}],"replies":[{"embeddable":true,"href":"https:\/\/www.europesays.com\/fr\/wp-json\/wp\/v2\/comments?post=311648"}],"version-history":[{"count":0,"href":"https:\/\/www.europesays.com\/fr\/wp-json\/wp\/v2\/posts\/311648\/revisions"}],"wp:featuredmedia":[{"embeddable":true,"href":"https:\/\/www.europesays.com\/fr\/wp-json\/wp\/v2\/media\/311649"}],"wp:attachment":[{"href":"https:\/\/www.europesays.com\/fr\/wp-json\/wp\/v2\/media?parent=311648"}],"wp:term":[{"taxonomy":"category","embeddable":true,"href":"https:\/\/www.europesays.com\/fr\/wp-json\/wp\/v2\/categories?post=311648"},{"taxonomy":"post_tag","embeddable":true,"href":"https:\/\/www.europesays.com\/fr\/wp-json\/wp\/v2\/tags?post=311648"}],"curies":[{"name":"wp","href":"https:\/\/api.w.org\/{rel}","templated":true}]}}