{"id":311650,"date":"2025-08-11T13:17:16","date_gmt":"2025-08-11T13:17:16","guid":{"rendered":"https:\/\/www.europesays.com\/fr\/311650\/"},"modified":"2025-08-11T13:17:16","modified_gmt":"2025-08-11T13:17:16","slug":"ou-faire-du-yoga-en-plein-air-a-paris-nos-5-lieux-preferes-paris-select","status":"publish","type":"post","link":"https:\/\/www.europesays.com\/fr\/311650\/","title":{"rendered":"O\u00f9 faire du yoga en plein air \u00e0 Paris\u202f? Nos 5 lieux pr\u00e9f\u00e9r\u00e9s \u2013 Paris Select"},"content":{"rendered":"<p>Respirez. \u00c9tirez-vous. Retrouvez-vous. Cet \u00e9t\u00e9, repartez \u00e0 la rencontre de vous-m\u00eame, tout en douceur et au grand air. On vous d\u00e9voile <strong>5 lieux embl\u00e9matiques ou confidentiels<\/strong> pour vos s\u00e9ances de yoga en plein air \u00e0 Paris.<\/p>\n<p>Square Koufra \u2013 S\u00e9quence douce au c\u0153ur du 14\u1d49<\/p>\n<p><img loading=\"lazy\" decoding=\"async\" width=\"549\" height=\"309\" src=\"data:image\/svg+xml,%3Csvg%20xmlns=\" http:=\"\" alt=\"\" class=\"wp-image-176236\" style=\"width:840px;height:auto\" data-lazy- data-lazy- data-lazy-src=\"https:\/\/www.europesays.com\/fr\/wp-content\/uploads\/2025\/08\/flower-colors-edited.jpg\"\/><\/p>\n<p>Chaque samedi apr\u00e8s-midi, le Square Koufra accueille les sessions du collectif Hustle Paris, ouvertes \u00e0 tous d\u00e8s 13 ans. Dans un cadre verdoyant et paisible, ces s\u00e9ances sont gratuites et sans inscription obligatoire. Le yoga y est pratiqu\u00e9 dans une ambiance d\u00e9tendue, avec un accent sur la respiration et l\u2019ancrage. Un excellent choix pour les d\u00e9butants ou ceux qui cherchent \u00e0 pratiquer sans pression.<\/p>\n<p>\ud83d\udccdSquare Serment de Koufra, 187 Rue de la L\u00e9gion \u00c9trang\u00e8re, 75014 Paris<\/p>\n<p>Parc Georges Brassens \u2013 Yoga doux les mercredis<\/p>\n<p><img loading=\"lazy\" decoding=\"async\" width=\"880\" height=\"495\" src=\"data:image\/svg+xml,%3Csvg%20xmlns=\" http:=\"\" alt=\"\" class=\"wp-image-176240\" data-lazy- data-lazy- data-lazy-src=\"https:\/\/www.europesays.com\/fr\/wp-content\/uploads\/2025\/08\/Parc-Georges-Brassens-novembre-2022-Paris-15-880x495.jpg\"\/><\/p>\n<p>Dans le calme du Parc Georges Brassens, Marie Mazeau propose un yoga doux et bienveillant, chaque mercredi de 18h15 \u00e0 19h15 durant le mois de juillet. Le cadre verdoyant et ombrag\u00e9 permet une v\u00e9ritable d\u00e9connexion en fin de journ\u00e9e. Le tarif reste abordable (15\u202f\u20ac), et l\u2019ambiance propice \u00e0 une pratique int\u00e9rieure et r\u00e9paratrice.<\/p>\n<p>\ud83d\udccdParc Georges Brassens, 2 Pl. Jacques Marette, 75015 Paris<\/p>\n<p>Parc de la Villette \u2013 Hatha yoga confidentiel<\/p>\n<p><img loading=\"lazy\" decoding=\"async\" width=\"1118\" height=\"628\" src=\"data:image\/svg+xml,%3Csvg%20xmlns=\" http:=\"\" alt=\"air\" class=\"wp-image-176260\" data-lazy- data-lazy- data-lazy-src=\"https:\/\/www.europesays.com\/fr\/wp-content\/uploads\/2025\/08\/Parc-La-Villette_Birds-eye-view_William-Beaucardet-cover-edited.jpg\"\/><\/p>\n<p>Le collectif NaturoYoga propose tout l\u2019\u00e9t\u00e9 des s\u00e9ances de Hatha Yoga int\u00e9gral sur la prairie du cercle sud du Parc de la Villette. Les groupes sont volontairement limit\u00e9s \u00e0 10 personnes, pour garantir un accompagnement qualitatif. On y travaille \u00e0 la fois le souffle, la posture et la pleine conscience corporelle, dans un cadre tr\u00e8s arbor\u00e9 et apaisant.<\/p>\n<p>\ud83d\udccdLa Villette, 211 Av. Jean Jaur\u00e8s, 75019 Paris<\/p>\n<p>Tuileries &amp; Buttes-Chaumont \u2013 Yoga Vinyasa en anglais<\/p>\n<p><img loading=\"lazy\" decoding=\"async\" width=\"956\" height=\"538\" src=\"data:image\/svg+xml,%3Csvg%20xmlns=\" http:=\"\" alt=\"air\" class=\"wp-image-176256\" data-lazy- data-lazy- data-lazy-src=\"https:\/\/www.europesays.com\/fr\/wp-content\/uploads\/2025\/08\/parc-des-Buttes-Chaumont-de-Paris-1024x538-jpg-edited.webp.webp\"\/><\/p>\n<p>Organis\u00e9s via Meetup, ces cours de Vinyasa <a href=\"https:\/\/www.parisselectbook.com\/category\/beaute\/bien-etre\/\" rel=\"nofollow noopener\" target=\"_blank\">Yoga <\/a>se tiennent r\u00e9guli\u00e8rement dans les Tuileries ou aux Buttes-Chaumont, souvent en anglais. Id\u00e9al pour les anglophones ou les voyageurs, ces s\u00e9ances offrent une pratique dynamique, ouverte \u00e0 tous niveaux, et une belle opportunit\u00e9 de rencontrer d\u2019autres pratiquants. Comptez environ 15\u202f\u20ac la s\u00e9ance.<\/p>\n<p>\ud83d\udccdParc des Buttes-Chaumont, 75019 Paris<\/p>\n<p>Jardin Nelson Mandela \u2013 Yoga urbain en plein centre<\/p>\n<p><img loading=\"lazy\" decoding=\"async\" width=\"1440\" height=\"720\" src=\"data:image\/svg+xml,%3Csvg%20xmlns=\" http:=\"\" alt=\"air\" class=\"wp-image-176252\" data-lazy-src=\"https:\/\/www.parisselectbook.com\/wp-content\/uploads\/2025\/06\/ill_1352968_c302_ill_1311632_jardin-halles.avif\"\/><\/p>\n<p class=\"has-text-align-left\">Chaque mardi matin, le <strong>Jardin Nelson Mandela<\/strong>, au c\u0153ur des Halles, accueille des sessions de yoga gratuites anim\u00e9es par <strong>Oly Be<\/strong>. Les organisateurs fournissent le mat\u00e9riel (tapis, serviette, blocs), ce qui rend cette option id\u00e9ale pour les actifs du centre-ville ou les promeneurs matinaux. L\u2019espace, ouvert et lumineux, permet de pratiquer au pied de l\u2019\u00e9glise Saint-Eustache, dans une <strong>ambiance paisible au c\u0153ur du tumulte parisien<\/strong>.<\/p>\n<p>\ud83d\udccdJardin Nelson Mandela, 32 Rue Berger, 75001 Paris<\/p>\n","protected":false},"excerpt":{"rendered":"Respirez. \u00c9tirez-vous. Retrouvez-vous. Cet \u00e9t\u00e9, repartez \u00e0 la rencontre de vous-m\u00eame, tout en douceur et au grand air.&hellip;\n","protected":false},"author":2,"featured_media":311651,"comment_status":"","ping_status":"","sticky":false,"template":"","format":"standard","meta":{"footnotes":""},"categories":[1888],"tags":[1111,1928,11,1927,1777,674,1011,27,12,1926,626,1925,25],"class_list":{"0":"post-311650","1":"post","2":"type-post","3":"status-publish","4":"format-standard","5":"has-post-thumbnail","7":"category-paris","8":"tag-actu","9":"tag-actu-paris","10":"tag-actualites","11":"tag-actualites-paris","12":"tag-eu","13":"tag-europe","14":"tag-fr","15":"tag-france","16":"tag-news","17":"tag-news-paris","18":"tag-paris","19":"tag-paris-news","20":"tag-republique-francaise"},"share_on_mastodon":{"url":"https:\/\/pubeurope.com\/@fr\/115010328664683308","error":""},"_links":{"self":[{"href":"https:\/\/www.europesays.com\/fr\/wp-json\/wp\/v2\/posts\/311650","targetHints":{"allow":["GET"]}}],"collection":[{"href":"https:\/\/www.europesays.com\/fr\/wp-json\/wp\/v2\/posts"}],"about":[{"href":"https:\/\/www.europesays.com\/fr\/wp-json\/wp\/v2\/types\/post"}],"author":[{"embeddable":true,"href":"https:\/\/www.europesays.com\/fr\/wp-json\/wp\/v2\/users\/2"}],"replies":[{"embeddable":true,"href":"https:\/\/www.europesays.com\/fr\/wp-json\/wp\/v2\/comments?post=311650"}],"version-history":[{"count":0,"href":"https:\/\/www.europesays.com\/fr\/wp-json\/wp\/v2\/posts\/311650\/revisions"}],"wp:featuredmedia":[{"embeddable":true,"href":"https:\/\/www.europesays.com\/fr\/wp-json\/wp\/v2\/media\/311651"}],"wp:attachment":[{"href":"https:\/\/www.europesays.com\/fr\/wp-json\/wp\/v2\/media?parent=311650"}],"wp:term":[{"taxonomy":"category","embeddable":true,"href":"https:\/\/www.europesays.com\/fr\/wp-json\/wp\/v2\/categories?post=311650"},{"taxonomy":"post_tag","embeddable":true,"href":"https:\/\/www.europesays.com\/fr\/wp-json\/wp\/v2\/tags?post=311650"}],"curies":[{"name":"wp","href":"https:\/\/api.w.org\/{rel}","templated":true}]}}