{"id":311659,"date":"2025-08-11T13:22:13","date_gmt":"2025-08-11T13:22:13","guid":{"rendered":"https:\/\/www.europesays.com\/fr\/311659\/"},"modified":"2025-08-11T13:22:13","modified_gmt":"2025-08-11T13:22:13","slug":"la-criminalite-explose-t-elle-a-washington-comme-laffirme-donald-trump","status":"publish","type":"post","link":"https:\/\/www.europesays.com\/fr\/311659\/","title":{"rendered":"la criminalit\u00e9 explose-t-elle \u00e0 Washington, comme l\u2019affirme Donald Trump ?"},"content":{"rendered":"<p>Le pr\u00e9sident am\u00e9ricain, qui menace de \u00abprendre le contr\u00f4le f\u00e9d\u00e9ral de la ville\u00bb, doit tenir ce lundi une conf\u00e9rence de presse.<\/p>\n<p class=\"fig-paragraph\">Donald Trump tiendra ce lundi 11 ao\u00fbt une conf\u00e9rence de presse avec pour objectif de \u00abmettre un terme aux crimes violents \u00e0 Washington\u00bb. Depuis plusieurs jours, la capitale f\u00e9d\u00e9rale des\u00a0<a href=\"https:\/\/www.lefigaro.fr\/tag\/etats-unis\" target=\"_blank\" rel=\"noopener\" data-gtm-custom-categorie=\"navigation\" data-gtm-custom-action=\"crossclick\" data-gtm-custom-label=\"Contextuel\" data-gtm-event=\"customEventSPE\">\u00c9tats-Unis<\/a>, dirig\u00e9e par une maire d\u00e9mocrate, est la cible des\u00a0<a href=\"http:\/\/www.lefigaro.fr\/international\/etats-unis-trump-menace-de-prendre-le-controle-de-l-horrible-capitale-washington-20250807\" target=\"_blank\" data-fig-type=\"NewsFlash\" rel=\"noopener\" data-gtm-custom-categorie=\"navigation\" data-gtm-custom-action=\"crossclick\" data-gtm-custom-label=\"Contextuel\" data-gtm-event=\"customEventSPE\" data-fig-domain=\"LEFIGARO\">foudres pr\u00e9sidentielles<\/a>. La semaine derni\u00e8re, le\u00a0<a href=\"http:\/\/www.lefigaro.fr\/international\/donald-trump-prend-le-risque-d-offrir-a-vladimir-poutine-une-victoire-diplomatique-inesperee-20250810\" target=\"_blank\" data-fig-type=\"Article\" rel=\"noopener\" data-gtm-custom-categorie=\"navigation\" data-gtm-custom-action=\"crossclick\" data-gtm-custom-label=\"Contextuel\" data-gtm-event=\"customEventSPE\" data-fig-domain=\"LEFIGARO\">pr\u00e9sident r\u00e9publicain<\/a>\u00a0a affirm\u00e9 que Washington \u00e9tait une ville \u00abcrasseuse\u00bb, \u00ab\u00e0 la criminalit\u00e9 end\u00e9mique\u00bb et \u00abhors de contr\u00f4le\u00bb.<\/p>\n<p class=\"fig-paragraph\">Le 6 ao\u00fbt, le Potus a, une nouvelle fois, menac\u00e9 de la f\u00e9d\u00e9raliser et \u00abd\u2019avoir recours \u00e0 la Garde nationale\u00bb.\u00a0<a href=\"http:\/\/www.lefigaro.fr\/international\/a-l-origine-de-la-menace-de-trump-d-une-prise-de-controle-de-washington-l-agression-d-un-ex-membre-du-doge-20250807\" target=\"_blank\" data-fig-type=\"Article\" rel=\"noopener\" data-gtm-custom-categorie=\"navigation\" data-gtm-custom-action=\"crossclick\" data-gtm-custom-label=\"Contextuel\" data-gtm-event=\"customEventSPE\" data-fig-domain=\"LEFIGARO\">L\u2019agression, dimanche, d\u2019un membre du D\u00e9partement de l\u2019efficacit\u00e9 gouvernementale<\/a>\u00a0(Doge) est \u00e0 l\u2019origine de ces intimidations. Mais Washington est-elle devenue, comme l\u2019affirme le locataire de la Maison-Blanche\u00a0<a href=\"https:\/\/truthsocial.com\/@realDonaldTrump\/posts\/114999087271735961\" target=\"_blank\" rel=\"noopener\" data-gtm-custom-categorie=\"navigation\" data-gtm-custom-action=\"crossclick\" data-gtm-custom-label=\"Contextuel\" data-gtm-event=\"customEventSPE\">sur son r\u00e9seau Truth Social<\/a>\u00a0sans donner de rep\u00e8res chronologiques, \u00abl\u2019une des villes les plus dangereuses au monde\u00bb\u00a0?\u00a0Voire, d\u2019apr\u00e8s les mots de Stephen Miller, chef adjoint du cabinet de Donald Trump \u00e0 la Maison-Blanche, \u00abplus violente que Bagdad\u00bb ?<\/p>\n<p>                                    <a class=\"fig-a11y-skip a11y-hidden\" href=\"#fig-a11y-skip-main-inarticle\"><br \/>\n        Passer la publicit\u00e9<br \/>\n    <\/a><\/p>\n<p>Une baisse globale de la criminalit\u00e9 depuis 30 ans&#8230;<\/p>\n<p class=\"fig-paragraph\">Selon le d\u00e9partement de la Justice am\u00e9ricain, qui se fonde sur les chiffres du d\u00e9partement de la police m\u00e9tropolitaine du District de Columbia (MPD), le service de police municipale de Washington, la criminalit\u00e9 violente dans la ville a atteint en 2024 son \u00abplus bas niveau depuis trente ans\u00bb. \u00abOutre la r\u00e9duction globale des crimes violents, les homicides ont diminu\u00e9 de 32 %, les vols ont diminu\u00e9 de 39 %, les d\u00e9tournements de voiture \u00e0 main arm\u00e9e ont diminu\u00e9 de 53 % et les agressions avec une arme dangereuse ont diminu\u00e9 de 27 % par rapport aux niveaux de 2023, le district signalant le moins d\u2019agressions avec des armes dangereuses et de cambriolages depuis plus de 30 ans\u00bb, d\u00e9taille un\u00a0<a href=\"https:\/\/www.justice.gov\/usao-dc\/pr\/violent-crime-dc-hits-30-year-low\" target=\"_blank\" rel=\"noopener\" data-gtm-custom-categorie=\"navigation\" data-gtm-custom-action=\"crossclick\" data-gtm-custom-label=\"Contextuel\" data-gtm-event=\"customEventSPE\">communiqu\u00e9 de presse<\/a>\u00a0publi\u00e9 d\u00e9but janvier 2025.<\/p>\n<p class=\"fig-paragraph\">Cette tendance,\u00a0<a href=\"https:\/\/mpdc.dc.gov\/dailycrime\" target=\"_blank\" rel=\"noopener\" data-gtm-custom-categorie=\"navigation\" data-gtm-custom-action=\"crossclick\" data-gtm-custom-label=\"Contextuel\" data-gtm-event=\"customEventSPE\">selon les donn\u00e9es pr\u00e9liminaires du MPD publi\u00e9es le 8 ao\u00fbt dernier<\/a>, semble se poursuivre. Entre ao\u00fbt 2024 et ao\u00fbt 2025, les crimes violents ont diminu\u00e9 \u00e0 Washington de 26%. Dans le d\u00e9tail, les homicides connaissent une baisse de 12%, les abus de sexuels de 49%, les agressions avec une arme dangereuse de 20% et les vols de 28%. Les cambriolages, eux, baissent de 19%, quand les vols de voitures diminuent de 4%. Au total, toutes cat\u00e9gories confondues, les crimes baissent de 7% en un an sur la m\u00eame p\u00e9riode.<\/p>\n<p>&#8230; Malgr\u00e9 une hausse des homicides ces dix derni\u00e8res ann\u00e9es<\/p>\n<p class=\"fig-paragraph\">Pour autant, leur nombre reste \u00e9lev\u00e9 puisque 15.456 infractions et crimes ont d\u2019ores et d\u00e9j\u00e0 \u00e9t\u00e9 recens\u00e9s \u00e0 Washington D.C. depuis le 1er janvier 2025. De m\u00eame &#8211; et pour ne prendre que cet exemple &#8211; bien que le nombre d\u2019homicides recens\u00e9s dans la capitale f\u00e9d\u00e9rale am\u00e9ricaine soit en nette baisse depuis 1990 (-61%), leur occurrence est en hausse ces dix derni\u00e8res ann\u00e9es\u00a0: de 105 en 2014 \u00e0 187 en 2024 (+78%) avec un pic de 274 homicides en 2023.<\/p>\n<p class=\"fig-paragraph\">Avec de tels chiffres, Washington D.C. est en 2024 la quatri\u00e8me ville avec le plus haut taux d\u2019homicides pour 100.000 habitants, selon une\u00a0<a href=\"https:\/\/www.rit.edu\/liberalarts\/sites\/rit.edu.liberalarts\/files\/docs\/CPSI%20Working%20Papers\/2025-02_CPSI%20Working%20Paper_US%20City%20Homicide%20Stats.pdf\" target=\"_blank\" rel=\"noopener\" data-gtm-custom-categorie=\"navigation\" data-gtm-custom-action=\"crossclick\" data-gtm-custom-label=\"Contextuel\" data-gtm-event=\"customEventSPE\">\u00e9tude de la Rochester Institute of Technology<\/a>\u00a0(RIT) publi\u00e9e en f\u00e9vrier 2022. La capitale f\u00e9d\u00e9rale se classe derri\u00e8re Saint-Louis (Missouri), la Nouvelle-Orl\u00e9ans (Louisiane) et D\u00e9troit (Michigan).<\/p>\n<p>D\u00e9linquance juv\u00e9nile<\/p>\n<p class=\"fig-paragraph\">Dans ses r\u00e9centes saillies, Donald Trump a aussi particuli\u00e8rement cibl\u00e9 la d\u00e9linquance juv\u00e9nile. \u00abDes jeunes et des membres de gangs, certains \u00e2g\u00e9s de seulement 14, 15 et 16 ans, agressent, agressent, mutilent et tirent au hasard sur des citoyens innocents, tout en sachant qu\u2019ils seront lib\u00e9r\u00e9s presque imm\u00e9diatement (&#8230;) La loi \u00e0 Washington doit \u00eatre modifi\u00e9e pour poursuivre ces \u201cmineurs\u201d comme des adultes et les enfermer pour de longues p\u00e9riodes, d\u00e8s l\u2019\u00e2ge de 14 ans\u00bb, a-t-il \u00e9crit sur Truth Social le 5 ao\u00fbt.<\/p>\n<p>                                    <a class=\"fig-a11y-skip a11y-hidden\" href=\"#fig-a11y-skip-main-inarticle_mtf\"><br \/>\n        Passer la publicit\u00e9<br \/>\n    <\/a><\/p>\n<p class=\"fig-paragraph\">Depuis 2020, le nombre de mineurs arr\u00eat\u00e9s \u00e0 Washington D.C. augmente chaque ann\u00e9e. Rien qu\u2019entre 2023 et 2024, plus de 2000 hommes et femmes \u00e2g\u00e9s tout au plus de 17 ans ont \u00e9t\u00e9 arr\u00eat\u00e9s,\u00a0<a href=\"https:\/\/www.nbcwashington.com\/news\/local\/dc-police-unit-to-focus-on-stopping-juvenile-crimes-before-they-happen\/3883054\/\" target=\"_blank\" rel=\"noopener\" data-gtm-custom-categorie=\"navigation\" data-gtm-custom-action=\"crossclick\" data-gtm-custom-label=\"Contextuel\" data-gtm-event=\"customEventSPE\">rappelle NBC4 Washington<\/a>. \u00abSelon la police, les mineurs ont \u00e9galement repr\u00e9sent\u00e9 51,8 % des arrestations pour vol en 2024. Environ 60 % des arrestations pour d\u00e9tournement de voiture effectu\u00e9es [entre janvier et mars ] 2025 concernent des mineurs, a indiqu\u00e9 la police\u00bb, ajoute la cha\u00eene de t\u00e9l\u00e9vision. Une probl\u00e9matique prise au s\u00e9rieux par la municipalit\u00e9 qui a cr\u00e9\u00e9 en avril dernier une unit\u00e9 ad hoc. L\u2019\u00e9dile Muriel Bowser a de m\u00eame\u00a0<a href=\"https:\/\/dc.gov\/release\/mayor-bowser-announces-emergency-legislation-amend-districts-juvenile-curfew-laws\" target=\"_blank\" rel=\"noopener\" data-gtm-custom-categorie=\"navigation\" data-gtm-custom-action=\"crossclick\" data-gtm-custom-label=\"Contextuel\" data-gtm-event=\"customEventSPE\">mis en place un couvre-feu cet \u00e9t\u00e9<\/a>\u00a0pour les mineurs jusqu\u2019\u00e0 17 ans.<\/p>\n<p>\u00abRendre le district de Columbia s\u00fbr, beau et prosp\u00e8re\u00bb<\/p>\n<p class=\"fig-paragraph\">Toujours dans son objectif de r\u00e9duire la criminalit\u00e9 \u00e0 Washington, Donald Trump s\u2019en prend \u00e9galement aux sans domiciles fixes de la capitale f\u00e9d\u00e9rale, \u00e0 qui il a somm\u00e9 de partir \u00abloin\u00bb et \u00abimm\u00e9diatement\u00bb de Washington. Une rh\u00e9torique qui abonde dans le sens d\u2019un\u00a0<a href=\"https:\/\/www.whitehouse.gov\/presidential-actions\/2025\/03\/making-the-district-of-columbia-safe-and-beautiful\/\" target=\"_blank\" rel=\"noopener\" data-gtm-custom-categorie=\"navigation\" data-gtm-custom-action=\"crossclick\" data-gtm-custom-label=\"Contextuel\" data-gtm-event=\"customEventSPE\">d\u00e9cret sign\u00e9 en mars dernier<\/a>\u00a0qui a cr\u00e9\u00e9 la \u00abDC Safe and Beautiful Task Force\u00bb pour \u00abrendre le District de Columbia s\u00fbr, beau et prosp\u00e8re\u00bb. Ce programme comprend notamment le d\u00e9mant\u00e8lement des campements de sans-abri.<\/p>\n<p class=\"fig-paragraph\">Selon le rapport annuel du minist\u00e8re du Logement, Washington se classait en 2024 au 15e rang des grandes villes am\u00e9ricaines comptant le plus de sans-abri, avec plus de 5600 personnes recens\u00e9es.<\/p>\n","protected":false},"excerpt":{"rendered":"Le pr\u00e9sident am\u00e9ricain, qui menace de \u00abprendre le contr\u00f4le f\u00e9d\u00e9ral de la ville\u00bb, doit tenir ce lundi une&hellip;\n","protected":false},"author":2,"featured_media":311660,"comment_status":"","ping_status":"","sticky":false,"template":"","format":"standard","meta":{"footnotes":""},"categories":[1589],"tags":[11,75,73,1866,12,1864,1865,1863,308,9030],"class_list":{"0":"post-311659","1":"post","2":"type-post","3":"status-publish","4":"format-standard","5":"has-post-thumbnail","7":"category-etats-unis","8":"tag-actualites","9":"tag-donald-trump","10":"tag-etats-unis","11":"tag-etats-unis-damerique","12":"tag-news","13":"tag-united-states","14":"tag-united-states-of-america","15":"tag-us","16":"tag-usa","17":"tag-washington-dc"},"share_on_mastodon":{"url":"https:\/\/pubeurope.com\/@fr\/115010348208769581","error":""},"_links":{"self":[{"href":"https:\/\/www.europesays.com\/fr\/wp-json\/wp\/v2\/posts\/311659","targetHints":{"allow":["GET"]}}],"collection":[{"href":"https:\/\/www.europesays.com\/fr\/wp-json\/wp\/v2\/posts"}],"about":[{"href":"https:\/\/www.europesays.com\/fr\/wp-json\/wp\/v2\/types\/post"}],"author":[{"embeddable":true,"href":"https:\/\/www.europesays.com\/fr\/wp-json\/wp\/v2\/users\/2"}],"replies":[{"embeddable":true,"href":"https:\/\/www.europesays.com\/fr\/wp-json\/wp\/v2\/comments?post=311659"}],"version-history":[{"count":0,"href":"https:\/\/www.europesays.com\/fr\/wp-json\/wp\/v2\/posts\/311659\/revisions"}],"wp:featuredmedia":[{"embeddable":true,"href":"https:\/\/www.europesays.com\/fr\/wp-json\/wp\/v2\/media\/311660"}],"wp:attachment":[{"href":"https:\/\/www.europesays.com\/fr\/wp-json\/wp\/v2\/media?parent=311659"}],"wp:term":[{"taxonomy":"category","embeddable":true,"href":"https:\/\/www.europesays.com\/fr\/wp-json\/wp\/v2\/categories?post=311659"},{"taxonomy":"post_tag","embeddable":true,"href":"https:\/\/www.europesays.com\/fr\/wp-json\/wp\/v2\/tags?post=311659"}],"curies":[{"name":"wp","href":"https:\/\/api.w.org\/{rel}","templated":true}]}}