{"id":311661,"date":"2025-08-11T13:23:13","date_gmt":"2025-08-11T13:23:13","guid":{"rendered":"https:\/\/www.europesays.com\/fr\/311661\/"},"modified":"2025-08-11T13:23:13","modified_gmt":"2025-08-11T13:23:13","slug":"en-grande-bretagne-nigel-farage-surfe-sur-la-colere-de-la-classe-ouvriere-blanche","status":"publish","type":"post","link":"https:\/\/www.europesays.com\/fr\/311661\/","title":{"rendered":"En Grande-Bretagne, Nigel Farage surfe sur la col\u00e8re de la classe ouvri\u00e8re blanche"},"content":{"rendered":"<p>Du jamais-vu. L\u2019\u00e9t\u00e9 dernier, des \u00e9meutes spectaculaires ont<br \/>\nbalay\u00e9 la Grande-Bretagne apr\u00e8s l\u2019assassinat de trois fillettes \u00e0<br \/>\nSouthport, dans le nord-ouest du pays, par un Britannique d\u2019origine<br \/>\nrwandaise, le 29\u00a0juillet\u00a02024.<\/p>\n<p>Des groupes d\u2019hommes issus de la classe ouvri\u00e8re blanche ont<br \/>\ninvesti les villes du nord et du centre pour s\u2019attaquer \u00e0 des<br \/>\ncentres d\u2019accueil de migrants, des entreprises associ\u00e9es \u00e0 la<br \/>\ncommunaut\u00e9 musulmane et des mosqu\u00e9es \u2013 la rumeur d\u00e9signant le tueur<br \/>\ncomme un demandeur d\u2019asile ou un islamiste.<\/p>\n<p>\u00ab\u00a0La vitesse de la d\u00e9vastation a \u00e9t\u00e9<br \/>\nimmense\u00a0\u00bb, t\u00e9moigne Chris Howson, pr\u00eatre anglican et<br \/>\naum\u00f4nier de l\u2019universit\u00e9 de Sunderland, grand port industriel du<br \/>\nnord-est de l\u2019Angleterre. \u00ab\u00a0Des locaux se sont m\u00eal\u00e9s \u00e0 des<br \/>\ngens venus de tout le pays pour saccager Sunderland, le<br \/>\n2\u00a0ao\u00fbt\u00a02024. Beaucoup n\u2019avaient que 15 ou 16 ans. Ils<br \/>\ns\u2019enivraient dans les pubs avant de s\u2019attaquer \u00e0 des coursiers,<br \/>\nassimil\u00e9s aux migrants, et des mosqu\u00e9es. La police a \u00e9t\u00e9 d\u00e9pass\u00e9e<br \/>\npar leur nombre. J\u2019ai chass\u00e9 des jeunes qui brisaient les pierres<br \/>\ntombales du cimeti\u00e8re de la cath\u00e9drale\u00a0pour s\u2019en servir comme<br \/>\nprojectiles\u2026 Finalement, la pluie a commenc\u00e9 \u00e0 tomber et l\u2019\u00e9meute<br \/>\ns\u2019est interrompue\u00a0\u00bb, raconte le r\u00e9v\u00e9rend, qui atteste<br \/>\nd\u2019un \u00ab\u00a0profond impact moral\u00a0\u00bb sur la ville et la<br \/>\nr\u00e9gion.<\/p>\n<p>Un an plus tard, le choc de l\u2019\u00e9t\u00e9 2024 se fait encore sentir<br \/>\ndans la soci\u00e9t\u00e9 britannique. Des manifestations anti-immigration se<br \/>\npoursuivent dans de nombreuses localit\u00e9s, comme \u00e0 Nuneaton, ville<br \/>\ndes Midlands o\u00f9 deux demandeurs d\u2019asile afghans sont<br \/>\naccus\u00e9s d\u2019avoir viol\u00e9 une fille de 12 ans.<\/p>\n<p>Vieux routier de la politique britannique\u00a0<\/p>\n<p>\u00ab Je<\/p>\n","protected":false},"excerpt":{"rendered":"Du jamais-vu. L\u2019\u00e9t\u00e9 dernier, des \u00e9meutes spectaculaires ont balay\u00e9 la Grande-Bretagne apr\u00e8s l\u2019assassinat de trois fillettes \u00e0 Southport,&hellip;\n","protected":false},"author":2,"featured_media":311662,"comment_status":"","ping_status":"","sticky":false,"template":"","format":"standard","meta":{"footnotes":""},"categories":[1588],"tags":[11,1777,674,12,473,1853,1851,1850,1852],"class_list":{"0":"post-311661","1":"post","2":"type-post","3":"status-publish","4":"format-standard","5":"has-post-thumbnail","7":"category-royaume-uni","8":"tag-actualites","9":"tag-eu","10":"tag-europe","11":"tag-news","12":"tag-royaume-uni","13":"tag-royaume-uni-de-grande-bretagne-et-dirlande-du-nord","14":"tag-uk","15":"tag-united-kingdom","16":"tag-united-kingdom-of-great-britain-and-northern-ireland"},"share_on_mastodon":{"url":"https:\/\/pubeurope.com\/@fr\/115010352136659647","error":""},"_links":{"self":[{"href":"https:\/\/www.europesays.com\/fr\/wp-json\/wp\/v2\/posts\/311661","targetHints":{"allow":["GET"]}}],"collection":[{"href":"https:\/\/www.europesays.com\/fr\/wp-json\/wp\/v2\/posts"}],"about":[{"href":"https:\/\/www.europesays.com\/fr\/wp-json\/wp\/v2\/types\/post"}],"author":[{"embeddable":true,"href":"https:\/\/www.europesays.com\/fr\/wp-json\/wp\/v2\/users\/2"}],"replies":[{"embeddable":true,"href":"https:\/\/www.europesays.com\/fr\/wp-json\/wp\/v2\/comments?post=311661"}],"version-history":[{"count":0,"href":"https:\/\/www.europesays.com\/fr\/wp-json\/wp\/v2\/posts\/311661\/revisions"}],"wp:featuredmedia":[{"embeddable":true,"href":"https:\/\/www.europesays.com\/fr\/wp-json\/wp\/v2\/media\/311662"}],"wp:attachment":[{"href":"https:\/\/www.europesays.com\/fr\/wp-json\/wp\/v2\/media?parent=311661"}],"wp:term":[{"taxonomy":"category","embeddable":true,"href":"https:\/\/www.europesays.com\/fr\/wp-json\/wp\/v2\/categories?post=311661"},{"taxonomy":"post_tag","embeddable":true,"href":"https:\/\/www.europesays.com\/fr\/wp-json\/wp\/v2\/tags?post=311661"}],"curies":[{"name":"wp","href":"https:\/\/api.w.org\/{rel}","templated":true}]}}