{"id":311663,"date":"2025-08-11T13:24:12","date_gmt":"2025-08-11T13:24:12","guid":{"rendered":"https:\/\/www.europesays.com\/fr\/311663\/"},"modified":"2025-08-11T13:24:12","modified_gmt":"2025-08-11T13:24:12","slug":"le-chancelier-allemand-defend-sa-decision-darreter-certaines-livraisons-darmes-a-israel-rts-ch","status":"publish","type":"post","link":"https:\/\/www.europesays.com\/fr\/311663\/","title":{"rendered":"Le chancelier allemand d\u00e9fend sa d\u00e9cision d&rsquo;arr\u00eater certaines livraisons d&rsquo;armes \u00e0 Isra\u00ebl &#8211; rts.ch"},"content":{"rendered":"<p>Le chancelier allemand Friedrich Merz fait face \u00e0 de vives critiques au sein de son propre camp apr\u00e8s avoir d\u00e9cid\u00e9 de suspendre certaines livraisons d&rsquo;armes \u00e0 Isra\u00ebl, rompant ainsi un soutien historique de son pays \u00e0 l\u2019Etat h\u00e9breu.\u00a0<\/p>\n<p>\u00ab\u00a0La R\u00e9publique f\u00e9d\u00e9rale d&rsquo;Allemagne est aux c\u00f4t\u00e9s d&rsquo;Isra\u00ebl depuis 80 ans. Cela ne changera pas\u00a0\u00bb, a d\u00e9clar\u00e9 Rudolf Merz \u00e0 la cha\u00eene de t\u00e9l\u00e9vision ARD. \u00ab\u00a0Nous continuerons \u00e0 aider ce pays \u00e0 se d\u00e9fendre\u00a0\u00bb. Le chancelier allemand a d\u00fb interrompre ses vacances pour donner dimanche une interview \u00e0 la premi\u00e8re cha\u00eene de la t\u00e9l\u00e9vision publique.<\/p>\n<p>Vendredi, Rudolf Merz avait annonc\u00e9 que l&rsquo;Allemagne suspendait l&rsquo;exportation d&rsquo;\u00e9quipements militaires susceptibles d&rsquo;\u00eatre utilis\u00e9s dans la bande de Gaza, en r\u00e9ponse aux projets isra\u00e9liens de prendre le contr\u00f4le de la ville de Gaza.<\/p>\n<p>\u00ab\u00a0Un point de d\u00e9saccord\u00a0\u00bb<\/p>\n<p>Cet embargo partiel sur les armes a suscit\u00e9 des critiques publiques de la part de membres de son parti, la CDU, notamment de son organisation de jeunesse, selon laquelle cette d\u00e9cision va \u00e0 l&rsquo;encontre des principes fondamentaux de l&rsquo;Allemagne et du parti.<\/p>\n<p>Le chancelier a affirm\u00e9 avoir rassur\u00e9 le pr\u00e9sident isra\u00e9lien dimanche matin en lui affirmant que l&rsquo;Allemagne ne rompait pas son amiti\u00e9 traditionnelle avec Isra\u00ebl.<\/p>\n<p>\u00ab\u00a0Nous avons un point de d\u00e9saccord, qui concerne l&rsquo;action militaire d&rsquo;Isra\u00ebl dans la bande de Gaza\u00a0\u00bb, a-t-il d\u00e9clar\u00e9. \u00ab\u00a0C&rsquo;est quelque chose qu&rsquo;une amiti\u00e9 peut supporter\u00a0\u00bb.<\/p>\n<p>Un ton plus dur envers Isra\u00ebl<\/p>\n<p>Jusqu&rsquo;\u00e0 r\u00e9cemment, Isra\u00ebl b\u00e9n\u00e9ficiait d&rsquo;un large soutien de la part de l&rsquo;ensemble du monde politique allemand. En raison de sa responsabilit\u00e9 historique dans l&rsquo;extermination de six millions de Juifs pendant la Seconde Guerre mondiale, l&rsquo;Allemagne \u00e9tait jusqu&rsquo;ici, avec les Etats-Unis, l&rsquo;un des plus grands soutiens d&rsquo;Isra\u00ebl.<\/p>\n<p>Contrairement \u00e0 la France, \u00e0 la Grande-Bretagne et au Canada, l&rsquo;Allemagne n&rsquo;a pas l&rsquo;intention de reconna\u00eetre un \u00c9tat palestinien en septembre, arguant que cette reconnaissance ne pourrait intervenir qu&rsquo;\u00e0 l&rsquo;issue des n\u00e9gociations isra\u00e9lo-palestiniennes.<\/p>\n<p>Mais le ton de Rudolf Merz \u00e0 l&rsquo;\u00e9gard d&rsquo;Isra\u00ebl s&rsquo;est durci ces derniers mois, alors que la situation humanitaire \u00e0 Gaza s&rsquo;est d\u00e9t\u00e9rior\u00e9e de mani\u00e8re dramatique, les experts des Nations Unies avertissant que la famine s&rsquo;installait dans ce territoire ravag\u00e9 par la guerre.<\/p>\n<p>Contenu externe<\/p>\n<p> Ce contenu externe ne peut pas \u00eatre affich\u00e9 car il est susceptible de collecter des donn\u00e9es personnelles. Pour voir ce contenu vous devez autoriser la cat\u00e9gorie <strong>Services Tiers<\/strong>. <\/p>\n<p> Accepter Plus d&rsquo;info <\/p>\n<p class=\"sources\">lan avec agences<\/p>\n","protected":false},"excerpt":{"rendered":"Le chancelier allemand Friedrich Merz fait face \u00e0 de vives critiques au sein de son propre camp apr\u00e8s&hellip;\n","protected":false},"author":2,"featured_media":311664,"comment_status":"","ping_status":"","sticky":false,"template":"","format":"standard","meta":{"footnotes":""},"categories":[1587],"tags":[11,672,10268,1804,7257,1805,554,1803,1777,674,4710,1801,418,664,7032,74,12,316,2543,1802],"class_list":{"0":"post-311663","1":"post","2":"type-post","3":"status-publish","4":"format-standard","5":"has-post-thumbnail","7":"category-allemagne","8":"tag-actualites","9":"tag-allemagne","10":"tag-arme","11":"tag-bundesrepublik-deutschland","12":"tag-critique","13":"tag-de","14":"tag-defense","15":"tag-deutschland","16":"tag-eu","17":"tag-europe","18":"tag-friedrich-merz","19":"tag-germany","20":"tag-gouvernement","21":"tag-israel","22":"tag-livraison","23":"tag-monde","24":"tag-news","25":"tag-politique","26":"tag-relations-internationales","27":"tag-republique-federale-dallemagne"},"share_on_mastodon":{"url":"https:\/\/pubeurope.com\/@fr\/115010356096602790","error":""},"_links":{"self":[{"href":"https:\/\/www.europesays.com\/fr\/wp-json\/wp\/v2\/posts\/311663","targetHints":{"allow":["GET"]}}],"collection":[{"href":"https:\/\/www.europesays.com\/fr\/wp-json\/wp\/v2\/posts"}],"about":[{"href":"https:\/\/www.europesays.com\/fr\/wp-json\/wp\/v2\/types\/post"}],"author":[{"embeddable":true,"href":"https:\/\/www.europesays.com\/fr\/wp-json\/wp\/v2\/users\/2"}],"replies":[{"embeddable":true,"href":"https:\/\/www.europesays.com\/fr\/wp-json\/wp\/v2\/comments?post=311663"}],"version-history":[{"count":0,"href":"https:\/\/www.europesays.com\/fr\/wp-json\/wp\/v2\/posts\/311663\/revisions"}],"wp:featuredmedia":[{"embeddable":true,"href":"https:\/\/www.europesays.com\/fr\/wp-json\/wp\/v2\/media\/311664"}],"wp:attachment":[{"href":"https:\/\/www.europesays.com\/fr\/wp-json\/wp\/v2\/media?parent=311663"}],"wp:term":[{"taxonomy":"category","embeddable":true,"href":"https:\/\/www.europesays.com\/fr\/wp-json\/wp\/v2\/categories?post=311663"},{"taxonomy":"post_tag","embeddable":true,"href":"https:\/\/www.europesays.com\/fr\/wp-json\/wp\/v2\/tags?post=311663"}],"curies":[{"name":"wp","href":"https:\/\/api.w.org\/{rel}","templated":true}]}}