{"id":311665,"date":"2025-08-11T13:25:12","date_gmt":"2025-08-11T13:25:12","guid":{"rendered":"https:\/\/www.europesays.com\/fr\/311665\/"},"modified":"2025-08-11T13:25:12","modified_gmt":"2025-08-11T13:25:12","slug":"ukraine-leurope-sefforce-dinfluencer-la-position-americaine-avant-la-rencontre-trump-poutine-11-08-2025-a-1502","status":"publish","type":"post","link":"https:\/\/www.europesays.com\/fr\/311665\/","title":{"rendered":"Ukraine-L&rsquo;Europe s&rsquo;efforce d&rsquo;influencer la position am\u00e9ricaine avant la rencontre Trump-Poutine &#8211; 11\/08\/2025 \u00e0 15:02"},"content":{"rendered":"<p>\n Le Premier ministre<br \/>\npolonais Donald Tusk a d\u00e9clar\u00e9 que les \u00c9tats-Unis s&rsquo;\u00e9taient<br \/>\nengag\u00e9s \u00e0 consulter l&rsquo;Europe avant la rencontre entre Vladimir<br \/>\nPoutine et Donald Trump pr\u00e9vue vendredi, les Vingt-Sept<br \/>\ncraignant que Washington ne dicte des conditions de paix<br \/>\nd\u00e9favorables \u00e0 l&rsquo;Ukraine.\n<\/p>\n<p>\n Les ministres des Affaires \u00e9trang\u00e8res des pays membres de<br \/>\nl&rsquo;Union europ\u00e9enne devaient tenir une vid\u00e9oconf\u00e9rence lundi<br \/>\napr\u00e8s-midi pour discuter de leur soutien \u00e0 Kyiv et de la r\u00e9union<br \/>\nentre les pr\u00e9sidents am\u00e9ricain et russe.\n<\/p>\n<p>\n Le pr\u00e9sident am\u00e9ricain Donald Trump a annonc\u00e9 la semaine<br \/>\nderni\u00e8re qu&rsquo;il rencontrerait son homologue russe en Alaska<br \/>\nvendredi pour n\u00e9gocier la fin de la guerre en Ukraine, qui dure<br \/>\ndepuis trois ans et demi.\n<\/p>\n<p>\n \u00ab\u00a0La partie am\u00e9ricaine a promis de consulter ses partenaires<br \/>\neurop\u00e9ens sur sa position avant la r\u00e9union en Alaska\u00a0\u00bb, a d\u00e9clar\u00e9<br \/>\nDonald Tusk lors d&rsquo;une conf\u00e9rence de presse lundi.\n<\/p>\n<p>\n \u00ab\u00a0J&rsquo;attendrai  &#8230;  les effets de la rencontre entre les<br \/>\npr\u00e9sidents Trump et Poutine &#8211; j&rsquo;ai beaucoup de craintes et<br \/>\nbeaucoup d&rsquo;espoir\u00a0\u00bb, a-t-il dit.\n<\/p>\n<p>\n Le pr\u00e9sident ukrainien Volodimir Zelensky a d\u00e9clar\u00e9 lundi<br \/>\nque des concessions \u00e0 Moscou ne persuaderaient pas la Russie<br \/>\nd&rsquo;arr\u00eater les combats en Ukraine et qu&rsquo;il \u00e9tait n\u00e9cessaire<br \/>\nd&rsquo;accro\u00eetre la pression sur le Kremlin.\n<\/p>\n<p>\n Les responsables europ\u00e9ens ont cherch\u00e9 \u00e0 influencer la<br \/>\nposition am\u00e9ricaine avant les pourparlers en Alaska, en<br \/>\ninsistant notamment sur la n\u00e9cessit\u00e9 de sauvegarder la<br \/>\nsouverainet\u00e9 de l&rsquo;Ukraine, de fournir des garanties de s\u00e9curit\u00e9<br \/>\net de permettre \u00e0 Kyiv de choisir sa propre voie.\n<\/p>\n<p>\n Le Premier ministre britannique Keir Starmer soutient<br \/>\n\u00e9galement les efforts de Donald Trump pour mettre fin \u00e0 la<br \/>\nguerre en l&rsquo;Ukraine, a d\u00e9clar\u00e9 lundi son porte-parole, ajoutant<br \/>\nque Kyiv devait \u00eatre impliqu\u00e9 dans tout accord visant \u00e0 mettre<br \/>\nfin aux combats.\n<\/p>\n<p>\n \u00ab\u00a0Nous ne ferons jamais confiance au pr\u00e9sident Poutine, mais<br \/>\nnous soutiendrons l&rsquo;Ukraine, le pr\u00e9sident Trump et les nations<br \/>\neurop\u00e9ennes alors que nous entrons dans ces n\u00e9gociations\u00a0\u00bb, a<br \/>\nd\u00e9clar\u00e9 le porte-parole aux journalistes.\n<\/p>\n<p>\n \u00ab\u00a0Toute paix doit \u00eatre construite avec l&rsquo;Ukraine, et non lui<br \/>\n\u00eatre impos\u00e9e, et nous ne r\u00e9compenserons pas l&rsquo;agression ni ne<br \/>\ncompromettrons la souverainet\u00e9. L&rsquo;Ukraine d\u00e9cidera de son propre<br \/>\navenir, et nous la soutiendrons \u00e0 chaque \u00e9tape.\u00a0\u00bb\n<\/p>\n<p>\n \u00ab\u00a0TOUT ACCORD DOIT INCLURE L&rsquo;UKRAINE ET L&rsquo;UE\u00a0\u00bb\n<\/p>\n<p>\n Le vice-pr\u00e9sident am\u00e9ricain JD Vance a rencontr\u00e9 des<br \/>\nresponsables europ\u00e9ens et ukrainiens au cours du week-end. Les<br \/>\ndirigeants europ\u00e9ens devraient multiplier les contacts avec<br \/>\nWashington dans les jours \u00e0 venir.\n<\/p>\n<p>\n \u00ab\u00a0Tout accord entre les \u00c9tats-Unis et la Russie doit inclure<br \/>\nl&rsquo;Ukraine et l&rsquo;UE, car il en va de la s\u00e9curit\u00e9 de l&rsquo;Ukraine et<br \/>\nde l&rsquo;ensemble de l&rsquo;Europe\u00a0\u00bb, a d\u00e9clar\u00e9 dimanche Kaja Kallas, la<br \/>\ncheffe de la diplomatie europ\u00e9enne.\n<\/p>\n<p>\n Les dirigeants europ\u00e9ens ont \u00e9galement soulign\u00e9 leur<br \/>\nattachement \u00e0 l&rsquo;id\u00e9e que les fronti\u00e8res internationales ne<br \/>\npeuvent \u00eatre modifi\u00e9es par la force, les Vingt-Sept craignant<br \/>\nqu&rsquo;un accord impos\u00e9 \u00e0 Kyiv ne cr\u00e9e un dangereux pr\u00e9c\u00e9dent.\n<\/p>\n<p>\n \u00ab\u00a0En ce qui concerne les questions territoriales, la position<br \/>\nrusse est pr\u00e9sent\u00e9e comme un \u00e9change de territoires, mais il<br \/>\ns&rsquo;agit d&rsquo;un \u00e9change plut\u00f4t unilat\u00e9ral\u00a0\u00bb, a d\u00e9clar\u00e9 un<br \/>\nfonctionnaire de la Commission europ\u00e9enne dimanche.\n<\/p>\n<p>\n \u00ab\u00a0Dans le contexte de ces discussions, l&rsquo;administration<br \/>\nam\u00e9ricaine a \u00e9t\u00e9 tr\u00e8s impliqu\u00e9e et a montr\u00e9 son int\u00e9r\u00eat \u00e0<br \/>\naligner sa position sur celle de l&rsquo;Europe\u00a0\u00bb, a-t-il ajout\u00e9.\n<\/p>\n<p>\n \u00ab\u00a0La garantie de s\u00e9curit\u00e9 la plus solide serait qu&rsquo;il n&rsquo;y ait<br \/>\npas de limitations sur les forces arm\u00e9es ukrainiennes et le<br \/>\nsoutien des pays tiers \u00e0 l&rsquo;Ukraine.\u00a0\u00bb\n<\/p>\n<p>\n (R\u00e9dig\u00e9 par Lili Bayer \u00e0 Bruxelles, Alan Charlish \u00e0 Varsovie,<br \/>\nYuliia Dysa \u00e0 Kyiv et Alistair Smout \u00e0 Londres, version<br \/>\nfran\u00e7aise Etienne Breban, \u00e9dit\u00e9 par Augustin Turpin)<\/p>\n","protected":false},"excerpt":{"rendered":"Le Premier ministre polonais Donald Tusk a d\u00e9clar\u00e9 que les \u00c9tats-Unis s&rsquo;\u00e9taient engag\u00e9s \u00e0 consulter l&rsquo;Europe avant la&hellip;\n","protected":false},"author":2,"featured_media":2486,"comment_status":"","ping_status":"","sticky":false,"template":"","format":"standard","meta":{"footnotes":""},"categories":[1586],"tags":[400,11,398,408,405,1777,674,1011,27,403,402,399,404,12,25,401,406,407],"class_list":{"0":"post-311665","1":"post","2":"type-post","3":"status-publish","4":"format-standard","5":"has-post-thumbnail","7":"category-europe","8":"tag-action-cac-40","9":"tag-actualites","10":"tag-bourse-de-paris","11":"tag-boursorama","12":"tag-cotations","13":"tag-eu","14":"tag-europe","15":"tag-fr","16":"tag-france","17":"tag-indices-devises","18":"tag-investir","19":"tag-investissement","20":"tag-marche-boursier","21":"tag-news","22":"tag-republique-francaise","23":"tag-sicav","24":"tag-trackers","25":"tag-warrants"},"share_on_mastodon":{"url":"https:\/\/pubeurope.com\/@fr\/115010360013821852","error":""},"_links":{"self":[{"href":"https:\/\/www.europesays.com\/fr\/wp-json\/wp\/v2\/posts\/311665","targetHints":{"allow":["GET"]}}],"collection":[{"href":"https:\/\/www.europesays.com\/fr\/wp-json\/wp\/v2\/posts"}],"about":[{"href":"https:\/\/www.europesays.com\/fr\/wp-json\/wp\/v2\/types\/post"}],"author":[{"embeddable":true,"href":"https:\/\/www.europesays.com\/fr\/wp-json\/wp\/v2\/users\/2"}],"replies":[{"embeddable":true,"href":"https:\/\/www.europesays.com\/fr\/wp-json\/wp\/v2\/comments?post=311665"}],"version-history":[{"count":0,"href":"https:\/\/www.europesays.com\/fr\/wp-json\/wp\/v2\/posts\/311665\/revisions"}],"wp:featuredmedia":[{"embeddable":true,"href":"https:\/\/www.europesays.com\/fr\/wp-json\/wp\/v2\/media\/2486"}],"wp:attachment":[{"href":"https:\/\/www.europesays.com\/fr\/wp-json\/wp\/v2\/media?parent=311665"}],"wp:term":[{"taxonomy":"category","embeddable":true,"href":"https:\/\/www.europesays.com\/fr\/wp-json\/wp\/v2\/categories?post=311665"},{"taxonomy":"post_tag","embeddable":true,"href":"https:\/\/www.europesays.com\/fr\/wp-json\/wp\/v2\/tags?post=311665"}],"curies":[{"name":"wp","href":"https:\/\/api.w.org\/{rel}","templated":true}]}}