{"id":311666,"date":"2025-08-11T13:26:17","date_gmt":"2025-08-11T13:26:17","guid":{"rendered":"https:\/\/www.europesays.com\/fr\/311666\/"},"modified":"2025-08-11T13:26:17","modified_gmt":"2025-08-11T13:26:17","slug":"18-etats-membres-dont-la-france-demandent-au-moins-127-milliards-deuros-au-titre-de-linstrument-de-defense-safe","status":"publish","type":"post","link":"https:\/\/www.europesays.com\/fr\/311666\/","title":{"rendered":"18 \u00c9tats membres, dont la France, demandent au moins 127 milliards d&rsquo;euros au titre de l&rsquo;instrument de d\u00e9fense SAFE"},"content":{"rendered":"<p>La Commission se f\u00e9licite de l&rsquo;int\u00e9r\u00eat manifest\u00e9 par la Belgique, la Bulgarie, la Tch\u00e9quie, l&rsquo;Estonie, la Gr\u00e8ce, l&rsquo;Espagne, la France, la Croatie, l&rsquo;Italie, Chypre, la Lettonie, la Lituanie, la Hongrie, la Pologne, le Portugal, la Roumanie, la Slovaquie et la Finlande pour acc\u00e9der \u00e0 des pr\u00eats au titre de l&rsquo;instrument \u00ab Action pour la s\u00e9curit\u00e9 en Europe\u00bb (<a href=\"https:\/\/ec.europa.eu\/commission\/presscorner\/detail\/en\/ip_25_1340\" rel=\"nofollow noopener\" target=\"_blank\">SAFE<\/a>). SAFE devrait mobiliser jusqu&rsquo;\u00e0 150 milliards d&rsquo;euros d&rsquo;investissements.<\/p>\n<p>Andrius <strong>Kubilius,\u00a0<\/strong>commissaire charg\u00e9 de la d\u00e9fense et de l&rsquo;espace, a d\u00e9clar\u00e9 : \u00ab Le vif int\u00e9r\u00eat suscit\u00e9 par SAFE, avec au moins 127 milliards d&rsquo;euros d&rsquo;achats potentiels dans le domaine de la d\u00e9fense, t\u00e9moigne de l&rsquo;unit\u00e9 et de l&rsquo;ambition de l&rsquo;UE en mati\u00e8re de s\u00e9curit\u00e9 et de d\u00e9fense. Nous restons d\u00e9termin\u00e9s \u00e0 soutenir les pays de l&rsquo;UE dans leurs efforts pour renforcer la s\u00e9curit\u00e9 europ\u00e9enne. SAFE est le symbole de notre engagement collectif \u00e0 renforcer notre pr\u00e9paration en mati\u00e8re de d\u00e9fense pour un avenir plus s\u00fbr et plus uni. \u00bb\u00a0<\/p>\n<p>Cette manifestation d&rsquo;int\u00e9r\u00eat pr\u00e9coce permettra \u00e0 la Commission d&rsquo;\u00e9valuer la demande et de se pr\u00e9parer \u00e0 lever des fonds sur les march\u00e9s des capitaux. La date limite pour la soumission officielle des demandes au titre de SAFE reste <strong>fix\u00e9e au 30 novembre 2025.<\/strong>\u00a0<\/p>\n<p>Le programme SAFE est un instrument cl\u00e9 de l&rsquo;UE pour renforcer la r\u00e9silience et la s\u00e9curit\u00e9, en soutenant les investissements dans des domaines tels que la d\u00e9fense, les infrastructures \u00e0 double usage, les capacit\u00e9s cybern\u00e9tiques et les cha\u00eenes d&rsquo;approvisionnement strat\u00e9giques.\u00a0<\/p>\n","protected":false},"excerpt":{"rendered":"La Commission se f\u00e9licite de l&rsquo;int\u00e9r\u00eat manifest\u00e9 par la Belgique, la Bulgarie, la Tch\u00e9quie, l&rsquo;Estonie, la Gr\u00e8ce, l&rsquo;Espagne,&hellip;\n","protected":false},"author":2,"featured_media":311667,"comment_status":"","ping_status":"","sticky":false,"template":"","format":"standard","meta":{"footnotes":""},"categories":[1586],"tags":[11,1777,674,1779,1011,27,12,45161,25,1778,364],"class_list":{"0":"post-311666","1":"post","2":"type-post","3":"status-publish","4":"format-standard","5":"has-post-thumbnail","7":"category-europe","8":"tag-actualites","9":"tag-eu","10":"tag-europe","11":"tag-european-union","12":"tag-fr","13":"tag-france","14":"tag-news","15":"tag-politique-de-securite-et-de-defense-commune","16":"tag-republique-francaise","17":"tag-ue","18":"tag-union-europeenne"},"share_on_mastodon":{"url":"https:\/\/pubeurope.com\/@fr\/115010363950819998","error":""},"_links":{"self":[{"href":"https:\/\/www.europesays.com\/fr\/wp-json\/wp\/v2\/posts\/311666","targetHints":{"allow":["GET"]}}],"collection":[{"href":"https:\/\/www.europesays.com\/fr\/wp-json\/wp\/v2\/posts"}],"about":[{"href":"https:\/\/www.europesays.com\/fr\/wp-json\/wp\/v2\/types\/post"}],"author":[{"embeddable":true,"href":"https:\/\/www.europesays.com\/fr\/wp-json\/wp\/v2\/users\/2"}],"replies":[{"embeddable":true,"href":"https:\/\/www.europesays.com\/fr\/wp-json\/wp\/v2\/comments?post=311666"}],"version-history":[{"count":0,"href":"https:\/\/www.europesays.com\/fr\/wp-json\/wp\/v2\/posts\/311666\/revisions"}],"wp:featuredmedia":[{"embeddable":true,"href":"https:\/\/www.europesays.com\/fr\/wp-json\/wp\/v2\/media\/311667"}],"wp:attachment":[{"href":"https:\/\/www.europesays.com\/fr\/wp-json\/wp\/v2\/media?parent=311666"}],"wp:term":[{"taxonomy":"category","embeddable":true,"href":"https:\/\/www.europesays.com\/fr\/wp-json\/wp\/v2\/categories?post=311666"},{"taxonomy":"post_tag","embeddable":true,"href":"https:\/\/www.europesays.com\/fr\/wp-json\/wp\/v2\/tags?post=311666"}],"curies":[{"name":"wp","href":"https:\/\/api.w.org\/{rel}","templated":true}]}}