{"id":311674,"date":"2025-08-11T13:31:12","date_gmt":"2025-08-11T13:31:12","guid":{"rendered":"https:\/\/www.europesays.com\/fr\/311674\/"},"modified":"2025-08-11T13:31:12","modified_gmt":"2025-08-11T13:31:12","slug":"on-doit-recreer-notre-bulle-collective-un-an-apres-la-magie-des-jeux-le-capitaine-benjamin-toniutti-fixe-le-cap-en-vue-du-championnat-du-monde-lequipe","status":"publish","type":"post","link":"https:\/\/www.europesays.com\/fr\/311674\/","title":{"rendered":"\u00ab On doit recr\u00e9er notre bulle collective \u00bb : un an apr\u00e8s la magie des Jeux, le capitaine Benjamin Toniutti fixe le cap en vue du Championnat du monde &#8211; L&#039;\u00c9quipe"},"content":{"rendered":"<ol>\n<li><a href=\"https:\/\/news.google.com\/rss\/articles\/CBMinwJBVV95cUxNWHNIT1lMdi1mcURLaVQxTjNhVUF3Z1JoZHplX2kyUTBiTGtLc0JJdFJTeHN6OEZ0aTZ6SGlLOFFnSHFhSExzcjhid3VBVDh4V1ozSjZ5cElGSDRtVDBSOGE2cDlzdGoxcVlXOTR6NHBPU3Z2WUdGVGZZUU5YQ0tLWThhQnVlM1M2Nk1VWGNhamFka2x5LXNTeWc2YVJpTkdpRmY2bHd6WFdEOGNKTGVoTjJmZ0VPVWFUQUl2Z3RvMUQ3WXBsM0M4WTVzREJCdVZ3MTkweHF3VGQtLV9iNEY4VW5UempoajJGSzhzNkVLV1ZpN2JwamFHUDlHdEJLZE1uUk55ODUzdE40UlhKZm9qaEpQbDloVjhlSXBWanhUdw?oc=5\" target=\"_blank\" rel=\"nofollow noopener\">\u00ab On doit recr\u00e9er notre bulle collective \u00bb : un an apr\u00e8s la magie des Jeux, le capitaine Benjamin Toniutti fixe le cap en vue du Championnat du monde<\/a>&nbsp;&nbsp;L&rsquo;\u00c9quipe<\/li>\n<li><a href=\"https:\/\/news.google.com\/rss\/articles\/CBMitgFBVV95cUxOTGZ1VEZmZWp5cE11cmRkc2RnM29CQnBOM3VhLXUzY0JRSnNZNWg1VTVwZkJkNVBVTGctVUJ4ZlpjbUZFQm1zbUhTeUlIaWhRY2pRdFRQVW00MjFfT2hERXVkMkxKcVYxQzZ4MlFrNjIzMWVNNXBmcGQ0cHdqSDN2RDB3U01FcHRIODhSLVNsWFdGOW53aDg2UHBjUzRJbGx0TDZVRGZ5U2hYVlFQLUlSclU3RjUyQdIBtAFBVV95cUxONkJicnVKWkhRM3pucG95TXhySVNWOHBWZnh3bzJVYV9zaVEyZXU2Z01yYm9iMldESHdKVWhOWmNsdnlDUzF3dUlZZjNzNEpnTm9uNlZkTTFfR3JfZldBcDZ0cDNEbnR2MEM0dzRhNTJsWFJRUXFyRExfZ29qdUt2Zmk5Yno3SzFPY0licDFnZ2YtV050M3ZkVGRaTkRya01JSUZTdXpEUTBtSjdEaldrOVNkSWI?oc=5\" target=\"_blank\" rel=\"nofollow noopener\">Chpt du monde (H) : D\u00e9but de la pr\u00e9paration \u00e0 Cannes<\/a>&nbsp;&nbsp;Orange Actualit\u00e9s | Sports<\/li>\n<li><a href=\"https:\/\/news.google.com\/rss\/articles\/CBMiugFBVV95cUxOSEtCM0laQUhsTkxYekpKRmZFUDVKWmFyczJERk4wRWhQdVk4WnZvMTV2ekpnS3g4RVlZNGdFYUxiUDMxUlV1OEs1OS02OGk1amNEck9pWlgwRWhYZWRFZHFxTTJ3bjFQTE85SjR4T3pLUG41eTBXS0RlRTByOHotTE8zSzdqOTh0c0pxRFY4OU5kS3V3UDY5Ukh5NnR4VUd6bUlSUklSRFJnc2JIczlidlp1bHE4dGhQQWc?oc=5\" target=\"_blank\" rel=\"nofollow noopener\">Les Bleus \u00e0 Cannes d\u00e8s lundi pour pr\u00e9parer le Mondial<\/a>&nbsp;&nbsp;MSN<\/li>\n<li><a href=\"https:\/\/news.google.com\/rss\/articles\/CBMi_gFBVV95cUxNUkw0UTBqSXY0eWpoZ25BYWwyOTNKcjB3S3pZZnFPRFJhbUkzaFVzbURZWHJ5S0YzMVhoeVpaMmtSWER3Tjk2bGJ2YW50bnNtbVBETUp5QnpXcFVWSFZMWVBmdXFyNElycWRyRXBZMGllSzg4bjhFT1FuaDdIOVpndUpXMmdqN2tvMEx2MS11eUZiYlV1NGdFRmxZOUREZ3dnYnJJRS0zMW5QR2tIVWVCNVZxYmE4TDM4NlRzMHRhcHdkeGdwdDlpR0dGeTZnVFE1MHlRalNqaThXQ3NydFQtRDY0UWJ3aU1yM3hPSFpKWW02M1NhSDE3NEVZbnRLUQ?oc=5\" target=\"_blank\" rel=\"nofollow noopener\">\u00ab Une troisi\u00e8me m\u00e9daille, \u00e7a serait top \u00bb : Earvin Ngapeth veut participer aux JO 2028 de Los Angeles<\/a>&nbsp;&nbsp;Le Parisien<\/li>\n<li><a href=\"https:\/\/news.google.com\/rss\/articles\/CBMilgJBVV95cUxNZkE5WnJybWYtUVBNNmhDNm1PYU1yVXpMYjFfQklsdEpWNkFuVkNTU1VaeWVEaHAwU3pwS1hvMk1EOVlRaVNRVXAxXzN2UFpnWWQ0aTMwaUFrdXBsU09HV1kzQVg3QnFhSHdUeFBXcHo4SmZEY0d4R3Z0eTgzY1hTbjJPUkRDOWZtSlQ2azd4cFplYVRiOFU0RHJhNV9Pd2ZvS2JJVVM4c05OdEF2NDZmNEx4YTBDZXpSUkc2V0RUNmpNUmpfV2E3WEdYUng1anRzR2FqR21XV1VPZTFnYTBheXdUdjdBRXQyOWozQ2FJVlBCYmRsYmZXc1RLQk4xSGl2aU9UVmE3d0s4REtwb3RqZmtIbmFwQQ?oc=5\" target=\"_blank\" rel=\"nofollow noopener\">Volley-ball. \u00ab Op\u00e9rationnel \u00e0 90 % \u00bb : Ngapeth a bon espoir d\u2019aller aux championnats du monde<\/a>&nbsp;&nbsp;Ouest-France<\/li>\n<\/ol>\n","protected":false},"excerpt":{"rendered":"\u00ab On doit recr\u00e9er notre bulle collective \u00bb : un an apr\u00e8s la magie des Jeux, le capitaine&hellip;\n","protected":false},"author":2,"featured_media":311675,"comment_status":"","ping_status":"","sticky":false,"template":"","format":"standard","meta":{"footnotes":""},"categories":[1417],"tags":[1011,27,60,1470,1469],"class_list":{"0":"post-311674","1":"post","2":"type-post","3":"status-publish","4":"format-standard","5":"has-post-thumbnail","7":"category-volley","8":"tag-fr","9":"tag-france","10":"tag-sports","11":"tag-volley","12":"tag-volleyball"},"share_on_mastodon":{"url":"https:\/\/pubeurope.com\/@fr\/115010383612361977","error":""},"_links":{"self":[{"href":"https:\/\/www.europesays.com\/fr\/wp-json\/wp\/v2\/posts\/311674","targetHints":{"allow":["GET"]}}],"collection":[{"href":"https:\/\/www.europesays.com\/fr\/wp-json\/wp\/v2\/posts"}],"about":[{"href":"https:\/\/www.europesays.com\/fr\/wp-json\/wp\/v2\/types\/post"}],"author":[{"embeddable":true,"href":"https:\/\/www.europesays.com\/fr\/wp-json\/wp\/v2\/users\/2"}],"replies":[{"embeddable":true,"href":"https:\/\/www.europesays.com\/fr\/wp-json\/wp\/v2\/comments?post=311674"}],"version-history":[{"count":0,"href":"https:\/\/www.europesays.com\/fr\/wp-json\/wp\/v2\/posts\/311674\/revisions"}],"wp:featuredmedia":[{"embeddable":true,"href":"https:\/\/www.europesays.com\/fr\/wp-json\/wp\/v2\/media\/311675"}],"wp:attachment":[{"href":"https:\/\/www.europesays.com\/fr\/wp-json\/wp\/v2\/media?parent=311674"}],"wp:term":[{"taxonomy":"category","embeddable":true,"href":"https:\/\/www.europesays.com\/fr\/wp-json\/wp\/v2\/categories?post=311674"},{"taxonomy":"post_tag","embeddable":true,"href":"https:\/\/www.europesays.com\/fr\/wp-json\/wp\/v2\/tags?post=311674"}],"curies":[{"name":"wp","href":"https:\/\/api.w.org\/{rel}","templated":true}]}}