{"id":311676,"date":"2025-08-11T13:32:11","date_gmt":"2025-08-11T13:32:11","guid":{"rendered":"https:\/\/www.europesays.com\/fr\/311676\/"},"modified":"2025-08-11T13:32:11","modified_gmt":"2025-08-11T13:32:11","slug":"top-14-le-stade-toulousain-de-retour-a-lentrainement-ce-lundi-matin-sans-antoine-dupont-juan-cruz-mallia-ou-blair-kinghorn","status":"publish","type":"post","link":"https:\/\/www.europesays.com\/fr\/311676\/","title":{"rendered":"Top 14. Le Stade toulousain de retour \u00e0 l\u2019entra\u00eenement ce lundi matin, sans Antoine Dupont, Juan Cruz Mall\u00eda ou Blair Kinghorn"},"content":{"rendered":"<p>\n                Ce lundi matin, le champion de France en titre a retrouv\u00e9 les terrains d\u2019entra\u00eenement en vue de la saison \u00e0 venir. On a pu apercevoir les recrues estivales Teddy Thomas et Georges-Henri Colombe d\u00e9j\u00e0 \u00e0 pied d\u2019\u0153uvre.\n            <\/p>\n<p>Une semaine apr\u00e8s leurs rivaux du moment l\u2019<strong><a href=\"https:\/\/www.rugbyrama.fr\/2025\/08\/07\/top-14-yannick-bru-manager-de-lubb-nos-internationaux-ont-pu-recharger-leur-batterie-12865026.php\" target=\"_self\" rel=\"nofollow noopener\">Union Bordeaux-B\u00e8gles<\/a><\/strong>, les Toulousains sont les derniers \u00e0 avoir repris le chemin de l\u2019entra\u00eenement ce lundi matin. Comme le veut la tradition, Julien Marchand, Thomas Ramos et le nouvel arrivant Teddy Thomas, comme le reste du groupe, se sont livr\u00e9s au terrible test du bronco pour faire un \u00e9tat des lieux sur les formes des uns et des autres. \u00c0 ce jeu, c\u2019est Paul Costes qui s\u2019en est le mieux sorti.<\/p>\n<blockquote data-instgrm-captioned=\"\" data-instgrm-permalink=\"https:\/\/www.instagram.com\/reel\/DNNmefeiyDh\/?utm_source=ig_embed&amp;utm_campaign=loading\" data-instgrm-version=\"14\" style=\" background:#FFF; border:0; border-radius:3px; box-shadow:0 0 1px 0 rgba(0,0,0,0.5),0 1px 10px 0 rgba(0,0,0,0.15); margin: 1px; max-width:540px; min-width:326px; padding:0; width:99.375%; width:-webkit-calc(100% - 2px); width:calc(100% - 2px);\" data-class=\"instagram-media\"\/>\n<p>Georges-Henri Colombe d\u00e9j\u00e0 de retour, pas Antoine Dupont<\/p>\n<p>Parmi les joueurs sur le pr\u00e9 ce lundi matin, \u00e0 noter la\u00a0pr\u00e9sence de Georges-Henri Colombe. L\u2019ancien Rochelais a pourtant particip\u00e9 \u00e0 la tourn\u00e9e du <strong><a href=\"https:\/\/www.rugbyrama.fr\/xv-de-france\/\" target=\"_self\" rel=\"nofollow noopener\">XV de France<\/a><\/strong> en Nouvelle-Z\u00e9lande, au m\u00eame titre que Pierre-Louis Barassi, Paul Mallez ou Joshua Brennan. Ses comp\u00e8res seront eux\u00a0de retour ce dimanche 17\u00a0ao\u00fbt pour le stage des Toulousains \u00e0 Saint-Brieuc.<\/p>\n<p>Ce n\u2019est pas le cas d\u2019Antoine Dupont, toujours en convalescence apr\u00e8s sa rupture des ligaments crois\u00e9s du genou droit. De m\u00eame pour Juan Cruz Mall\u00eda et Santiago Chocobares, s\u00e9lectionn\u00e9s avec les Pumas pour le <strong><a href=\"https:\/\/www.rugbyrama.fr\/rugby-a-xv\/rugby-championship\/\" target=\"_self\" rel=\"nofollow noopener\">Rugby Championship<\/a><\/strong>, ou\u00a0Blair Kinghorn, qui b\u00e9n\u00e9ficie de plus de vacances apr\u00e8s la tourn\u00e9e des <strong><a href=\"https:\/\/www.rugbyrama.fr\/equipe\/lions-britanniques-et-irlandais\/\" target=\"_self\" rel=\"nofollow noopener\">Lions Britanniques et Irlandais<\/a><\/strong>.\u00a0Les champions de France <strong><a href=\"https:\/\/www.rugbyrama.fr\/2025\/08\/09\/top-14-les-places-de-la-rencontre-amicale-entre-vannes-et-toulouse-a-guingamp-prisent-dassaut-12868764.php\" target=\"_self\" rel=\"nofollow noopener\">d\u00e9fieront Vannes<\/a><\/strong>, pour leur seul et unique match de pr\u00e9paration avant la reprise du championnat.<\/p>\n<p>                    <script async src=\"\/\/www.instagram.com\/embed.js\"><\/script><\/p>\n","protected":false},"excerpt":{"rendered":"Ce lundi matin, le champion de France en titre a retrouv\u00e9 les terrains d\u2019entra\u00eenement en vue de la&hellip;\n","protected":false},"author":2,"featured_media":311677,"comment_status":"","ping_status":"","sticky":false,"template":"","format":"standard","meta":{"footnotes":""},"categories":[1416],"tags":[1011,27,479,1468,60],"class_list":{"0":"post-311676","1":"post","2":"type-post","3":"status-publish","4":"format-standard","5":"has-post-thumbnail","7":"category-rugby","8":"tag-fr","9":"tag-france","10":"tag-rugby","11":"tag-rugby-football","12":"tag-sports"},"share_on_mastodon":{"url":"https:\/\/pubeurope.com\/@fr\/115010387611288422","error":""},"_links":{"self":[{"href":"https:\/\/www.europesays.com\/fr\/wp-json\/wp\/v2\/posts\/311676","targetHints":{"allow":["GET"]}}],"collection":[{"href":"https:\/\/www.europesays.com\/fr\/wp-json\/wp\/v2\/posts"}],"about":[{"href":"https:\/\/www.europesays.com\/fr\/wp-json\/wp\/v2\/types\/post"}],"author":[{"embeddable":true,"href":"https:\/\/www.europesays.com\/fr\/wp-json\/wp\/v2\/users\/2"}],"replies":[{"embeddable":true,"href":"https:\/\/www.europesays.com\/fr\/wp-json\/wp\/v2\/comments?post=311676"}],"version-history":[{"count":0,"href":"https:\/\/www.europesays.com\/fr\/wp-json\/wp\/v2\/posts\/311676\/revisions"}],"wp:featuredmedia":[{"embeddable":true,"href":"https:\/\/www.europesays.com\/fr\/wp-json\/wp\/v2\/media\/311677"}],"wp:attachment":[{"href":"https:\/\/www.europesays.com\/fr\/wp-json\/wp\/v2\/media?parent=311676"}],"wp:term":[{"taxonomy":"category","embeddable":true,"href":"https:\/\/www.europesays.com\/fr\/wp-json\/wp\/v2\/categories?post=311676"},{"taxonomy":"post_tag","embeddable":true,"href":"https:\/\/www.europesays.com\/fr\/wp-json\/wp\/v2\/tags?post=311676"}],"curies":[{"name":"wp","href":"https:\/\/api.w.org\/{rel}","templated":true}]}}