{"id":311679,"date":"2025-08-11T13:35:12","date_gmt":"2025-08-11T13:35:12","guid":{"rendered":"https:\/\/www.europesays.com\/fr\/311679\/"},"modified":"2025-08-11T13:35:12","modified_gmt":"2025-08-11T13:35:12","slug":"joan-mir-freine-par-ses-erreurs-et-celles-des-autres-pilotes","status":"publish","type":"post","link":"https:\/\/www.europesays.com\/fr\/311679\/","title":{"rendered":"Joan Mir frein\u00e9 par ses erreurs et celles des autres pilotes"},"content":{"rendered":"<p>La premi\u00e8re moiti\u00e9 de saison a \u00e9t\u00e9 marqu\u00e9e par un manque de r\u00e9gularit\u00e9. Malgr\u00e9 quelques performances encourageantes, le pilote Honda n\u2019a pas r\u00e9ussi \u00e0 encha\u00eener les r\u00e9sultats solides n\u00e9cessaires pour retrouver le haut du tableau.<\/p>\n<p><b>Des chutes \u00e0 r\u00e9p\u00e9tition<\/b><\/p>\n<p>Entre erreurs personnelles et incidents provoqu\u00e9s par d\u2019autres pilotes, Mir a \u00e9t\u00e9 impliqu\u00e9 dans plusieurs chutes qui ont lourdement pes\u00e9 sur son rythme et sa confiance. Cette accumulation complique sa capacit\u00e9 \u00e0 construire des week-ends coh\u00e9rents et productifs.<\/p>\n<blockquote>\n<p>\u201cC\u2019\u00e9tait une p\u00e9riode difficile, mais je suis revenu en tr\u00e8s bonne forme, \u00e0 mon avis. J\u2019ai beaucoup travaill\u00e9 chez moi pour r\u00e9cup\u00e9rer, et cette malchance m\u2019a aussi permis de progresser. Aujourd\u2019hui, je suis simplement heureux d\u2019\u00eatre l\u00e0. \u00c7a aurait pu \u00eatre bien pire. J\u2019ai connu beaucoup d\u2019accidents, certains de ma faute, d\u2019autres non. J\u2019essaie d\u2019apprendre de mes erreurs, mais ce n\u2019est pas facile avec celles provoqu\u00e9es par les autres. J\u2019esp\u00e8re avoir la force de continuer \u00e0 attaquer comme je le fais. Et j\u2019ai confiance : Honda va m\u2019apporter quelque chose qui me permettra enfin de me battre.\u201d D\u00e9clare Mir, source : <a href=\"http:\/\/paddock-gp.com\" rel=\"nofollow noopener\" target=\"_blank\">paddock-gp.com<\/a>\u00a0<\/p>\n<\/blockquote>\n<p>Analyser ses erreurs et progresser fait partie du m\u00e9tier, mais Mir se heurte \u00e0 un obstacle suppl\u00e9mentaire : les incidents hors de son contr\u00f4le. Cette situation rend difficile la mise en place d\u2019un v\u00e9ritable plan de progression sur la dur\u00e9e.<\/p>\n<p><b>Objectif : rebondir apr\u00e8s la pause<\/b><\/p>\n<p>Avec la tr\u00eave estivale, Mir dispose d\u2019un moment cl\u00e9 pour faire le point et repartir sur de meilleures bases. Honda, de son c\u00f4t\u00e9, poursuit ses efforts pour am\u00e9liorer la comp\u00e9titivit\u00e9 de la RC213V et offrir \u00e0 son pilote les moyens de viser de meilleurs r\u00e9sultats dans la deuxi\u00e8me partie de saison.<\/p>\n<p>    Partagez cette info avec vos amis et vos proches en cliquant ici  <\/p>\n<p> Podcasts \u00e0 la une MEN LIFE <\/p>\n<p>    MotoGP : Joan Mir, entre fautes personnelles et incidents subis, un premier semestre frustrant<\/p>\n<p>La premi\u00e8re moiti\u00e9 de saison de Joan Mir a \u00e9t\u00e9 marqu\u00e9e par un m\u00e9lange d\u2019erreurs personnelles et d\u2019incidents provoqu\u00e9s par d\u2019autres pilotes, freinant ses ambitions et compliquant son retour au premier plan avec l&rsquo;\u00e9curie Honda.<\/p>\n<p>R\u00e9dacteur<\/p>\n<p><img decoding=\"async\" width=\"76\" height=\"76\" loading=\"lazy\" src=\"https:\/\/www.europesays.com\/fr\/wp-content\/uploads\/2025\/04\/avatar-sport-am.png\" alt=\"Victor Teyssier\"\/><\/p>\n","protected":false},"excerpt":{"rendered":"La premi\u00e8re moiti\u00e9 de saison a \u00e9t\u00e9 marqu\u00e9e par un manque de r\u00e9gularit\u00e9. Malgr\u00e9 quelques performances encourageantes, le&hellip;\n","protected":false},"author":2,"featured_media":311680,"comment_status":"","ping_status":"","sticky":false,"template":"","format":"standard","meta":{"footnotes":""},"categories":[1413],"tags":[1011,27,1457,1456,60],"class_list":{"0":"post-311679","1":"post","2":"type-post","3":"status-publish","4":"format-standard","5":"has-post-thumbnail","7":"category-moto","8":"tag-fr","9":"tag-france","10":"tag-moto","11":"tag-motocycle","12":"tag-sports"},"share_on_mastodon":{"url":"https:\/\/pubeurope.com\/@fr\/115010399441120728","error":""},"_links":{"self":[{"href":"https:\/\/www.europesays.com\/fr\/wp-json\/wp\/v2\/posts\/311679","targetHints":{"allow":["GET"]}}],"collection":[{"href":"https:\/\/www.europesays.com\/fr\/wp-json\/wp\/v2\/posts"}],"about":[{"href":"https:\/\/www.europesays.com\/fr\/wp-json\/wp\/v2\/types\/post"}],"author":[{"embeddable":true,"href":"https:\/\/www.europesays.com\/fr\/wp-json\/wp\/v2\/users\/2"}],"replies":[{"embeddable":true,"href":"https:\/\/www.europesays.com\/fr\/wp-json\/wp\/v2\/comments?post=311679"}],"version-history":[{"count":0,"href":"https:\/\/www.europesays.com\/fr\/wp-json\/wp\/v2\/posts\/311679\/revisions"}],"wp:featuredmedia":[{"embeddable":true,"href":"https:\/\/www.europesays.com\/fr\/wp-json\/wp\/v2\/media\/311680"}],"wp:attachment":[{"href":"https:\/\/www.europesays.com\/fr\/wp-json\/wp\/v2\/media?parent=311679"}],"wp:term":[{"taxonomy":"category","embeddable":true,"href":"https:\/\/www.europesays.com\/fr\/wp-json\/wp\/v2\/categories?post=311679"},{"taxonomy":"post_tag","embeddable":true,"href":"https:\/\/www.europesays.com\/fr\/wp-json\/wp\/v2\/tags?post=311679"}],"curies":[{"name":"wp","href":"https:\/\/api.w.org\/{rel}","templated":true}]}}