{"id":311683,"date":"2025-08-11T13:37:10","date_gmt":"2025-08-11T13:37:10","guid":{"rendered":"https:\/\/www.europesays.com\/fr\/311683\/"},"modified":"2025-08-11T13:37:10","modified_gmt":"2025-08-11T13:37:10","slug":"petit-frere-de-jonathan-matteo-milan-signe-chez-groupama-fdj-lequipe","status":"publish","type":"post","link":"https:\/\/www.europesays.com\/fr\/311683\/","title":{"rendered":"Petit fr\u00e8re de Jonathan, Matteo Milan signe chez Groupama-FDJ &#8211; L&#039;\u00c9quipe"},"content":{"rendered":"<ol>\n<li><a href=\"https:\/\/news.google.com\/rss\/articles\/CBMivgFBVV95cUxQb1ZyRU9DNzlKcFNVUXZXSnFCUjV1YWNFbkU5NkVISnFzNTNjTGpJUWg5LTFNaWFHcTZmRE9uV0g3NFd1bnRRTlloSTZRcEVENzFxcUE0Q0gxNUp6c1NudllPalhCcVhsZ3JvYVRnbHNwVkxvWWdXeDNUQU41dWI5alFIN3BxaU8wdWJVcnFDdXdjSWp4N1hYM1h2Zm5OUTRrbmZwenhEU0hZdDc2WHk4ZHRwNzBEcUJuSF9uVFp3?oc=5\" target=\"_blank\" rel=\"nofollow noopener\">Petit fr\u00e8re de Jonathan, Matteo Milan signe chez Groupama-FDJ<\/a>&nbsp;&nbsp;L&rsquo;\u00c9quipe<\/li>\n<li><a href=\"https:\/\/news.google.com\/rss\/articles\/CBMi_gFBVV95cUxOTzlUWE41S29SRkFaVU5jWHpHWXVoNHp6aVozZWNuNllCQVdMMkV3WG5QTm9DRzB1ZmRsRHFKdEszLVhFRjRNQ3BnUG5tQzk3N0tYVDJYUzV0V0lCVTRPQzJOeHpGX2o0cHRkclFNUll0RDZtdDJEdzhreVFBVk15cEFrZTRra011MkVlSlZ1dzJJMzRTaEFDMWJIdXQxQmpzbU45SXdhN2tOcFR6bElLS1JfZjYtTG43azdwUGtGUVpVX2h5VkZoZi1ZY05DZmJUS0RMajRjOWJST2FBb0d3TnAxZDdvd09qV3FsOFFwY2g3ZUZDY3plcGhYdU5xUQ?oc=5\" target=\"_blank\" rel=\"nofollow noopener\">Cyclisme. \u00ab Je veux \u00eatre sprinteur \u00bb : petit fr\u00e8re de Jonathan, Matteo Milan rejoint Groupama-FDJ<\/a>&nbsp;&nbsp;Ouest-France<\/li>\n<li><a href=\"https:\/\/news.google.com\/rss\/articles\/CBMijwJBVV95cUxOX1hHS2tzNFJFOGE2QWxiVEtrc29QVHV3TGpvbGRoSTFfOEV5Z2E2OHYtQXR5N1E3Mjd2MXFnYTdpQ2hRM3FudVRQYk9JYXRCd3RFTTlMRDBRUXNOamZDeGVsMjJRaFNwZUZYSHFkR3YzRFJiRUlheFNTTXpLY0lWS0RLTVM3bjlDbEd5eXA2UjdqcHpIbV9VVkxZY29lcWpUd0djcmliTFFxUXhhd29WYVBXV2FBSV9pLVR3ZWlqTlUtUTlxZW04R1psRGVrRmJkUWNpa2lYazJvdE55cGZ6NG45bS1WblN6b2Z1V1FKVm1oWFREWG9RUkFWWUZiWjczN1ljd1I1V24wcWVOaUZJ?oc=5\" target=\"_blank\" rel=\"nofollow noopener\">Cyclisme: la Groupama-FDJ annonce l&rsquo;arriv\u00e9e de Matteo Milan, petit fr\u00e8re de Jonathan, dernier maillot vert sur le Tour de France<\/a>&nbsp;&nbsp;RMC Sport<\/li>\n<li><a href=\"https:\/\/news.google.com\/rss\/articles\/CBMivgFBVV95cUxOUFpQT1oteC1OLWpneFBSRlBRb2NnYWdsRG1FZ0lQT1dsTDBObmlhaFJ3VXl2eFYtTS1qemRJSGVnOGo2OGVfTC14TFlRMGxzc2RhSWQ1aV85bFNORk9fdDdDN25VT2RGRWhJM3lDNi1HdDNlelFmQWNZVWN3ckFsd05MSDk3RjUzZmVBZWV4cjJDZTVOTVRJamRWZGhoU0pmeERKWENXVjZQaEhlcHJyWEhiXzhqOG5NMmhBMGtn?oc=5\" target=\"_blank\" rel=\"nofollow noopener\">Cyclisme. Vainqueur d&rsquo;\u00e9tape sur l&rsquo;Alpes Is\u00e8re Tour, Matteo Milan signe chez Groupama-FDJ<\/a>&nbsp;&nbsp;Le Dauphin\u00e9 Lib\u00e9r\u00e9<\/li>\n<li><a href=\"https:\/\/news.google.com\/rss\/articles\/CBMisgFBVV95cUxPVFJ4VkYxa3F4VzFJOWxHNGhxUFR4NEowSGxqSzY0SU9SUHNVdU9NemxiRHhBRnM2WVVxUXQ2aVo3a0hSTThNYkFuQnJGZmFyazAyRVB4SHc2YjdrdkhiYVlvV0lyQVM4VEg3Zzg1clN5VEwtVTNGakk2YU1xWjVQczdMQlY1ODNMWHZUeXNheEYxcWNPb0NWbDJwX0pyUHFqOTU3RXYzaU90STZFc0YxX1hB?oc=5\" target=\"_blank\" rel=\"nofollow noopener\">Route &#8211; La Groupama-FDJ accueille le fr\u00e8re d&rsquo;une star du peloton<\/a>&nbsp;&nbsp;Cyclism&rsquo;Actu<\/li>\n<\/ol>\n","protected":false},"excerpt":{"rendered":"Petit fr\u00e8re de Jonathan, Matteo Milan signe chez Groupama-FDJ&nbsp;&nbsp;L&rsquo;\u00c9quipe Cyclisme. \u00ab Je veux \u00eatre sprinteur \u00bb : petit&hellip;\n","protected":false},"author":2,"featured_media":311684,"comment_status":"","ping_status":"","sticky":false,"template":"","format":"standard","meta":{"footnotes":""},"categories":[1411],"tags":[1154,207,1011,27,60],"class_list":{"0":"post-311683","1":"post","2":"type-post","3":"status-publish","4":"format-standard","5":"has-post-thumbnail","7":"category-cyclisme","8":"tag-cycling","9":"tag-cyclisme","10":"tag-fr","11":"tag-france","12":"tag-sports"},"share_on_mastodon":{"url":"https:\/\/pubeurope.com\/@fr\/115010407296590215","error":""},"_links":{"self":[{"href":"https:\/\/www.europesays.com\/fr\/wp-json\/wp\/v2\/posts\/311683","targetHints":{"allow":["GET"]}}],"collection":[{"href":"https:\/\/www.europesays.com\/fr\/wp-json\/wp\/v2\/posts"}],"about":[{"href":"https:\/\/www.europesays.com\/fr\/wp-json\/wp\/v2\/types\/post"}],"author":[{"embeddable":true,"href":"https:\/\/www.europesays.com\/fr\/wp-json\/wp\/v2\/users\/2"}],"replies":[{"embeddable":true,"href":"https:\/\/www.europesays.com\/fr\/wp-json\/wp\/v2\/comments?post=311683"}],"version-history":[{"count":0,"href":"https:\/\/www.europesays.com\/fr\/wp-json\/wp\/v2\/posts\/311683\/revisions"}],"wp:featuredmedia":[{"embeddable":true,"href":"https:\/\/www.europesays.com\/fr\/wp-json\/wp\/v2\/media\/311684"}],"wp:attachment":[{"href":"https:\/\/www.europesays.com\/fr\/wp-json\/wp\/v2\/media?parent=311683"}],"wp:term":[{"taxonomy":"category","embeddable":true,"href":"https:\/\/www.europesays.com\/fr\/wp-json\/wp\/v2\/categories?post=311683"},{"taxonomy":"post_tag","embeddable":true,"href":"https:\/\/www.europesays.com\/fr\/wp-json\/wp\/v2\/tags?post=311683"}],"curies":[{"name":"wp","href":"https:\/\/api.w.org\/{rel}","templated":true}]}}