{"id":311689,"date":"2025-08-11T13:40:20","date_gmt":"2025-08-11T13:40:20","guid":{"rendered":"https:\/\/www.europesays.com\/fr\/311689\/"},"modified":"2025-08-11T13:40:20","modified_gmt":"2025-08-11T13:40:20","slug":"logements-adaptes-aux-fortes-chaleurs-les-architectes-regardent-vers-le-passe-11-08-2025-a-0857","status":"publish","type":"post","link":"https:\/\/www.europesays.com\/fr\/311689\/","title":{"rendered":"Logements adapt\u00e9s aux fortes chaleurs, les architectes regardent vers le pass\u00e9 &#8211; 11\/08\/2025 \u00e0 08:57"},"content":{"rendered":"<p>        <img fetchpriority=\"high\" decoding=\"async\" src=\"https:\/\/www.europesays.com\/fr\/wp-content\/uploads\/2025\/08\/5d1e255dcd32c17b40d45d7368268bb9-760x506.jpg\" alt=\"Un patio \u00e0 Cordoue, en Espagne, le 15 mai 2021, lors du festival des patios cordouans ( AFP \/ CRISTINA QUICLER )\" loading=\"eager\" width=\"760\" height=\"506\" style=\"max-width: 100%!important; height: auto;\"\/><\/p>\n<p class=\"c-image-news__legend\">Un patio \u00e0 Cordoue, en Espagne, le 15 mai 2021, lors du festival des patios cordouans ( AFP \/ CRISTINA QUICLER )<\/p>\n<p>\n Pergolas fleuries en Provence, patios ombrag\u00e9s espagnols, carbets am\u00e9rindiens&#8230; Ces structures traditionnelles sont tr\u00e8s utiles pour se prot\u00e9ger du soleil et apporter un peu de fra\u00eecheur, et int\u00e9ressent de plus en plus les architectes en qu\u00eate de solutions face au r\u00e9chauffement climatique.\n<\/p>\n<p>\n \u00ab\u00a0Il y a vraiment beaucoup d&rsquo;exemples tr\u00e8s int\u00e9ressants\u00a0\u00bb issus du pass\u00e9 pour rendre l&rsquo;habitat plus confortable en cas de fortes chaleur, estime Cristiana Mazzoni, architecte et urbaniste.\n<\/p>\n<p>\n Professeure \u00e0 l&rsquo;\u00c9cole nationale sup\u00e9rieure d&rsquo;architecture de Paris-Belleville (ENSAPB), elle a \u00e9tudi\u00e9 l&rsquo;architecture le long des anciennes Routes de la soie, qui traversent le continent asiatique de la Chine jusqu&rsquo;au bassin m\u00e9diterran\u00e9en, et particuli\u00e8rement les \u00ab\u00a0maisons \u00e0 cour, patio ou loggia\u00a0\u00bb.\n<\/p>\n<p>        <img decoding=\"async\" src=\"https:\/\/www.europesays.com\/fr\/wp-content\/uploads\/2025\/08\/14e109bb6e78e3a42dfc59a3ad584cef-760x507.jpg\" alt=\"La cour int\u00e9rieure du palais Al-Naasan dans la vieille ville de Damas, le 18 novembre 2020 ( AFP \/ LOUAI BESHARA )\" loading=\"eager\" width=\"760\" height=\"507\" style=\"max-width: 100%!important; height: auto;\"\/><\/p>\n<p class=\"c-image-news__legend\">La cour int\u00e9rieure du palais Al-Naasan dans la vieille ville de Damas, le 18 novembre 2020 ( AFP \/ LOUAI BESHARA )<\/p>\n<p>\n Dans une cour int\u00e9rieure, \u00ab\u00a0c&rsquo;est l&rsquo;ombre et la v\u00e9g\u00e9tation qui apportent de la fra\u00eecheur et comme elle est construite dans l&rsquo;\u00e9paisseur du b\u00e2timent\u00a0\u00bb, les rayons du soleil ne chauffent pas directement les murs. \u00ab\u00a0Souvent, il y a une fontaine ou un puits qui ram\u00e8ne l&rsquo;eau des profondeurs, ce qui am\u00e8ne encore plus de fra\u00eecheur\u00a0\u00bb, d\u00e9taille Cristiana Mazzoni.\n<\/p>\n<p>\n Ces cours int\u00e9rieures sont caract\u00e9ristiques des riads marocains, des maisons romaines (domus), des palais v\u00e9nitiens, ou encore des demeures ottomanes \u00e0 hall central couvert.\n<\/p>\n<p>\n \u00ab\u00a0En continuant sur les Routes de la soie, on trouve des tours \u00e0 vent\u00a0\u00bb, les anc\u00eatres \u00e9cologiques de la climatisation, nombreuses en Iran, qui rafra\u00eechissent les logements avec un syst\u00e8me de ventilation naturelle. Ainsi que des \u00ab\u00a0maisons en terre\u00a0\u00bb, mat\u00e9riau tr\u00e8s isolant, qui inspirent aujourd&rsquo;hui de nombreux architectes, ajoute Cristiana Mazzoni.\n<\/p>\n<p>        <img decoding=\"async\" src=\"https:\/\/www.europesays.com\/fr\/wp-content\/uploads\/2025\/08\/69d2930e5c90bc9444a831c8a69d4d1b-760x507.jpg\" alt=\"Une tour \u00e0 vent \u00e0 Yazd, en Iran, le 3 juillet 2023 ( AFP \/ ATTA KENARE )\" loading=\"eager\" width=\"760\" height=\"507\" style=\"max-width: 100%!important; height: auto;\"\/><\/p>\n<p class=\"c-image-news__legend\">Une tour \u00e0 vent \u00e0 Yazd, en Iran, le 3 juillet 2023 ( AFP \/ ATTA KENARE )<\/p>\n<p>\n Autre exemple tr\u00e8s r\u00e9pandu, la maison traditionnelle proven\u00e7ale est con\u00e7ue de fa\u00e7on \u00e0 se prot\u00e9ger du vent et du soleil avec notamment l&rsquo;installation d&rsquo;une treille c\u00f4t\u00e9 sud.\n<\/p>\n<p> &#8211; \u00ab\u00a0Renouvellement de pens\u00e9e\u00a0\u00bb &#8211;<\/p>\n<p>\n \u00ab\u00a0On rentre dans une \u00e9poque o\u00f9 l&rsquo;on risque de donner beaucoup d&rsquo;importance \u00e0 l&rsquo;hyper technologie\u00a0\u00bb, au risque de \u00ab\u00a0s&rsquo;\u00e9loigner de l&rsquo;humain\u00a0\u00bb, souligne Cristiana Mazzoni, qui organisera en septembre un colloque pour rassembler les architectes autour de tous ces exemples d&rsquo;architecture vernaculaire.\n<\/p>\n<p>        <img decoding=\"async\" src=\"https:\/\/www.europesays.com\/fr\/wp-content\/uploads\/2025\/08\/fadebb415b223ddd9a4d642f341e7bb0-760x507.jpg\" alt=\"Une femme se repose dans la cour int\u00e9rieure d'une vaste maison construite en terre battue, le 9 f\u00e9vrier 2005 \u00e0 Djenn\u00e9, dans le centre du Mali ( AFP \/ FRANCOIS XAVIER MARIT )\" loading=\"eager\" width=\"760\" height=\"507\" style=\"max-width: 100%!important; height: auto;\"\/><\/p>\n<p class=\"c-image-news__legend\">Une femme se repose dans la cour int\u00e9rieure d&rsquo;une vaste maison construite en terre battue, le 9 f\u00e9vrier 2005 \u00e0 Djenn\u00e9, dans le centre du Mali ( AFP \/ FRANCOIS XAVIER MARIT )<\/p>\n<p>\n \u00ab\u00a0On construisait avec les mat\u00e9riaux \u00e0 disposition et en fonction des climats et des fa\u00e7ons de vivre\u00a0\u00bb, rappelle Jacques Boulnois, architecte au cabinet BHPR et enseignant \u00e0 l&rsquo;universit\u00e9 d&rsquo;Orl\u00e9ans.\n<\/p>\n<p>\n Revenir aux savoir-faire ancestraux constitue \u00ab\u00a0un renouvellement de pens\u00e9e\u00a0\u00bb, avec la prise en compte qu'\u00a0\u00bbon ne peut plus tout faire\u00a0\u00bb face au climat et qu&rsquo;il \u00ab\u00a0faut trouver une nouvelle architecture contemporaine\u00a0\u00bb, estime-t-il. \u00ab\u00a0Sans fioul ni \u00e9lectricit\u00e9, ce n&rsquo;\u00e9tait pas facile pour nos anc\u00eatres, mais ils mettaient de l&rsquo;intelligence\u00a0\u00bb, appuie Jacques Boulnois.\n<\/p>\n<p>\n Des exemples de r\u00e9utilisation moderne existent, comme rue de Meaux, dans le nord de Paris, o\u00f9 le c\u00e9l\u00e8bre architecte italien Renzo Piano, co-cr\u00e9ateur du Centre Pompidou, a con\u00e7u en 1991 une vaste cour int\u00e9rieure au milieu des logements sociaux qu&rsquo;il a \u00e9galement dessin\u00e9s.\n<\/p>\n<p>\n \u00ab\u00a0Vous remarquerez la petite diff\u00e9rence de deux degr\u00e9s entre la rue et la cour\u00a0\u00bb plant\u00e9e de bouleaux et de ch\u00e8vrefeuilles, note Colette, une habitante de longue date de la r\u00e9sidence.\n<\/p>\n<p>\n Expos\u00e9e sud, elle ne ressent pas directement les bienfaits de la fra\u00eecheur de la cour sur son logement, tout comme Ilan, 35 ans, qui souligne n\u00e9anmoins qu&rsquo;il ne fait \u00ab\u00a0jamais des chaleurs \u00e9touffantes comme l\u00e0 o\u00f9 (il) habitait avant, un b\u00e2timent du XIXe si\u00e8cle\u00a0\u00bb.\n<\/p>\n<p>\n Toujours \u00e0 Paris, dans le quartier de la Chapelle, l&rsquo;architecte fran\u00e7aise Fran\u00e7oise-H\u00e9l\u00e8ne Jourda a r\u00e9habilit\u00e9 en 2014 la halle Pajol, datant du d\u00e9but du XXe si\u00e8cle, en int\u00e9grant un syst\u00e8me de r\u00e9cup\u00e9ration d&rsquo;eau de pluie, des panneaux solaires et un puits canadien (aussi appel\u00e9 puits proven\u00e7al) qui utilise la temp\u00e9rature du sol pour ventiler une maison avec de l&rsquo;air plus chaud ou plus frais selon les saisons.\n<\/p>\n<p>\n \u00ab\u00a0Pas de solution miracle\u00a0\u00bb cependant, pr\u00e9vient Jacques Boulnois, pour qui il va falloir r\u00e9fl\u00e9chir \u00e0 \u00ab\u00a0rendre contemporains\u00a0\u00bb ces savoirs, pas forc\u00e9ment adapt\u00e9s \u00e0 toutes les r\u00e9gions. Dans le cas des tours \u00e0 vent iraniennes par exemple, \u00ab\u00a0la ventilation naturelle\u00a0\u00bb par les courants d&rsquo;air est \u00ab\u00a0extr\u00eamement compliqu\u00e9e\u00a0\u00bb \u00e0 comprendre et \u00e0 exploiter selon les endroits.<\/p>\n","protected":false},"excerpt":{"rendered":"Un patio \u00e0 Cordoue, en Espagne, le 15 mai 2021, lors du festival des patios cordouans ( AFP&hellip;\n","protected":false},"author":2,"featured_media":311690,"comment_status":"","ping_status":"","sticky":false,"template":"","format":"standard","meta":{"footnotes":""},"categories":[1358],"tags":[400,1348,1384,1385,398,408,405,1386,58,59,1011,27,403,402,399,404,401,406,407],"class_list":{"0":"post-311689","1":"post","2":"type-post","3":"status-publish","4":"format-standard","5":"has-post-thumbnail","7":"category-arts-et-design","8":"tag-action-cac-40","9":"tag-arts","10":"tag-arts-and-design","11":"tag-arts-et-design","12":"tag-bourse-de-paris","13":"tag-boursorama","14":"tag-cotations","15":"tag-design","16":"tag-divertissement","17":"tag-entertainment","18":"tag-fr","19":"tag-france","20":"tag-indices-devises","21":"tag-investir","22":"tag-investissement","23":"tag-marche-boursier","24":"tag-sicav","25":"tag-trackers","26":"tag-warrants"},"share_on_mastodon":{"url":"https:\/\/pubeurope.com\/@fr\/115010419164702909","error":""},"_links":{"self":[{"href":"https:\/\/www.europesays.com\/fr\/wp-json\/wp\/v2\/posts\/311689","targetHints":{"allow":["GET"]}}],"collection":[{"href":"https:\/\/www.europesays.com\/fr\/wp-json\/wp\/v2\/posts"}],"about":[{"href":"https:\/\/www.europesays.com\/fr\/wp-json\/wp\/v2\/types\/post"}],"author":[{"embeddable":true,"href":"https:\/\/www.europesays.com\/fr\/wp-json\/wp\/v2\/users\/2"}],"replies":[{"embeddable":true,"href":"https:\/\/www.europesays.com\/fr\/wp-json\/wp\/v2\/comments?post=311689"}],"version-history":[{"count":0,"href":"https:\/\/www.europesays.com\/fr\/wp-json\/wp\/v2\/posts\/311689\/revisions"}],"wp:featuredmedia":[{"embeddable":true,"href":"https:\/\/www.europesays.com\/fr\/wp-json\/wp\/v2\/media\/311690"}],"wp:attachment":[{"href":"https:\/\/www.europesays.com\/fr\/wp-json\/wp\/v2\/media?parent=311689"}],"wp:term":[{"taxonomy":"category","embeddable":true,"href":"https:\/\/www.europesays.com\/fr\/wp-json\/wp\/v2\/categories?post=311689"},{"taxonomy":"post_tag","embeddable":true,"href":"https:\/\/www.europesays.com\/fr\/wp-json\/wp\/v2\/tags?post=311689"}],"curies":[{"name":"wp","href":"https:\/\/api.w.org\/{rel}","templated":true}]}}