{"id":311691,"date":"2025-08-11T13:41:17","date_gmt":"2025-08-11T13:41:17","guid":{"rendered":"https:\/\/www.europesays.com\/fr\/311691\/"},"modified":"2025-08-11T13:41:17","modified_gmt":"2025-08-11T13:41:17","slug":"rencontre-litteraire-avec-claire-castillon-chartres-19-septembre-2025","status":"publish","type":"post","link":"https:\/\/www.europesays.com\/fr\/311691\/","title":{"rendered":"Rencontre litt\u00e9raire avec Claire Castillon Chartres 19 septembre 2025"},"content":{"rendered":"\n<p>\t<img loading=\"lazy\" width=\"1280\" height=\"720\" src=\"https:\/\/www.europesays.com\/fr\/wp-content\/uploads\/2025\/08\/rencontre-litteraire-avec-claire-castillon-chartres-eure-et-loir-2025-09-19.jpeg\" class=\"attachment-full size-full wp-post-image\" alt=\"Rencontre litt\u00e9raire avec Claire Castillon\" decoding=\"async\"  \/><br \/>\n\t\t<strong>Rencontre litt\u00e9raire avec Claire Castillon  Chartres vendredi 19 septembre 2025.<\/strong> <\/p>\n<p>Rencontre litt\u00e9raire avec Claire Castillon<\/p>\n<p>  1 Boulevard Maurice Viollette Chartres Eure-et-Loir<\/p>\n<p>Tarif :  \u2013  \u2013  EUR<\/p>\n<p>Gratuit<\/p>\n<p>Date : jour \u2013 ann\u00e9e \u2013 mois \u2013 jour et horaire :<br \/>D\u00e9but :  Vendredi 2025-09-19<br \/>fin : 2025-09-19 <\/p>\n<p>Date(s) :<br \/>2025-09-19                   <\/p>\n<p>Claire Castillon vient pr\u00e9senter son dernier roman Tssitssi , l\u2019histoire bouleversante d\u2019une adolescente en qu\u00eate de gloire. Une vente d\u00e9dicace aura lieu \u00e0 l\u2019issue de la rencontre, en partenariat avec la librairie l\u2019Esperlu\u00e8te.<br \/>Tssitssi il y a H\u00e9l\u00e8ne, qui est sans doute triste, probablement timide, et qui regarde sa vie avec d\u00e9tachement, comme si elle n\u2019\u00e9tait pas tout \u00e0 fait l\u00e0. Et il y a Tssitssi, qui ne supporte pas les profs et qui m\u00e9prise un peu les camarades d\u2019H\u00e9l\u00e8ne. Qui sait ce qu\u2019elle veut \u00eatre regard\u00e9e, d\u00e9sir\u00e9e, avoir de l\u2019argent. D\u2019ailleurs elle rencontre des hommes plus \u00e2g\u00e9s. Le probl\u00e8me est que H\u00e9l\u00e8ne et Tssitssi ne sont qu\u2019une seule et m\u00eame personne. \u00a0 .<\/p>\n<p> 1 Boulevard Maurice Viollette  Chartres 28000  Eure-et-Loir Centre-Val de Loire   \u00a0 <\/p>\n<p><strong>English : <\/strong><\/p>\n<p>Claire Castillon will be presenting her latest novel, \u00ab\u00a0Tssitssi\u00a0\u00bb, the moving story of a teenager in search of glory. A book signing will take place after the event, in partnership with the Esperlu\u00e8te bookshop.<\/p>\n<p><strong>German : <\/strong><\/p>\n<p>Claire Castillon stellt ihren neuen Roman \u00ab\u00a0Tssitssi\u00a0\u00bb vor, die bewegende Geschichte eines Teenagers auf der Suche nach Ruhm. Im Anschluss an die Veranstaltung findet in Zusammenarbeit mit der Buchhandlung l\u2019Esperlu\u00e8te ein Signierverkauf statt.<\/p>\n<p><strong>Italiano : <\/strong><\/p>\n<p>Claire Castillon presenter\u00e0 il suo ultimo romanzo, \u00ab\u00a0Tssitssi\u00a0\u00bb, la commovente storia di un\u2019adolescente in cerca di fama. Dopo l\u2019evento si terr\u00e0 una firma del libro, in collaborazione con la libreria Esperlu\u00e8te.<\/p>\n<p><strong>Espanol : <\/strong><\/p>\n<p>Claire Castillon presentar\u00e1 su \u00faltima novela, \u00ab\u00a0Tssitssi\u00a0\u00bb, la conmovedora historia de una adolescente en busca de la fama. Tras el acto, se firmar\u00e1 un libro en colaboraci\u00f3n con la librer\u00eda Esperlu\u00e8te.<\/p>\n<p>L\u2019\u00e9v\u00e9nement Rencontre litt\u00e9raire avec Claire Castillon Chartres a \u00e9t\u00e9 mis \u00e0 jour le 2025-08-08 par MAIRIE AGGLO DE CHARTRES<\/p>\n","protected":false},"excerpt":{"rendered":"Rencontre litt\u00e9raire avec Claire Castillon Chartres vendredi 19 septembre 2025. Rencontre litt\u00e9raire avec Claire Castillon 1 Boulevard Maurice&hellip;\n","protected":false},"author":2,"featured_media":311692,"comment_status":"","ping_status":"","sticky":false,"template":"","format":"standard","meta":{"footnotes":""},"categories":[1357],"tags":[1379,58,59,1011,27,1380],"class_list":{"0":"post-311691","1":"post","2":"type-post","3":"status-publish","4":"format-standard","5":"has-post-thumbnail","7":"category-livres","8":"tag-books","9":"tag-divertissement","10":"tag-entertainment","11":"tag-fr","12":"tag-france","13":"tag-livres"},"share_on_mastodon":{"url":"https:\/\/pubeurope.com\/@fr\/115010423071070797","error":""},"_links":{"self":[{"href":"https:\/\/www.europesays.com\/fr\/wp-json\/wp\/v2\/posts\/311691","targetHints":{"allow":["GET"]}}],"collection":[{"href":"https:\/\/www.europesays.com\/fr\/wp-json\/wp\/v2\/posts"}],"about":[{"href":"https:\/\/www.europesays.com\/fr\/wp-json\/wp\/v2\/types\/post"}],"author":[{"embeddable":true,"href":"https:\/\/www.europesays.com\/fr\/wp-json\/wp\/v2\/users\/2"}],"replies":[{"embeddable":true,"href":"https:\/\/www.europesays.com\/fr\/wp-json\/wp\/v2\/comments?post=311691"}],"version-history":[{"count":0,"href":"https:\/\/www.europesays.com\/fr\/wp-json\/wp\/v2\/posts\/311691\/revisions"}],"wp:featuredmedia":[{"embeddable":true,"href":"https:\/\/www.europesays.com\/fr\/wp-json\/wp\/v2\/media\/311692"}],"wp:attachment":[{"href":"https:\/\/www.europesays.com\/fr\/wp-json\/wp\/v2\/media?parent=311691"}],"wp:term":[{"taxonomy":"category","embeddable":true,"href":"https:\/\/www.europesays.com\/fr\/wp-json\/wp\/v2\/categories?post=311691"},{"taxonomy":"post_tag","embeddable":true,"href":"https:\/\/www.europesays.com\/fr\/wp-json\/wp\/v2\/tags?post=311691"}],"curies":[{"name":"wp","href":"https:\/\/api.w.org\/{rel}","templated":true}]}}