{"id":311695,"date":"2025-08-11T13:43:14","date_gmt":"2025-08-11T13:43:14","guid":{"rendered":"https:\/\/www.europesays.com\/fr\/311695\/"},"modified":"2025-08-11T13:43:14","modified_gmt":"2025-08-11T13:43:14","slug":"greg-prato-revient-sur-lalbum-pop-qui-a-prive-megadeth-de-la-premiere-place","status":"publish","type":"post","link":"https:\/\/www.europesays.com\/fr\/311695\/","title":{"rendered":"Greg Prato revient sur l\u2019album pop qui a priv\u00e9 Megadeth de la premi\u00e8re place"},"content":{"rendered":"<p><strong>Greg Prato, journaliste et \u00e9crivain, a r\u00e9cemment confi\u00e9 qu\u2019il comprenait la frustration de Dave Mustaine lorsque <a href=\"https:\/\/www.metalzone.fr\/megadeth\/\" rel=\"nofollow noopener\" target=\"_blank\">Megadeth<\/a> a manqu\u00e9 la premi\u00e8re place des charts am\u00e9ricains en 1992, devanc\u00e9 par un album de pop qu\u2019il juge m\u00e9diocre.<\/strong><\/p>\n<p>Un souvenir amer pour Dave Mustaine<\/p>\n<p>Invit\u00e9 du podcast <a href=\"https:\/\/www.youtube.com\/watch?v=2Fu68Sn_Xk0\" target=\"_blank\" rel=\"nofollow noopener\">Booked On Rock<\/a> pour promouvoir son livre The World\u2019s State-Of-The-Art Speed Metal Band: The Megadeth Story 1983-2002, Greg Prato a \u00e9voqu\u00e9 la sortie de Countdown To Extinction. En 1992, port\u00e9 par le succ\u00e8s de Symphony Of Destruction, l\u2019album semblait promis \u00e0 la premi\u00e8re place du classement am\u00e9ricain. Pourtant, c\u2019est Some Gave All de Billy Ray Cyrus, port\u00e9 par le titre Achy Breaky Heart, qui s\u2019est impos\u00e9. L\u2019auteur a l\u00e2ch\u00e9, sans d\u00e9tour : \u201cCe serait une chose si c\u2019\u00e9tait un album comme Led Zeppelin IV ou le premier <a href=\"https:\/\/www.metalzone.fr\/van-halen\/\" rel=\"nofollow noopener\" target=\"_blank\">Van Halen<\/a>\u2026 Mais c\u2019est cet album [de pop qui] a emp\u00each\u00e9 Megadeth d\u2019atteindre le sommet. Je comprends parfaitement [la frustration de] Dave Mustaine.\u201d<\/p>\n<p>Megadeth pr\u00e9pare un nouvel album<\/p>\n<p>Plus de trente ans apr\u00e8s cet \u00e9pisode, Megadeth poursuit sa route. Comme rapport\u00e9 <a href=\"https:\/\/www.metalzone.fr\/news\/215843-megadeth-finalise-17e-album-enregistrements-vocaux\/\" target=\"_blank\" rel=\"noopener nofollow\">ici<\/a>, Dave Mustaine a entam\u00e9 les enregistrements vocaux de son 17e album, attendu chez Tradecraft \/ BLKIIBLK. Ce disque marquera les d\u00e9buts en studio du guitariste Teemu M\u00e4ntysaari, qui a particip\u00e9 activement \u00e0 la composition. Le leader du groupe a vant\u00e9 une alchimie qui lui rappelle l\u2019\u00e8re <a href=\"https:\/\/www.metalzone.fr\/marty-friedman\/\" rel=\"nofollow noopener\" target=\"_blank\">Marty Friedman<\/a>, laissant pr\u00e9sager un opus marqu\u00e9 par la puissance et la diversit\u00e9 des influences.<\/p>\n<p>Un regard sur l\u2019histoire du groupe<\/p>\n<p>Lors de cet entretien, Greg Prato a aussi d\u00e9sign\u00e9 sa formation pr\u00e9f\u00e9r\u00e9e de Megadeth : Dave Mustaine, David Ellefson, Chris Poland et Gar Samuelson. Selon lui, l\u2019apport jazz fusion de Poland et Samuelson a offert \u00e0 l\u2019\u00e9poque un style unique dans le <a href=\"https:\/\/www.metalzone.fr\/thrash-metal\/\" rel=\"nofollow noopener\" target=\"_blank\">thrash metal<\/a>, perceptible sur Peace Sells et Killing Is My Business\u2026. Une combinaison qui, regrette-t-il, n\u2019a dur\u00e9 que deux albums.<\/p><\/p>\n","protected":false},"excerpt":{"rendered":"Greg Prato, journaliste et \u00e9crivain, a r\u00e9cemment confi\u00e9 qu\u2019il comprenait la frustration de Dave Mustaine lorsque Megadeth a&hellip;\n","protected":false},"author":2,"featured_media":311696,"comment_status":"","ping_status":"","sticky":false,"template":"","format":"standard","meta":{"footnotes":""},"categories":[1355],"tags":[58,59,1011,27,1361,873],"class_list":{"0":"post-311695","1":"post","2":"type-post","3":"status-publish","4":"format-standard","5":"has-post-thumbnail","7":"category-musique","8":"tag-divertissement","9":"tag-entertainment","10":"tag-fr","11":"tag-france","12":"tag-music","13":"tag-musique"},"share_on_mastodon":{"url":"https:\/\/pubeurope.com\/@fr\/115010430754469121","error":""},"_links":{"self":[{"href":"https:\/\/www.europesays.com\/fr\/wp-json\/wp\/v2\/posts\/311695","targetHints":{"allow":["GET"]}}],"collection":[{"href":"https:\/\/www.europesays.com\/fr\/wp-json\/wp\/v2\/posts"}],"about":[{"href":"https:\/\/www.europesays.com\/fr\/wp-json\/wp\/v2\/types\/post"}],"author":[{"embeddable":true,"href":"https:\/\/www.europesays.com\/fr\/wp-json\/wp\/v2\/users\/2"}],"replies":[{"embeddable":true,"href":"https:\/\/www.europesays.com\/fr\/wp-json\/wp\/v2\/comments?post=311695"}],"version-history":[{"count":0,"href":"https:\/\/www.europesays.com\/fr\/wp-json\/wp\/v2\/posts\/311695\/revisions"}],"wp:featuredmedia":[{"embeddable":true,"href":"https:\/\/www.europesays.com\/fr\/wp-json\/wp\/v2\/media\/311696"}],"wp:attachment":[{"href":"https:\/\/www.europesays.com\/fr\/wp-json\/wp\/v2\/media?parent=311695"}],"wp:term":[{"taxonomy":"category","embeddable":true,"href":"https:\/\/www.europesays.com\/fr\/wp-json\/wp\/v2\/categories?post=311695"},{"taxonomy":"post_tag","embeddable":true,"href":"https:\/\/www.europesays.com\/fr\/wp-json\/wp\/v2\/tags?post=311695"}],"curies":[{"name":"wp","href":"https:\/\/api.w.org\/{rel}","templated":true}]}}