{"id":311699,"date":"2025-08-11T13:46:10","date_gmt":"2025-08-11T13:46:10","guid":{"rendered":"https:\/\/www.europesays.com\/fr\/311699\/"},"modified":"2025-08-11T13:46:10","modified_gmt":"2025-08-11T13:46:10","slug":"les-penuries-de-medicaments-psychotropes-se-poursuivent-en-france-malgre-une-amelioration","status":"publish","type":"post","link":"https:\/\/www.europesays.com\/fr\/311699\/","title":{"rendered":"Les p\u00e9nuries de m\u00e9dicaments psychotropes se poursuivent en France, malgr\u00e9 une am\u00e9lioration"},"content":{"rendered":"<p>                         <img loading=\"lazy\" decoding=\"async\" src=\"https:\/\/www.europesays.com\/fr\/wp-content\/uploads\/2025\/08\/f35ee44_upload-1-pky0ykk9qzvy-000-383r2cp.jpg\" alt=\"Une bo\u00eete de qu\u00e9tiapine, dans une pharmacie de Quimper, le 27\u00a0mars 2025.\"   width=\"664\" height=\"443\"\/>    Une bo\u00eete de qu\u00e9tiapine, dans une pharmacie de Quimper, le 27\u00a0mars 2025.  FRED TANNEAU \/ AFP                 <\/p>\n<p class=\"article__paragraph  \">Des tiroirs qui se vident et d\u2019autres qui se remplissent. Les p\u00e9nuries de m\u00e9dicaments, fl\u00e9au des patients et des professionnels de sant\u00e9, se poursuivent dans les pharmacies en France. Les traitements contre les troubles psychiatriques ou de l\u2019humeur, qui connaissent de fortes tensions d\u2019approvisionnement depuis l\u2019automne, continuent de faire d\u00e9faut dans de nombreuses officines, en d\u00e9pit d\u2019un l\u00e9ger mieux sur certaines r\u00e9f\u00e9rences.<\/p>\n<p>                                   Lire aussi |  Article r\u00e9serv\u00e9 \u00e0 nos abonn\u00e9s  <a href=\"https:\/\/www.lemonde.fr\/economie\/article\/2025\/06\/08\/derriere-la-grave-penurie-francaise-de-medicaments-psychotropes-une-defaillance-industrielle_6611136_3234.html\" class=\"js-article-read-also catcher--favoris__link\" data-premium=\"1\" id=\"article-title-3426020\" rel=\"nofollow noopener\" target=\"_blank\">Derri\u00e8re la grave p\u00e9nurie fran\u00e7aise de m\u00e9dicaments psychotropes, une d\u00e9faillance industrielle<\/a>    <\/p>\n<p>   Lire plus tard  <\/p>\n<p class=\"article__paragraph  \">L\u2019Agence nationale de s\u00e9curit\u00e9 du m\u00e9dicament et des produits de sant\u00e9 (ANSM) a notamment averti, le 5\u00a0ao\u00fbt, d\u2019une \u00ab\u00a0d\u00e9gradation de la disponibilit\u00e9\u00a0\u00bb <a href=\"https:\/\/www.lemonde.fr\/societe\/article\/2025\/03\/14\/sante-la-penurie-d-un-antipsychotique-majeur-persiste-et-met-en-alerte-patients-psychiatres-et-pharmaciens_6580627_3224.html\" rel=\"nofollow noopener\" target=\"_blank\">des traitements \u00e0 base de qu\u00e9tiapine<\/a>, un antipsychotique prescrit \u00e0 250\u00a0000 personnes dans l\u2019Hexagone pour soigner les troubles bipolaires et la schizophr\u00e9nie, dans les dosages de 300\u00a0mg et 400\u00a0mg. L\u2019autorit\u00e9 de sant\u00e9 estime que les difficult\u00e9s d\u2019approvisionnement persisteront jusqu\u2019\u00e0 la mi-septembre.<\/p>\n<p class=\"article__paragraph  \">Inscrite sur la liste des m\u00e9dicaments consid\u00e9r\u00e9s comme essentiels, la qu\u00e9tiapine, distribu\u00e9e en France sous le nom de marque Xeroquel ainsi que sous des versions g\u00e9n\u00e9riques, connaissait d\u00e9j\u00e0 depuis l\u2019automne 2024 de fortes tensions \u00e0 la suite de probl\u00e8mes de production chez l\u2019un de ses principaux fabricants, le fa\u00e7onnier grec Pharmathen, qui fournit habituellement 60\u00a0% du march\u00e9 fran\u00e7ais. Le laboratoire Viatris, qui ne d\u00e9pendait pas de ce sous-traitant, avait jusqu\u2019ici compens\u00e9 ces insuffisances. Mais il fait aujourd\u2019hui face, lui aussi, \u00e0 des difficult\u00e9s \u00e0 la suite d\u2019un \u00ab\u00a0retard de conditionnement du produit fini\u00a0\u00bb.<\/p>\n<p class=\"reading-mode-only \"><strong>Il vous reste 64.53% de cet article \u00e0 lire. La suite est r\u00e9serv\u00e9e aux abonn\u00e9s.<\/strong><\/p>\n","protected":false},"excerpt":{"rendered":"Une bo\u00eete de qu\u00e9tiapine, dans une pharmacie de Quimper, le 27\u00a0mars 2025. FRED TANNEAU \/ AFP Des tiroirs&hellip;\n","protected":false},"author":2,"featured_media":311700,"comment_status":"","ping_status":"","sticky":false,"template":"","format":"standard","meta":{"footnotes":""},"categories":[10],"tags":[1011,27,72,71],"class_list":{"0":"post-311699","1":"post","2":"type-post","3":"status-publish","4":"format-standard","5":"has-post-thumbnail","7":"category-sante","8":"tag-fr","9":"tag-france","10":"tag-health","11":"tag-sante"},"share_on_mastodon":{"url":"https:\/\/pubeurope.com\/@fr\/115010442638441680","error":""},"_links":{"self":[{"href":"https:\/\/www.europesays.com\/fr\/wp-json\/wp\/v2\/posts\/311699","targetHints":{"allow":["GET"]}}],"collection":[{"href":"https:\/\/www.europesays.com\/fr\/wp-json\/wp\/v2\/posts"}],"about":[{"href":"https:\/\/www.europesays.com\/fr\/wp-json\/wp\/v2\/types\/post"}],"author":[{"embeddable":true,"href":"https:\/\/www.europesays.com\/fr\/wp-json\/wp\/v2\/users\/2"}],"replies":[{"embeddable":true,"href":"https:\/\/www.europesays.com\/fr\/wp-json\/wp\/v2\/comments?post=311699"}],"version-history":[{"count":0,"href":"https:\/\/www.europesays.com\/fr\/wp-json\/wp\/v2\/posts\/311699\/revisions"}],"wp:featuredmedia":[{"embeddable":true,"href":"https:\/\/www.europesays.com\/fr\/wp-json\/wp\/v2\/media\/311700"}],"wp:attachment":[{"href":"https:\/\/www.europesays.com\/fr\/wp-json\/wp\/v2\/media?parent=311699"}],"wp:term":[{"taxonomy":"category","embeddable":true,"href":"https:\/\/www.europesays.com\/fr\/wp-json\/wp\/v2\/categories?post=311699"},{"taxonomy":"post_tag","embeddable":true,"href":"https:\/\/www.europesays.com\/fr\/wp-json\/wp\/v2\/tags?post=311699"}],"curies":[{"name":"wp","href":"https:\/\/api.w.org\/{rel}","templated":true}]}}