{"id":311708,"date":"2025-08-11T13:51:14","date_gmt":"2025-08-11T13:51:14","guid":{"rendered":"https:\/\/www.europesays.com\/fr\/311708\/"},"modified":"2025-08-11T13:51:14","modified_gmt":"2025-08-11T13:51:14","slug":"en-direct-moyen-orient-cinq-journalistes-dal-jazira-tues-dans-une-frappe-israelienne-a-gaza","status":"publish","type":"post","link":"https:\/\/www.europesays.com\/fr\/311708\/","title":{"rendered":"En direct, Moyen-Orient: Cinq journalistes d&rsquo;Al-Jazira tu\u00e9s dans une frappe isra\u00e9lienne \u00e0 Gaza"},"content":{"rendered":"<p>        15:08<\/p>\n<p>      Anas Al-Sharif, reporter tu\u00e9 d\u00e9lib\u00e9r\u00e9ment par l\u2019arm\u00e9e isra\u00e9lienne \u00e0 Gaza: \u00abJ\u2019ai v\u00e9cu la peine dans tous ses d\u00e9tails\u00bb<\/p>\n<p>              <a tabindex=\"-1\" title=\"Simon Petite\" href=\"https:\/\/www.letemps.ch\/profil\/simon-petite\" rel=\"nofollow noopener\" target=\"_blank\"><\/p>\n<p>                    <img decoding=\"async\" src=\"https:\/\/www.europesays.com\/fr\/wp-content\/uploads\/2025\/05\/1748404150_735_small.jpeg\" class=\"lazy\" alt=\"\"\/><\/p>\n<p><\/a>        <\/p>\n<p>Le correspondant \u00e0 Gaza de la cha\u00eene qatarie Al-Jazira a \u00e9t\u00e9 tu\u00e9 avec quatre coll\u00e8gues dans la nuit de dimanche \u00e0 lundi par une attaque revendiqu\u00e9e par l\u2019arm\u00e9e isra\u00e9lienne qui le qualifie de \u00abterroriste\u00bb travaillant pour le Hamas.<\/p>\n<p>\u25ba<a href=\"https:\/\/www.letemps.ch\/monde\/moyenorient\/anas-al-sharif-reporter-tue-deliberement-par-l-armee-israelienne-a-gaza-j-ai-vecu-la-peine-dans-tous-ses-details\" rel=\"nofollow noopener\" target=\"_blank\">Lire l&rsquo;article en entier<\/a><\/p>\n<p>        14:08<br \/>\n          <strong>R\u00e9action<\/strong><\/p>\n<p>      \u00abLe gouvernement isra\u00e9lien a perdu toute raison et toute humanit\u00e9\u00bb, affirme le ministre italien de la D\u00e9fense Guido Crosetto<\/p>\n<p>              <a tabindex=\"-1\" title=\"Le Temps\" href=\"https:\/\/www.letemps.ch\/profil\/le-temps\" rel=\"nofollow noopener\" target=\"_blank\"><\/p>\n<p>                    <img decoding=\"async\" src=\"https:\/\/www.europesays.com\/fr\/wp-content\/uploads\/2025\/04\/1744691829_934_small.jpeg\" class=\"lazy\" alt=\"\"\/><\/p>\n<p><\/a>        <\/p>\n<p>Le ministre italien de la D\u00e9fense Guido Crosetto estime que le gouvernement isra\u00e9lien a \u00abperdu la raison et son humanit\u00e9\u00bb quant \u00e0 la situation \u00e0 Gaza et \u00e9voque la possibilit\u00e9 de sanctions, dans un entretien lundi dans le quotidien <a href=\"https:\/\/www.lastampa.it\/politica\/2025\/08\/11\/news\/crosetto_israele_hamas_putin_trump_intervista-15266382\/\" rel=\"nofollow noopener\" target=\"_blank\">La Stampa<\/a>.<\/p>\n<p>\u00abCe qui est en train de se passer est inacceptable. Nous ne faisons pas face \u00e0 une op\u00e9ration militaire avec des dommages collat\u00e9raux, mais \u00e0 la n\u00e9gation pure du droit et des valeurs fondatrices de notre civilisation\u00bb, argumente le ministre.<\/p>\n<p>\u00abNous sommes engag\u00e9s sur le front de l\u2019aide humanitaire mais, au-del\u00e0 des condamnations, nous devons \u00e0 pr\u00e9sent trouver le moyen de forcer\u00bb le Premier ministre isra\u00e9lien Benyamin Netanyahou \u00ab\u00e0 penser avec clart\u00e9\u00bb, ajoute-t-il.<\/p>\n<p>Interrog\u00e9 sur de possibles sanctions internationales contre Isra\u00ebl, le ministre a estim\u00e9 que \u00abl\u2019occupation de Gaza et certains actes graves en Cisjordanie marquent\u00bb une intensification des actions militaires \u00abface \u00e0 laquelle des d\u00e9cisions doivent \u00eatre prises\u00bb.<\/p>\n<p>        14:08<br \/>\n          <strong>R\u00e9action<\/strong><\/p>\n<p>      Emmanuel Macron d\u00e9plore \u00abune fuite en avant dans la guerre permanente\u00bb et \u00abun d\u00e9sastre annonc\u00e9\u00bb apr\u00e8s l\u2019annonce du plan isra\u00e9lien<\/p>\n<p>              <a tabindex=\"-1\" title=\"Le Temps avec l\u2019AFP\" href=\"https:\/\/www.letemps.ch\/profil\/le-temps-avec-l-afp\" rel=\"nofollow noopener\" target=\"_blank\"><\/p>\n<p>                    <img decoding=\"async\" src=\"https:\/\/www.europesays.com\/fr\/wp-content\/uploads\/2025\/04\/1744691829_537_small.jpeg\" class=\"lazy\" alt=\"\"\/><\/p>\n<p><\/a>        <\/p>\n<p>Emmanuel Macron a r\u00e9it\u00e9r\u00e9 lundi sa proposition d\u2019une \u00abmission de stabilisation sous mandat de l\u2019ONU\u00bb pour s\u00e9curiser la Bande de Gaza, d\u00e9non\u00e7ant \u00abun d\u00e9sastre annonc\u00e9\u00bb et \u00abune fuite en avant dans la guerre permanente\u00bb apr\u00e8s l\u2019annonce d\u2019un plan isra\u00e9lien de conqu\u00eate de la ville de Gaza.<\/p>\n<p>Le pr\u00e9sident fran\u00e7ais propose \u00abune coalition internationale sous mandat de l\u2019ONU\u00bb, \u00abla priorit\u00e9\u00bb pour \u00ablutter contre le terrorisme, stabiliser Gaza, soutenir ses populations et mettre en place une gouvernance de paix et de stabilit\u00e9\u00bb, selon l\u2019Elys\u00e9e.<\/p>\n<p>\u00abNous en avons pos\u00e9 les seules bases cr\u00e9dibles avec l\u2019Arabie saoudite \u00e0 New York, en obtenant pour la premi\u00e8re fois un appel unanime \u00e0 un d\u00e9sarmement du Hamas et \u00e0 la lib\u00e9ration des otages par les acteurs r\u00e9gionaux\u00bb, a-t-il ajout\u00e9 dans une d\u00e9claration.<\/p>\n<p>        13:08<\/p>\n<p>      L\u2019ONU \u00abcondamne le meurtre par l\u2019arm\u00e9e isra\u00e9lienne de six journalistes palestiniens\u00bb \u00e0 Gaza<\/p>\n<p>              <a tabindex=\"-1\" title=\"Le Temps avec l\u2019AFP\" href=\"https:\/\/www.letemps.ch\/profil\/le-temps-avec-l-afp\" rel=\"nofollow noopener\" target=\"_blank\"><\/p>\n<p>                    <img decoding=\"async\" src=\"https:\/\/www.europesays.com\/fr\/wp-content\/uploads\/2025\/04\/1744691829_537_small.jpeg\" class=\"lazy\" alt=\"\"\/><\/p>\n<p><\/a>        <\/p>\n<p>Le Haut-Commissariat des Nations unies aux droits de l\u2019homme a condamn\u00e9 \u00able meurtre par l\u2019arm\u00e9e isra\u00e9lienne de six journalistes palestiniens\u00bb dans la bande de Gaza dans la nuit de dimanche \u00e0 lundi, dans un communiqu\u00e9 publi\u00e9 sur le r\u00e9seau social X.<\/p>\n<p>Le Haut-Commissariat accuse Isra\u00ebl d\u2019avoir \u00abvis\u00e9 la tente\u00bb o\u00f9 se trouvaient les employ\u00e9s de la cha\u00eene Al-Jazira, ce qui \u00abconstitue une grave violation du droit humanitaire international\u00bb, selon le communiqu\u00e9.<\/p>\n<blockquote class=\"twitter-tweet\" data-dnt=\"true\" align=\"center\">\n<p lang=\"en\" dir=\"ltr\"><a href=\"https:\/\/twitter.com\/hashtag\/Gaza?src=hash&amp;ref_src=twsrc%5Etfw\" rel=\"nofollow noopener\" target=\"_blank\">#Gaza<\/a>: We condemn the killing by Israeli military of 6 Palestinian journalists by targeting their tent, in grave breach of international humanitarian law. <a href=\"https:\/\/twitter.com\/hashtag\/Israel?src=hash&amp;ref_src=twsrc%5Etfw\" rel=\"nofollow noopener\" target=\"_blank\">#Israel<\/a> must respect &amp; protect all civilians, including journalists. At least 242 Palestinian journalists were killed in Gaza\u2026 <a href=\"https:\/\/t.co\/Y6nTHcHQ2B\" rel=\"nofollow\">pic.twitter.com\/Y6nTHcHQ2B<\/a><\/p>\n<p>\u2014 UN Human Rights (@UNHumanRights) <a href=\"https:\/\/twitter.com\/UNHumanRights\/status\/1954850777731641516?ref_src=twsrc%5Etfw\" rel=\"nofollow noopener\" target=\"_blank\">August 11, 2025<\/a>\n<\/p><\/blockquote>\n<p>        12:08<\/p>\n<p>      Le Qatar d\u00e9nonce \u00able ciblage d\u00e9lib\u00e9r\u00e9\u00bb des journalistes<\/p>\n<p>              <a tabindex=\"-1\" title=\"Le Temps avec l\u2019AFP\" href=\"https:\/\/www.letemps.ch\/profil\/le-temps-avec-l-afp\" rel=\"nofollow noopener\" target=\"_blank\"><\/p>\n<p>                    <img decoding=\"async\" src=\"https:\/\/www.europesays.com\/fr\/wp-content\/uploads\/2025\/04\/1744691829_537_small.jpeg\" class=\"lazy\" alt=\"\"\/><\/p>\n<p><\/a>        <\/p>\n<p>Le premier ministre du Qatar a d\u00e9nonc\u00e9 \u00able ciblage d\u00e9lib\u00e9r\u00e9\u00bb par Isra\u00ebl des journalistes d\u2019Al-Jazira. Celui-ci \u00abr\u00e9v\u00e8le \u00e0 quel point ces crimes d\u00e9passent l\u2019imagination\u00bb, a d\u00e9clar\u00e9 sur X Mohammed ben Abdulrahmane Al-Thani, qui a rendu hommage \u00e0 la m\u00e9moire d&rsquo;\u00abAnas al-Sharif, Mohammed Qreiqeh, et leurs coll\u00e8gues\u00bb.<\/p>\n<p>        11:08<br \/>\n          <strong>Guerre \u00e0 Gaza<\/strong><\/p>\n<p>      RSF d\u00e9nonce \u00abl\u2019assassinat revendiqu\u00e9\u00bb d\u2019un journaliste d\u2019Al-Jazira \u00e0 Gaza par l\u2019arm\u00e9e isra\u00e9lienne<\/p>\n<p>              <a tabindex=\"-1\" title=\"Le Temps avec l\u2019AFP\" href=\"https:\/\/www.letemps.ch\/profil\/le-temps-avec-l-afp\" rel=\"nofollow noopener\" target=\"_blank\"><\/p>\n<p>                    <img decoding=\"async\" src=\"https:\/\/www.europesays.com\/fr\/wp-content\/uploads\/2025\/04\/1744691829_537_small.jpeg\" class=\"lazy\" alt=\"\"\/><\/p>\n<p><\/a>        <\/p>\n<p>L\u2019organisation de d\u00e9fense de la presse Reporters sans fronti\u00e8res (RSF) a d\u00e9nonc\u00e9 lundi \u00abavec force et col\u00e8re l\u2019assassinat revendiqu\u00e9\u00bb par l\u2019arm\u00e9e isra\u00e9lienne d\u2019un journaliste de la cha\u00eene Al-Jazira dans la bande de Gaza.<\/p>\n<p>\u00abAnas Al-Sharif, l\u2019un des journalistes les plus c\u00e9l\u00e8bres de la bande de Gaza, \u00e9tait la voix de la souffrance impos\u00e9e par Isra\u00ebl aux Palestiniens de Gaza\u00bb, a estim\u00e9 l\u2019ONG dans un communiqu\u00e9 transmis \u00e0 l\u2019AFP, en demandant une \u00abaction forte de la communaut\u00e9 internationale pour stopper l\u2019arm\u00e9e isra\u00e9lienne\u00bb.<\/p>\n<p>        10:08<\/p>\n<p>      Greta Thunberg et d\u2019autres militants prendront de nouveau la mer pour Gaza<\/p>\n<p>              <a tabindex=\"-1\" title=\"Le Temps avec l\u2019AFP\" href=\"https:\/\/www.letemps.ch\/profil\/le-temps-avec-l-afp\" rel=\"nofollow noopener\" target=\"_blank\"><\/p>\n<p>                    <img decoding=\"async\" src=\"https:\/\/www.europesays.com\/fr\/wp-content\/uploads\/2025\/04\/1744691829_537_small.jpeg\" class=\"lazy\" alt=\"\"\/><\/p>\n<p><\/a>        <\/p>\n<p>Une nouvelle flottille charg\u00e9e d\u2019aide humanitaire prendra la mer depuis plusieurs ports m\u00e9diterran\u00e9ens \u00e0 destination de Gaza pour \u00abbriser le blocus isra\u00e9lien ill\u00e9gal\u00bb, a fait savoir dimanche soir la militante su\u00e9doise Greta Thunberg, qui en fera partie.<\/p>\n<p>\u00abLe 31\u00a0ao\u00fbt, nous lan\u00e7ons la plus grande tentative jamais r\u00e9alis\u00e9e pour briser le blocus isra\u00e9lien ill\u00e9gal de Gaza, avec des dizaines de bateaux partant d\u2019Espagne. Nous en rejoindrons des dizaines d\u2019autres le 4\u00a0septembre, partant de Tunisie et d\u2019autres ports\u00bb, a-t-elle \u00e9crit sur Instagram.<\/p>\n<p>Humanitaires, m\u00e9decins, artistes \u2013 parmi lesquels l\u2019actrice am\u00e9ricaine Susan Sarandon, l\u2019acteur su\u00e9dois Gustaf Skarsg\u00e5rd ou encore l\u2019acteur irlandais Liam Cunningham \u2013 ainsi que d\u2019autres militants issus de 44 pays prendront part \u00e0 cette initiative baptis\u00e9e \u00abGlobal Sumud Flotilla\u00bb, selon le site de l\u2019organisateur.<\/p>\n<p>        10:08<\/p>\n<p>      C\u2019est \u00abridicule\u00bb qu\u2019Isra\u00ebl continue de qualifier les journalistes \u00e0 Gaza de \u00abterroristes\u00bb, selon le directeur de \u00abAl Jazeera English\u00bb<\/p>\n<p>              <a tabindex=\"-1\" title=\"Le Temps\" href=\"https:\/\/www.letemps.ch\/profil\/le-temps\" rel=\"nofollow noopener\" target=\"_blank\"><\/p>\n<p>                    <img decoding=\"async\" src=\"https:\/\/www.europesays.com\/fr\/wp-content\/uploads\/2025\/04\/1744691829_934_small.jpeg\" class=\"lazy\" alt=\"\"\/><\/p>\n<p><\/a>        <\/p>\n<p>Dans une interview accord\u00e9e \u00e0 la <a href=\"https:\/\/www.bbc.com\/news\/live\/c1dxndnkq6yt?post=asset%3Aac6e1b5d-0142-4202-8702-e394112afe1c#post\" rel=\"nofollow noopener\" target=\"_blank\">BBC<\/a> lundi matin, Salah Negm, le directeur de la version anglophone d\u2019Al-Jazira, a d\u00e9clar\u00e9 qu&rsquo;il n&rsquo;\u00e9tait \u00abpas surprenant\u00bb qu&rsquo;Isra\u00ebl pr\u00e9tende qu&rsquo;al-Sharif \u00e9tait membre du Hamas. Mais \u00abils n\u2019ont rien prouv\u00e9\u00bb, a-t-il signal\u00e9 lors de l\u2019\u00e9mission <a href=\"https:\/\/www.bbc.com\/news\/live\/c1dxndnkq6yt?post=asset%3Aac6e1b5d-0142-4202-8702-e394112afe1c#post\" rel=\"nofollow noopener\" target=\"_blank\">Newsday de la BBC<\/a>. Il estime par ailleurs qu&rsquo;il est \u00abridicule\u00bb qu&rsquo;Isra\u00ebl continue de qualifier les journalistes de Gaza de \u00abterroristes\u00bb.  <\/p>\n<p>Le directeur de la cha\u00eene affirme qu\u2019Al-Jazira conna\u00eet le parcours et la formation de ses journalistes, et \u00abnous connaissons le produit qu\u2019ils nous fournissent, et nous l\u2019examinons \u00e0 partir de plusieurs sources, y compris ce que vous rapportez \u00e0 la BBC\u00bb.  <\/p>\n<p>\u00abJe travaille dans le journalisme depuis environ 40\u00a0ans\u2026 et j\u2019ai vu des gens couvrir des guerres et il y avait des victimes, mais pas des meurtres d\u00e9lib\u00e9r\u00e9s comme celui-ci, et les personnes qui commettent ces meurtres \u00e9chappent \u00e0 toute sanction\u00bb, a-t-il ajout\u00e9. Il explique que cela donne aux journalistes \u00abla d\u00e9termination de continuer \u00e0 faire leur travail\u00bb.<\/p>\n<p>  <a class=\"glightbox\" href=\"https:\/\/www.letemps.ch\/placeholder.png\" data-type=\"image\" data-description=\"\u00a9 KARIM JAAFAR \/ AFP\" data- rel=\"nofollow noopener\" target=\"_blank\"><\/p>\n<p>      <img decoding=\"async\" class=\"lazy\" title=\"\u00a9 KARIM JAAFAR \/ AFP\" alt=\"\u00a9 KARIM JAAFAR \/ AFP\" src=\"https:\/\/www.europesays.com\/fr\/wp-content\/uploads\/2025\/08\/1754920274_360_medium.jpeg\"\/><\/p>\n<p>  <\/a><br \/>\n  \u00a9 KARIM JAAFAR \/ AFP<\/p>\n<p>        10:08<br \/>\n          <strong>Guerre \u00e0 Gaza<\/strong><\/p>\n<p>      Le projet de Bezalel Smotrich consiste \u00e0 \u00abmaintenir Gaza sous contr\u00f4le et y installer des colonies\u00bb<\/p>\n<p>              <a tabindex=\"-1\" title=\"Le Temps\" href=\"https:\/\/www.letemps.ch\/profil\/le-temps\" rel=\"nofollow noopener\" target=\"_blank\"><\/p>\n<p>                    <img decoding=\"async\" src=\"https:\/\/www.europesays.com\/fr\/wp-content\/uploads\/2025\/04\/1744691829_934_small.jpeg\" class=\"lazy\" alt=\"\"\/><\/p>\n<p><\/a>        <\/p>\n<p>Le ministre des Finances Bezalel Smotrich a d\u00e9clar\u00e9 lundi lors d\u2019une interview \u00e0 la radio que lui et le Premier ministre Benyamin Netanyahou \u00e9taient en d\u00e9saccord sur la cr\u00e9ation de colonies isra\u00e9liennes dans la bande de Gaza, rapporte le journal d\u2019opposition <a href=\"https:\/\/www.haaretz.com\/israel-news\/2025-08-11\/ty-article-live\/netanyahu-says-he-and-trump-discussed-israels-plan-to-take-over-central-gaza\/00000198-96ce-d461-afba-b6dfec350000?liveBlogItemId=1085345346&amp;utm_source=site&amp;utm_medium=button&amp;utm_campaign=live_blog_item#1085345346\" rel=\"nofollow noopener\" target=\"_blank\">Haaretz<\/a><\/p>\n<blockquote>\n<p>\u00abMon projet consiste \u00e0 maintenir une grande partie de Gaza sous notre contr\u00f4le et notre souverainet\u00e9, et nous pouvons \u00e9galement y installer des colonies\u00bb<\/p>\n<\/blockquote>\n<p>, a d\u00e9clar\u00e9 Bezalel Smotrich \u00e0 Kan Reshet Bet.<\/p>\n<p>\u00abCe n\u2019est pas le projet du Premier ministre, je l\u2019admets. Mais je ne pense pas que ce soit le bon moment pour avoir ce d\u00e9bat. Je le m\u00e8ne \u00e0 huis clos, je ne vais pas tout faire exploser pour \u00e7a.\u00bb<\/p>\n<p>Le ministre des Finances a d\u00e9clar\u00e9 que le plan de Benyamin Netanyahu visant \u00e0 prendre le contr\u00f4le de la ville de Gaza \u00abvise \u00e0 maximiser la pression sur le Hamas afin de le ramener \u00e0 la table des n\u00e9gociations\u00bb pour \u00abun accord partiel qui mettrait \u00e0 nouveau fin \u00e0 la guerre\u00bb.<\/p>\n<p>\u25baLire (ou relire) l&rsquo;article: <a href=\"https:\/\/www.letemps.ch\/monde\/moyenorient\/la-ville-de-gaza-prochain-objectif-de-la-guerre-sans-fin-de-benyamin-netanyahou\" rel=\"nofollow noopener\" target=\"_blank\"><strong>La ville de Gaza, prochain objectif de la guerre sans fin de Benyamin Netanyahou<\/strong><\/a><\/p>\n<p>        05:08<\/p>\n<p>      L&rsquo;Australie va reconna\u00eetre l&rsquo;Etat de Palestine<\/p>\n<p>              <a tabindex=\"-1\" title=\"Le Temps avec l\u2019AFP\" href=\"https:\/\/www.letemps.ch\/profil\/le-temps-avec-l-afp\" rel=\"nofollow noopener\" target=\"_blank\"><\/p>\n<p>                    <img decoding=\"async\" src=\"https:\/\/www.europesays.com\/fr\/wp-content\/uploads\/2025\/04\/1744691829_537_small.jpeg\" class=\"lazy\" alt=\"\"\/><\/p>\n<p><\/a>        <\/p>\n<p>L&rsquo;Australie va reconna\u00eetre l&rsquo;Etat de Palestine \u00e0 l&rsquo;occasion de l&rsquo;Assembl\u00e9e g\u00e9n\u00e9rale de l&rsquo;ONU en septembre, a annonc\u00e9 le premier ministre Anthony Albanese lundi.<\/p>\n<p>\u00abLa paix ne peut \u00eatre que temporaire\u00bb tant que les Isra\u00e9liens et les Palestiniens ne disposent pas de leurs Etats, a d\u00e9clar\u00e9 le chef du gouvernement travailliste \u00e0 la presse, ajoutant: \u00abL&rsquo;Australie va reconna\u00eetre le droit du peuple palestinien \u00e0 un Etat qui lui est propre.\u00bb<\/p>\n<p>        05:08<\/p>\n<p>      Un directeur g\u00e9n\u00e9ral adjoint de l&rsquo;AIEA attendu lundi \u00e0 T\u00e9h\u00e9ran<\/p>\n<p>              <a tabindex=\"-1\" title=\"Le Temps avec l\u2019AFP\" href=\"https:\/\/www.letemps.ch\/profil\/le-temps-avec-l-afp\" rel=\"nofollow noopener\" target=\"_blank\"><\/p>\n<p>                    <img decoding=\"async\" src=\"https:\/\/www.europesays.com\/fr\/wp-content\/uploads\/2025\/04\/1744691829_537_small.jpeg\" class=\"lazy\" alt=\"\"\/><\/p>\n<p><\/a>        <\/p>\n<p>Un directeur g\u00e9n\u00e9ral adjoint de l&rsquo;Agence internationale de l&rsquo;\u00e9nergie atomique (AIEA) est attendu lundi \u00e0 T\u00e9h\u00e9ran, a annonc\u00e9 dimanche le ministre iranien des Affaires \u00e9trang\u00e8res, Abbas Araghchi. Cette visite sera la premi\u00e8re d&rsquo;un haut responsable de l&rsquo;AIEA depuis que l&rsquo;Iran a suspendu sa coop\u00e9ration avec l&rsquo;agence le mois dernier, \u00e0 la suite de la guerre de douze jours avec Isra\u00ebl.<\/p>\n<p>\u00abNos discussions avec l&rsquo;Agence porteront sur un nouveau cadre de coop\u00e9ration (&#8230;) Tant que nous ne serons pas parvenus \u00e0 un accord sur ce nouveau cadre, la coop\u00e9ration ne pourra pas commencer\u00bb, a d\u00e9clar\u00e9 Abbas Araghchi \u00e0 la presse. Il a ajout\u00e9 qu&rsquo;aucune inspection ni visite des sites nucl\u00e9aires n&rsquo;\u00e9tait pr\u00e9vue.<\/p>\n<p>        04:08<\/p>\n<p>      La mort de journalistes \u00e0 Gaza \u00abquestionne (le) respect de la libert\u00e9 de la presse\u00bb<\/p>\n<p>              <a tabindex=\"-1\" title=\"Le Temps avec l\u2019AFP\" href=\"https:\/\/www.letemps.ch\/profil\/le-temps-avec-l-afp\" rel=\"nofollow noopener\" target=\"_blank\"><\/p>\n<p>                    <img decoding=\"async\" src=\"https:\/\/www.europesays.com\/fr\/wp-content\/uploads\/2025\/04\/1744691829_537_small.jpeg\" class=\"lazy\" alt=\"\"\/><\/p>\n<p><\/a>        <\/p>\n<p>La mort de cinq journalistes d&rsquo;Al-Jazira \u00e0 Gaza a \u00e9t\u00e9 d\u00e9nonc\u00e9e par le Comit\u00e9 pour la protection des journalistes. \u00abLa tendance d&rsquo;Isra\u00ebl consistant \u00e0 qualifier les journalistes de militants sans fournir de preuves cr\u00e9dibles soul\u00e8ve de s\u00e9rieuses questions sur ses intentions et son respect de la libert\u00e9 de la presse\u00bb, a d\u00e9nonc\u00e9 Sara Qudah, directrice r\u00e9gionale du CPJ dans la nuit de dimanche \u00e0 lundi.<\/p>\n<blockquote>\n<p>Les journalistes sont des civils et ne doivent jamais \u00eatre pris pour cible. Ceux qui sont responsables de ces meurtres doivent rendre des comptes.<\/p>\n<\/blockquote>\n<p>        00:08<\/p>\n<p>      L&rsquo;arm\u00e9e isra\u00e9lienne dit qu&rsquo;un des correspondants d&rsquo;Al-Jazira tu\u00e9s \u00e0 Gaza \u00e9tait un \u00abterroriste\u00bb <\/p>\n<p>              <a tabindex=\"-1\" title=\"Le Temps avec l\u2019AFP\" href=\"https:\/\/www.letemps.ch\/profil\/le-temps-avec-l-afp\" rel=\"nofollow noopener\" target=\"_blank\"><\/p>\n<p>                    <img decoding=\"async\" src=\"https:\/\/www.europesays.com\/fr\/wp-content\/uploads\/2025\/04\/1744691829_537_small.jpeg\" class=\"lazy\" alt=\"\"\/><\/p>\n<p><\/a>        <\/p>\n<p>L&rsquo;arm\u00e9e isra\u00e9lienne a affirm\u00e9 avoir \u00abmen\u00e9 une frappe visant le terroriste Anas Al-Sharif, qui se faisait passer pour un journaliste du r\u00e9seau Al-Jazira\u00bb, a-t-elle d\u00e9clar\u00e9 sur Telegram, ajoutant qu&rsquo;il \u00ab\u00e9tait le chef d&rsquo;une cellule terroriste au sein de l&rsquo;organisation terroriste Hamas et \u00e9tait responsable de la pr\u00e9paration d&rsquo;attaques de roquettes contre des civils isra\u00e9liens et les troupes\u00bb isra\u00e9liennes.<\/p>\n<p>        00:08<\/p>\n<p>      Al-Jazira annonce la mort de cinq de ses journalistes dans une frappe isra\u00e9lienne \u00e0 Gaza<\/p>\n<p>              <a tabindex=\"-1\" title=\"Le Temps avec l\u2019AFP\" href=\"https:\/\/www.letemps.ch\/profil\/le-temps-avec-l-afp\" rel=\"nofollow noopener\" target=\"_blank\"><\/p>\n<p>                    <img decoding=\"async\" src=\"https:\/\/www.europesays.com\/fr\/wp-content\/uploads\/2025\/04\/1744691829_537_small.jpeg\" class=\"lazy\" alt=\"\"\/><\/p>\n<p><\/a>        <\/p>\n<p>Al-Jazira a annonc\u00e9 que cinq de ses journalistes ont \u00e9t\u00e9 tu\u00e9s dans une frappe isra\u00e9lienne \u00abcibl\u00e9e\u00bb sur leur tente \u00e0 Gaza dimanche, citant le directeur d&rsquo;un h\u00f4pital local.<\/p>\n<p>\u00abLe journaliste d&rsquo;Al-Jazira Anas al-Sharif a \u00e9t\u00e9 tu\u00e9 dans ce qui semble \u00eatre une attaque cibl\u00e9e isra\u00e9lienne, a d\u00e9clar\u00e9 le directeur de l&rsquo;h\u00f4pital al-Shifa \u00e0 Gaza-ville\u00bb, a rapport\u00e9 la cha\u00eene bas\u00e9e au Qatar. La cha\u00eene a fait \u00e9tat de quatre autres victimes: le correspondant \u00abMohammed Qreiqeh ainsi que les cameramen Ibrahim Zaher, Mohammed Noufal et Moamen Aliwa\u00bb.<\/p>\n<p>  <script async src=\"https:\/\/platform.twitter.com\/widgets.js\" charset=\"utf-8\"><\/script><\/p>\n","protected":false},"excerpt":{"rendered":"15:08 Anas Al-Sharif, reporter tu\u00e9 d\u00e9lib\u00e9r\u00e9ment par l\u2019arm\u00e9e isra\u00e9lienne \u00e0 Gaza: \u00abJ\u2019ai v\u00e9cu la peine dans tous ses&hellip;\n","protected":false},"author":2,"featured_media":311709,"comment_status":"","ping_status":"","sticky":false,"template":"","format":"standard","meta":{"footnotes":""},"categories":[5],"tags":[11,1011,27,4438,14,3019,664,25501,12404,12,32,28],"class_list":{"0":"post-311708","1":"post","2":"type-post","3":"status-publish","4":"format-standard","5":"has-post-thumbnail","7":"category-international","8":"tag-actualites","9":"tag-fr","10":"tag-france","11":"tag-free","12":"tag-international","13":"tag-iran","14":"tag-israel","15":"tag-le-conflit-israelo-palestinien","16":"tag-liban","17":"tag-news","18":"tag-syrie","19":"tag-world"},"share_on_mastodon":{"url":"https:\/\/pubeurope.com\/@fr\/115010462688605658","error":""},"_links":{"self":[{"href":"https:\/\/www.europesays.com\/fr\/wp-json\/wp\/v2\/posts\/311708","targetHints":{"allow":["GET"]}}],"collection":[{"href":"https:\/\/www.europesays.com\/fr\/wp-json\/wp\/v2\/posts"}],"about":[{"href":"https:\/\/www.europesays.com\/fr\/wp-json\/wp\/v2\/types\/post"}],"author":[{"embeddable":true,"href":"https:\/\/www.europesays.com\/fr\/wp-json\/wp\/v2\/users\/2"}],"replies":[{"embeddable":true,"href":"https:\/\/www.europesays.com\/fr\/wp-json\/wp\/v2\/comments?post=311708"}],"version-history":[{"count":0,"href":"https:\/\/www.europesays.com\/fr\/wp-json\/wp\/v2\/posts\/311708\/revisions"}],"wp:featuredmedia":[{"embeddable":true,"href":"https:\/\/www.europesays.com\/fr\/wp-json\/wp\/v2\/media\/311709"}],"wp:attachment":[{"href":"https:\/\/www.europesays.com\/fr\/wp-json\/wp\/v2\/media?parent=311708"}],"wp:term":[{"taxonomy":"category","embeddable":true,"href":"https:\/\/www.europesays.com\/fr\/wp-json\/wp\/v2\/categories?post=311708"},{"taxonomy":"post_tag","embeddable":true,"href":"https:\/\/www.europesays.com\/fr\/wp-json\/wp\/v2\/tags?post=311708"}],"curies":[{"name":"wp","href":"https:\/\/api.w.org\/{rel}","templated":true}]}}