{"id":311710,"date":"2025-08-11T13:52:11","date_gmt":"2025-08-11T13:52:11","guid":{"rendered":"https:\/\/www.europesays.com\/fr\/311710\/"},"modified":"2025-08-11T13:52:11","modified_gmt":"2025-08-11T13:52:11","slug":"vosges-des-microplastiques-incommensurables-dans-les-eaux-contrex-et-hepar-nestle-waters-conteste","status":"publish","type":"post","link":"https:\/\/www.europesays.com\/fr\/311710\/","title":{"rendered":"Vosges. Des microplastiques \u00ab\u00a0incommensurables\u00a0\u00bb dans les eaux Contrex et H\u00e9par, Nestl\u00e9 Waters conteste"},"content":{"rendered":"<p>Des taux de pollution aux microplastiques \u00ab incommensurables \u00bb ont \u00e9t\u00e9 retrouv\u00e9s dans les eaux Contrex et H\u00e9par.<br \/>C\u2019est ce qu\u2019a indiqu\u00e9 le magistrat charg\u00e9 de l\u2019enqu\u00eate pr\u00e9liminaire, dans le cadre des poursuites contre Nestl\u00e9 Waters pour des d\u00e9charges sauvages de d\u00e9chets polluants dans les Vosges, r\u00e9v\u00e9lait samedi <a href=\"https:\/\/www.mediapart.fr\/journal\/france\/090825\/les-eaux-contrex-et-hepar-contaminees-aux-microplastiques-par-les-decharges-sauvages-de-nestle\" target=\"_blank\" rel=\"nofollow noopener\">Mediapart<\/a>.\u00a0<\/p>\n<p>Des r\u00e9v\u00e9lations auxquelles la filiale du g\u00e9ant suisse a r\u00e9agi le lendemain selon <a href=\"https:\/\/www.vosgesmatin.fr\/economie\/2025\/08\/10\/vittel-contrexeville-le-forage-d-hepar-controle-est-hp-bois-et-non-hp-nord\" target=\"_blank\" rel=\"noopener\">Vosges Matin<\/a>. Dans un communiqu\u00e9 publi\u00e9 dimanche soir, Nestl\u00e9 Waters France les \u00ab conteste vigoureusement \u00bb.<\/p>\n<p>Trois \u00e9tudes diligent\u00e9es<\/p>\n<p>Et de pr\u00e9ciser\u00a0: \u00ab Ces analyses ont \u00e9t\u00e9 r\u00e9alis\u00e9es par un laboratoire non accr\u00e9dit\u00e9 pour l\u2019analyse des microplastiques. Or, les analyses sur les microplastiques sont tr\u00e8s sp\u00e9cifiques et peuvent \u00eatre fortement fauss\u00e9es par des biais m\u00e9thodologiques. D\u00e8s la prise de connaissance de ces r\u00e9sultats, Nestl\u00e9 Waters a lanc\u00e9 des analyses de v\u00e9rification \u00bb. La filiale du g\u00e9ant suisse en veut pour preuve trois enqu\u00eates qu\u2019elle a command\u00e9es \u00e0 des laboratoires sp\u00e9cialis\u00e9s dans le domaine, d\u00e9veloppe Vosges Matin.<\/p>\n<p>Nestl\u00e9 Waters est poursuivi pour avoir stock\u00e9 des d\u00e9chets et maintenu quatre d\u00e9charges sauvages \u00e0 Contrex\u00e9ville, They-sous-Montfort, Saint-Ouen-Les-Parey et Crainvilliers, repr\u00e9sentant un volume cumul\u00e9 de 473 700 m\u00e8tres cubes, l&rsquo;\u00e9quivalent de 126 piscines olympiques. Le proc\u00e8s, d\u00e9cid\u00e9 apr\u00e8s une enqu\u00eate du p\u00f4le r\u00e9gional environnement du parquet de Nancy, se tiendra du 24 au 28 novembre.<\/p>\n<p class=\"note\">&gt;&gt; Lire l&rsquo;article de <a href=\"https:\/\/www.vosgesmatin.fr\/economie\/2025\/08\/10\/vittel-contrexeville-le-forage-d-hepar-controle-est-hp-bois-et-non-hp-nord\" target=\"_blank\" rel=\"noopener\">Vosges Matin<\/a>.<\/p>\n","protected":false},"excerpt":{"rendered":"Des taux de pollution aux microplastiques \u00ab incommensurables \u00bb ont \u00e9t\u00e9 retrouv\u00e9s dans les eaux Contrex et H\u00e9par.C\u2019est&hellip;\n","protected":false},"author":2,"featured_media":311711,"comment_status":"","ping_status":"","sticky":false,"template":"","format":"standard","meta":{"footnotes":""},"categories":[4],"tags":[11,130,33,436,274,107,1011,27,329,12,316,25],"class_list":{"0":"post-311710","1":"post","2":"type-post","3":"status-publish","4":"format-standard","5":"has-post-thumbnail","7":"category-france","8":"tag-actualites","9":"tag-consommation","10":"tag-economie","11":"tag-environnement","12":"tag-faits-divers-justice","13":"tag-fil-info","14":"tag-fr","15":"tag-france","16":"tag-france-monde","17":"tag-news","18":"tag-politique","19":"tag-republique-francaise"},"share_on_mastodon":{"url":"https:\/\/pubeurope.com\/@fr\/115010466193799562","error":""},"_links":{"self":[{"href":"https:\/\/www.europesays.com\/fr\/wp-json\/wp\/v2\/posts\/311710","targetHints":{"allow":["GET"]}}],"collection":[{"href":"https:\/\/www.europesays.com\/fr\/wp-json\/wp\/v2\/posts"}],"about":[{"href":"https:\/\/www.europesays.com\/fr\/wp-json\/wp\/v2\/types\/post"}],"author":[{"embeddable":true,"href":"https:\/\/www.europesays.com\/fr\/wp-json\/wp\/v2\/users\/2"}],"replies":[{"embeddable":true,"href":"https:\/\/www.europesays.com\/fr\/wp-json\/wp\/v2\/comments?post=311710"}],"version-history":[{"count":0,"href":"https:\/\/www.europesays.com\/fr\/wp-json\/wp\/v2\/posts\/311710\/revisions"}],"wp:featuredmedia":[{"embeddable":true,"href":"https:\/\/www.europesays.com\/fr\/wp-json\/wp\/v2\/media\/311711"}],"wp:attachment":[{"href":"https:\/\/www.europesays.com\/fr\/wp-json\/wp\/v2\/media?parent=311710"}],"wp:term":[{"taxonomy":"category","embeddable":true,"href":"https:\/\/www.europesays.com\/fr\/wp-json\/wp\/v2\/categories?post=311710"},{"taxonomy":"post_tag","embeddable":true,"href":"https:\/\/www.europesays.com\/fr\/wp-json\/wp\/v2\/tags?post=311710"}],"curies":[{"name":"wp","href":"https:\/\/api.w.org\/{rel}","templated":true}]}}