{"id":311714,"date":"2025-08-11T13:54:13","date_gmt":"2025-08-11T13:54:13","guid":{"rendered":"https:\/\/www.europesays.com\/fr\/311714\/"},"modified":"2025-08-11T13:54:13","modified_gmt":"2025-08-11T13:54:13","slug":"saint-etienne-cette-usine-de-50-salaries-menacee-de-fermeture-nous-sommes-tres-inquiets","status":"publish","type":"post","link":"https:\/\/www.europesays.com\/fr\/311714\/","title":{"rendered":"Saint-\u00c9tienne. Cette usine de 50 salari\u00e9s menac\u00e9e de fermeture : \u00ab\u00a0Nous sommes tr\u00e8s inquiets\u00a0\u00bb"},"content":{"rendered":"<p>            Par<br \/>\n        <strong><br \/>\n            <a href=\"https:\/\/actu.fr\/auteur\/julien-sournies\" title=\"Consulter tous les articles de Julien Sournies\" rel=\"nofollow noopener\" target=\"_blank\">Julien Sournies<\/a><br \/>\n        <\/strong><\/p>\n<p>        Publi\u00e9 le<\/p>\n<p>            11 ao\u00fbt 2025 \u00e0 15h18        <\/p>\n<p>Le couperet est tomb\u00e9. Le m\u00e9tallurgiste Novasco (ex-Ascom\u00e9tal), qui emploie en France quelque 760 salari\u00e9s en <a href=\"https:\/\/actu.fr\/economie\/le-metallurgiste-novasco-place-en-redressement-judiciaire-450-emplois-en-danger-en-moselle_63022209.html\" rel=\"nofollow noopener\" target=\"_blank\">Lorraine<\/a>, dans la <a href=\"https:\/\/actu.fr\/auvergne-rhone-alpes\/loire_42\" rel=\"nofollow noopener\" target=\"_blank\">Loire<\/a> et le Nord, a \u00e9t\u00e9 plac\u00e9, ce lundi 11\u00a0ao\u00fbt, en <strong>redressement judiciaire<\/strong> par le tribunal de Strasbourg, lequel a fix\u00e9 \u00e0 fin septembre la date limite de d\u00e9p\u00f4t de projets de reprise, a annonc\u00e9 \u00e0 l\u2019AFP un repr\u00e9sentant syndical. L\u2019ex-Ascometal, qui fabrique des aciers sp\u00e9ciaux, avait \u00e9t\u00e9 repris en juillet\u00a02024 par le fonds d\u2019investissement britannique Greybull Capital. Seulement, ce dernier <strong>n\u2019a pas inject\u00e9 les 90\u00a0millions d\u2019euros promis<\/strong> aux c\u00f4t\u00e9s de l\u2019\u00c9tat, qui a, lui, apport\u00e9 75\u00a0millions d\u2019euros \u00e0 l\u2019entreprise.<br \/>Si l\u2019entreprise a d\u00e9j\u00e0 connu cette situation voil\u00e0 un an, l\u2019inqui\u00e9tude est cette fois-ci encore plus forte sur le site de <a href=\"https:\/\/actu.fr\/saint-etienne\/\" rel=\"nofollow noopener\" target=\"_blank\">Saint-\u00c9tienne<\/a>, qui emploie quelque 50 salari\u00e9s \u00e0 ce jour.<\/p>\n<p>\u00ab\u2009C\u2019est m\u00eame encore pire que l\u2019ann\u00e9e derni\u00e8re\u2009\u00bb<\/p>\n<p class=\" wall-content\">Joint par actu Saint-\u00c9tienne, Lo\u00efc Devis, secr\u00e9taire CFDT du CSE Novasco Le Marais, ne cache pas ses craintes\u2009: \u00ab\u2009C\u2019est m\u00eame encore pire que l\u2019ann\u00e9e derni\u00e8re. Nous sommes forc\u00e9ment tr\u00e8s inquiets pour notre boulot. M\u00eame si on se pose beaucoup de questions quant \u00e0 notre avenir, il y a quand m\u00eame toujours une lueur d\u2019espoir\u2009\u00bb, temp\u00e8re-t-il.<\/p>\n<p class=\" wall-content\">La chambre commerciale du tribunal judiciaire de Strasbourg a ainsi \u00ab\u2009act\u00e9 le redressement judiciaire et fix\u00e9 la date limite du d\u00e9p\u00f4t des offres de reprise \u00e0 la derni\u00e8re semaine de septembre\u2009\u00bb, a d\u00e9clar\u00e9 \u00e0 l\u2019AFP Yann Amadoro, secr\u00e9taire CGT du CSE.<\/p>\n<p>Des repreneurs en vue\u2009?<\/p>\n<p class=\" wall-content\">Lo\u00efc Devis le confirme \u00e9galement\u2009: \u00ab\u2009Nous avons eu quelques touches le mois dernier, mais, pour l\u2019heure, il n\u2019y a rien de fait. L\u2019ann\u00e9e derni\u00e8re, nous avions deux potentiels repreneurs jusqu\u2019\u00e0 la veille du tribunal, donc nous ne serons pas fix\u00e9s avant la <strong>mi-septembre<\/strong>.\u2009\u00bb<\/p>\n<blockquote class=\"ac-article-quote wall-content\">\n<p>On ne sait pas si l&rsquo;on sera repris ou non. Est-ce qu&rsquo;ils voudront reprendre le site de Saint-Etienne ? Nous sommes en plein doute. On attend donc juste de voir les futures offres. <\/p>\n<p>    <strong>Lo\u00efc Devis<\/strong><br \/>\n        Secr\u00e9taire CFDT du CSE Novasco Le Marais    <\/p><\/blockquote>\n<p class=\" wall-content\">Concernant la d\u00e9cision du tribunal, Yann Amadoro indique, de son c\u00f4t\u00e9, que le calendrier a \u00e9t\u00e9 \u00ab\u2009contraint par le niveau de la tr\u00e9sorerie\u2009\u00bb du groupe, lequel n\u2019a pas permis de mettre en place une p\u00e9riode d\u2019observation de six mois. \u00ab\u2009La tr\u00e9sorerie permet aujourd\u2019hui de tenir jusqu\u2019\u00e0 fin septembre, d\u00e9but octobre\u2009\u00bb, a-t-il affirm\u00e9.<\/p>\n<p>Encore 10\u00a0millions d\u2019euros de l\u2019\u00c9tat \u00e0 venir<\/p>\n<p class=\" wall-content\">Des candidats \u00e0 la reprise ont donc d\u00e9j\u00e0 \u00e9t\u00e9 auditionn\u00e9s en <strong>juillet<\/strong>, dont certains auraient des vues sur certains sites, mais pas sur le principal, Hagondange, qui emploie 450\u00a0personnes en Moselle.<\/p>\n<p class=\" wall-content\">Avec ses trois autres sites d\u2019usinage et de parach\u00e8vement, \u00e0 Custines (Meurthe-et-Moselle), Saint-\u00c9tienne (Loire) et Leffrinckoucke (Nord), Novasco emploie environ 760\u00a0personnes.<br \/>Au terme de l\u2019accord pass\u00e9 il y a un an avec Greybull, l\u2019\u00c9tat a vers\u00e9 75\u00a0millions d\u2019euros et <strong>10\u00a0millions sont attendus<\/strong> dans la deuxi\u00e8me quinzaine d\u2019ao\u00fbt, selon Yann Amadoro.<\/p>\n<p class=\" wall-content\"><strong>Avec AFP<\/strong><\/p>\n<p class=\" wall-content\">Suivez toute l\u2019actualit\u00e9 de vos villes et m\u00e9dias favoris en vous inscrivant \u00e0 <a href=\"https:\/\/moncompte.actu.fr\" title=\"D\u00e9couvez Mon Actu\" rel=\"nofollow noopener\" data-trk=\"{&quot;cta&quot;:{&quot;action&quot;:&quot;https:\\\/\\\/moncompte.actu.fr&quot;,&quot;category&quot;:&quot;mon compte&quot;,&quot;from&quot;:&quot;article footer&quot;,&quot;name&quot;:&quot;Mon actu&quot;,&quot;type&quot;:&quot;cta&quot;}}\" target=\"_blank\">Mon Actu<\/a>.<\/p>\n","protected":false},"excerpt":{"rendered":"Par Julien Sournies Publi\u00e9 le 11 ao\u00fbt 2025 \u00e0 15h18 Le couperet est tomb\u00e9. Le m\u00e9tallurgiste Novasco (ex-Ascom\u00e9tal),&hellip;\n","protected":false},"author":2,"featured_media":311715,"comment_status":"","ping_status":"","sticky":false,"template":"","format":"standard","meta":{"footnotes":""},"categories":[9653],"tags":[1111,11,2430,33,1777,674,1011,27,303,12,25,4001],"class_list":{"0":"post-311714","1":"post","2":"type-post","3":"status-publish","4":"format-standard","5":"has-post-thumbnail","7":"category-saint-etienne","8":"tag-actu","9":"tag-actualites","10":"tag-auvergne-rhone-alpes","11":"tag-economie","12":"tag-eu","13":"tag-europe","14":"tag-fr","15":"tag-france","16":"tag-justice","17":"tag-news","18":"tag-republique-francaise","19":"tag-saint-etienne"},"share_on_mastodon":{"url":"https:\/\/pubeurope.com\/@fr\/115010474210687259","error":""},"_links":{"self":[{"href":"https:\/\/www.europesays.com\/fr\/wp-json\/wp\/v2\/posts\/311714","targetHints":{"allow":["GET"]}}],"collection":[{"href":"https:\/\/www.europesays.com\/fr\/wp-json\/wp\/v2\/posts"}],"about":[{"href":"https:\/\/www.europesays.com\/fr\/wp-json\/wp\/v2\/types\/post"}],"author":[{"embeddable":true,"href":"https:\/\/www.europesays.com\/fr\/wp-json\/wp\/v2\/users\/2"}],"replies":[{"embeddable":true,"href":"https:\/\/www.europesays.com\/fr\/wp-json\/wp\/v2\/comments?post=311714"}],"version-history":[{"count":0,"href":"https:\/\/www.europesays.com\/fr\/wp-json\/wp\/v2\/posts\/311714\/revisions"}],"wp:featuredmedia":[{"embeddable":true,"href":"https:\/\/www.europesays.com\/fr\/wp-json\/wp\/v2\/media\/311715"}],"wp:attachment":[{"href":"https:\/\/www.europesays.com\/fr\/wp-json\/wp\/v2\/media?parent=311714"}],"wp:term":[{"taxonomy":"category","embeddable":true,"href":"https:\/\/www.europesays.com\/fr\/wp-json\/wp\/v2\/categories?post=311714"},{"taxonomy":"post_tag","embeddable":true,"href":"https:\/\/www.europesays.com\/fr\/wp-json\/wp\/v2\/tags?post=311714"}],"curies":[{"name":"wp","href":"https:\/\/api.w.org\/{rel}","templated":true}]}}