{"id":311722,"date":"2025-08-11T13:58:11","date_gmt":"2025-08-11T13:58:11","guid":{"rendered":"https:\/\/www.europesays.com\/fr\/311722\/"},"modified":"2025-08-11T13:58:11","modified_gmt":"2025-08-11T13:58:11","slug":"il-vendait-de-la-drogue-via-les-reseaux-sociaux-un-homme-arrete-a-la-valette","status":"publish","type":"post","link":"https:\/\/www.europesays.com\/fr\/311722\/","title":{"rendered":"Il vendait de la drogue via les r\u00e9seaux sociaux: un homme arr\u00eat\u00e9 \u00e0 La Valette"},"content":{"rendered":"<p>Mardi 6 ao\u00fbt, aux alentours de 11h10, les policiers de la brigade anti-criminalit\u00e9 (BAC) de Toulon ont proc\u00e9d\u00e9 \u00e0 l\u2019interpellation d\u2019un homme suspect\u00e9 de trafic de stup\u00e9fiants, \u00e0 La Valette, avenue de la 1re Division Fran\u00e7aise Libre.<\/p>\n<p>L\u2019individu, \u00e2g\u00e9 de 29 ans, faisait l\u2019objet d\u2019une surveillance cibl\u00e9e. Celle-ci a permis de confirmer son implication dans un trafic de cannabis, notamment via un syst\u00e8me de livraison.<\/p>\n<p>Lors de son interpellation, les forces de l\u2019ordre ont d\u00e9couvert sur lui 105 grammes de r\u00e9sine de cannabis. La perquisition men\u00e9e \u00e0 son domicile a permis de saisir la somme de 990 euros en num\u00e9raire. Une fouille de son v\u00e9hicule a \u00e9galement conduit \u00e0 la d\u00e9couverte de 2.155 euros suppl\u00e9mentaires ainsi que 59 paquets de cigarettes.<\/p>\n<p>L\u2019exploitation de son t\u00e9l\u00e9phone portable a confirm\u00e9 qu\u2019il utilisait un r\u00e9seau social pour organiser la vente de stup\u00e9fiants.<\/p>\n<p>L\u2019homme a \u00e9t\u00e9 plac\u00e9 en garde \u00e0 vue puis d\u00e9f\u00e9r\u00e9 devant le parquet en vue d\u2019une comparution imm\u00e9diate<\/p>\n","protected":false},"excerpt":{"rendered":"Mardi 6 ao\u00fbt, aux alentours de 11h10, les policiers de la brigade anti-criminalit\u00e9 (BAC) de Toulon ont proc\u00e9d\u00e9&hellip;\n","protected":false},"author":2,"featured_media":311723,"comment_status":"","ping_status":"","sticky":false,"template":"","format":"standard","meta":{"footnotes":""},"categories":[9619],"tags":[1111,11,1777,674,118,1011,27,12,882,25,2310],"class_list":{"0":"post-311722","1":"post","2":"type-post","3":"status-publish","4":"format-standard","5":"has-post-thumbnail","7":"category-toulon","8":"tag-actu","9":"tag-actualites","10":"tag-eu","11":"tag-europe","12":"tag-faits-divers","13":"tag-fr","14":"tag-france","15":"tag-news","16":"tag-provence-alpes-cote-dazur","17":"tag-republique-francaise","18":"tag-toulon"},"share_on_mastodon":{"url":"https:\/\/pubeurope.com\/@fr\/115010489795205855","error":""},"_links":{"self":[{"href":"https:\/\/www.europesays.com\/fr\/wp-json\/wp\/v2\/posts\/311722","targetHints":{"allow":["GET"]}}],"collection":[{"href":"https:\/\/www.europesays.com\/fr\/wp-json\/wp\/v2\/posts"}],"about":[{"href":"https:\/\/www.europesays.com\/fr\/wp-json\/wp\/v2\/types\/post"}],"author":[{"embeddable":true,"href":"https:\/\/www.europesays.com\/fr\/wp-json\/wp\/v2\/users\/2"}],"replies":[{"embeddable":true,"href":"https:\/\/www.europesays.com\/fr\/wp-json\/wp\/v2\/comments?post=311722"}],"version-history":[{"count":0,"href":"https:\/\/www.europesays.com\/fr\/wp-json\/wp\/v2\/posts\/311722\/revisions"}],"wp:featuredmedia":[{"embeddable":true,"href":"https:\/\/www.europesays.com\/fr\/wp-json\/wp\/v2\/media\/311723"}],"wp:attachment":[{"href":"https:\/\/www.europesays.com\/fr\/wp-json\/wp\/v2\/media?parent=311722"}],"wp:term":[{"taxonomy":"category","embeddable":true,"href":"https:\/\/www.europesays.com\/fr\/wp-json\/wp\/v2\/categories?post=311722"},{"taxonomy":"post_tag","embeddable":true,"href":"https:\/\/www.europesays.com\/fr\/wp-json\/wp\/v2\/tags?post=311722"}],"curies":[{"name":"wp","href":"https:\/\/api.w.org\/{rel}","templated":true}]}}