{"id":311724,"date":"2025-08-11T13:59:41","date_gmt":"2025-08-11T13:59:41","guid":{"rendered":"https:\/\/www.europesays.com\/fr\/311724\/"},"modified":"2025-08-11T13:59:41","modified_gmt":"2025-08-11T13:59:41","slug":"les-escales-toulonnaises-du-18-07-2025-au-08-08-2025-toulon","status":"publish","type":"post","link":"https:\/\/www.europesays.com\/fr\/311724\/","title":{"rendered":"Les Escales Toulonnaises &#8211; Du 18\/07\/2025 au 08\/08\/2025 &#8211; Toulon"},"content":{"rendered":"<p><strong>Les vendredis soirs prennent des airs de f\u00eate sur le port de Toulon !<\/strong>&#13;<\/p>\n<p><strong> Les 18 et 25 juillet ainsi que les 1 et 8 ao\u00fbt 2025<\/strong>, les Escales Toulonnaises transforment le port en un v\u00e9ritable terrain de jeux, de d\u00e9couvertes et de plaisirs partag\u00e9s pour la soir\u00e9e.<\/p>\n<p>Imaginez une balade nocturne au bord de l\u2019eau, berc\u00e9e par la douceur estivale\u2026 D\u2019un c\u00f4t\u00e9, les effluves all\u00e9chants des restaurants vous mettent l\u2019eau \u00e0 la bouche. Prenez le temps de fl\u00e2ner, laissez-vous guider par vos envies avant de choisir la table qui ravira vos papilles. Un peu plus loin, le march\u00e9 des cr\u00e9ateurs et artisans regorge de tr\u00e9sors : bijoux faits main, objets d\u00e9co uniques, petites merveilles \u00e0 ramener en souvenir ou \u00e0 offrir\u2026<\/p>\n<p>Puis, la musique s\u2019invite dans votre soir\u00e9e.\u00a0<\/p>\n<p>&#13;<\/p>\n<p><strong> Concerts live, groupes de rue, animations musicales\u2026<\/strong> difficile de ne pas se laisser porter par le rythme ! Et si vous tentiez quelques pas de danse sous les \u00e9toiles ?<br \/>Les plus joueurs ne seront pas en reste : des espaces de jeux en libre acc\u00e8s attendent petits et grands pour des parties endiabl\u00e9es et des fous rires garantis.<br \/>Chaque coin du port r\u00e9serve son lot de surprises et de spectacles captivants. Laissez-vous surprendre par des talents qui, en direct, feront vibrer la nuit toulonnaise.<\/p>\n<p>Bonne humeur, surprises et souvenirs imp\u00e9rissables : voici ce que vous r\u00e9servent ces quatre vendredis soirs d\u2019\u00e9t\u00e9 sur le port de Toulon. Venez vibrer au contact des artistes et performers, dont le talent ne manquera pas de vous \u00e9merveiller.<\/p>\n<p>Un rendez-vous \u00e0 ne pas manquer !<\/p>\n<p>&#13;<\/p>\n<p>\u00a0<\/p>\n<p>&#13;<br \/>\nAu programme les <strong>18 et 25 juillet &amp; les 1 et 8 ao\u00fbt 2025<\/strong>&#13;<\/p>\n<p>March\u00e9 de cr\u00e9ateurs locaux<br \/>Concerts &amp; artistes live<br \/>D\u00e9ambulations festives<br \/>Ambiance estivale garantie<\/p>\n","protected":false},"excerpt":{"rendered":"Les vendredis soirs prennent des airs de f\u00eate sur le port de Toulon !&#13; Les 18 et 25&hellip;\n","protected":false},"author":2,"featured_media":311725,"comment_status":"","ping_status":"","sticky":false,"template":"","format":"standard","meta":{"footnotes":""},"categories":[9619],"tags":[1111,11,1777,674,1011,27,12,882,25,2310],"class_list":{"0":"post-311724","1":"post","2":"type-post","3":"status-publish","4":"format-standard","5":"has-post-thumbnail","7":"category-toulon","8":"tag-actu","9":"tag-actualites","10":"tag-eu","11":"tag-europe","12":"tag-fr","13":"tag-france","14":"tag-news","15":"tag-provence-alpes-cote-dazur","16":"tag-republique-francaise","17":"tag-toulon"},"share_on_mastodon":{"url":"https:\/\/pubeurope.com\/@fr\/115010493837958030","error":""},"_links":{"self":[{"href":"https:\/\/www.europesays.com\/fr\/wp-json\/wp\/v2\/posts\/311724","targetHints":{"allow":["GET"]}}],"collection":[{"href":"https:\/\/www.europesays.com\/fr\/wp-json\/wp\/v2\/posts"}],"about":[{"href":"https:\/\/www.europesays.com\/fr\/wp-json\/wp\/v2\/types\/post"}],"author":[{"embeddable":true,"href":"https:\/\/www.europesays.com\/fr\/wp-json\/wp\/v2\/users\/2"}],"replies":[{"embeddable":true,"href":"https:\/\/www.europesays.com\/fr\/wp-json\/wp\/v2\/comments?post=311724"}],"version-history":[{"count":0,"href":"https:\/\/www.europesays.com\/fr\/wp-json\/wp\/v2\/posts\/311724\/revisions"}],"wp:featuredmedia":[{"embeddable":true,"href":"https:\/\/www.europesays.com\/fr\/wp-json\/wp\/v2\/media\/311725"}],"wp:attachment":[{"href":"https:\/\/www.europesays.com\/fr\/wp-json\/wp\/v2\/media?parent=311724"}],"wp:term":[{"taxonomy":"category","embeddable":true,"href":"https:\/\/www.europesays.com\/fr\/wp-json\/wp\/v2\/categories?post=311724"},{"taxonomy":"post_tag","embeddable":true,"href":"https:\/\/www.europesays.com\/fr\/wp-json\/wp\/v2\/tags?post=311724"}],"curies":[{"name":"wp","href":"https:\/\/api.w.org\/{rel}","templated":true}]}}