{"id":311728,"date":"2025-08-11T14:01:11","date_gmt":"2025-08-11T14:01:11","guid":{"rendered":"https:\/\/www.europesays.com\/fr\/311728\/"},"modified":"2025-08-11T14:01:11","modified_gmt":"2025-08-11T14:01:11","slug":"le-commissariat-de-la-mosson-nest-pas-mixte-persiste-le-syndicat-un1te","status":"publish","type":"post","link":"https:\/\/www.europesays.com\/fr\/311728\/","title":{"rendered":"\u00ab\u00a0Le commissariat de la Mosson n&rsquo;est pas mixte\u00a0\u00bb, persiste le syndicat Un1t\u00e9"},"content":{"rendered":"<p>\nS\u00e9curit\u00e9 \u00e0 Montpellier, Bruno Bartocetti, responsable de la zone Sud pour le syndicat Unit\u00e9, r\u00e9pond \u00e0 nos questions.<\/p>\n<p>\n\u00a9 Linda Mansouri \/ infOccitanie. Bruno\u00a0Bartocetti, resp syndicat UN1t\u00e9 zone sud.<\/p>\n<p>InfOccitanie : Pourriez-vous vous pr\u00e9senter ?<\/p>\n<p>Bruno\u00a0Bartocetti : Je suis secr\u00e9taire national de la police nationale, charg\u00e9 de la zone Sud pour le <a href=\"https:\/\/www.facebook.com\/un1tepolicenationale?locale=pt_PT\" target=\"_blank\" rel=\"nofollow noopener\">syndicat Un1t\u00e9, <\/a>affili\u00e9 \u00e0 FO. J\u2019ai \u00e9t\u00e9 secr\u00e9taire d\u00e9partemental H\u00e9rault pendant 12 ans, d\u00e9tach\u00e9 syndical depuis 20 ans. J\u2019ai 42 ans de police, \u00e7a ne me rajeunit pas\u2026 Je pr\u00e9cise tout de m\u00eame que nous n\u2019avons aucun engagement politique chez Un1it\u00e9, nous ne soutenons aucun candidat pour les municipales. Vous ne me verrez jamais apparaitre sur une liste par exemple. Le syndicat Un1t\u00e9 est majoritaire en zone Sud (Occitanie, Paca, Corse).<\/p>\n<p>InfOccitanie : Pour quelles raisons affirmez-vous que le <a href=\"https:\/\/infoccitanie.fr\/montpellier-francois-bayrou-inaugure-le-nouveau-commissariat-de-police-de-la-mosson\/\" target=\"_blank\" rel=\"noopener\">commissariat<\/a> inaugur\u00e9 en juin dernier par plusieurs ministres \u00e0 la Mosson n\u2019est pas mixte ?<\/p>\n<p>Bruno\u00a0Bartocetti : C\u2019est une r\u00e9alit\u00e9. Il n\u2019est pas mixte comme cela a \u00e9t\u00e9 pr\u00e9sent\u00e9, mais mitoyen. Le commissariat \u00e0 Lattes est quant \u00e0 lui bien mixte par exemple, les police nationale et municipale y sont m\u00e9lang\u00e9es. A Adge, c\u2019est pareil. A la Mosson, cela commence d\u00e8s l\u2019entr\u00e9e, elle n\u2019est pas la m\u00eame pour la police nationale et la police municipale. Vous remarquerez \u00e9galement qu\u2019il est uniquement inscrit \u00ab\u00a0police nationale\u00a0\u00bb sur le fronton.<\/p>\n<p>InfOccitanie : Au-del\u00e0 des entr\u00e9es qui diff\u00e8rent et de l\u2019inscription, en quoi ce commissariat est-il non mixte ?<\/p>\n<p>Bruno\u00a0Bartocetti : Je vous prends un autre exemple. Dans ce commissariat, les seuls effectifs qui accueillent le public sont les policiers nationaux. La police municipale est plut\u00f4t en arri\u00e8re plan, c\u2019est un bureau qui leur sert de pied-\u00e0-terre je dirais. Les plaintes, par ailleurs, doivent \u00eatre d\u00e9pos\u00e9es dans un commissariat de police nationale, pas municipale. D\u00e8s lors, quel est l\u2019inter\u00eat de mentionner une \u00ab\u00a0mixit\u00e9\u00a0\u00bb alors que la PM n\u2019est pas en mesure d\u2019accueillir la plainte dans un commissariat ?<\/p>\n<p>InfOccitanie : Pour quelles raisons insistez-vous sur le respect des comp\u00e9tences propres \u00e0 chaque corps de m\u00e9tier ?<\/p>\n<p>Bruno\u00a0Bartocetti : Je ne suis pas en guerre contre la police municipale, loin de l\u00e0, comme je n\u2019ai absolument rien contre la mairie. A Un1t\u00e9, on souhaite travailler de mani\u00e8re coordonn\u00e9e, mais il est crucial que chacun garde ses pr\u00e9rogatives. Il ne faut pas d\u2019absorption. Je constate que par rapport \u00e0 il y a trente ans, la police municipale est en effet mieux form\u00e9e, mais pour autant ils n\u2019ont pas de pouvoir judiciaire. Il ne faut pas qu\u2019ils en aient.<\/p>\n<p>InfOccitanie : Pour quelle raison ?<\/p>\n<p>Bruno\u00a0Bartocetti : Ce n\u2019est que mon avis, mais si c\u2019\u00e9tait le cas, imaginez votre plainte aller dans les couloirs d\u2019une municipalit\u00e9\u2026 \u00c7a deviendrait, \u00e0 mon sens, dangereux. La gendarmerie et la PN gardent cette pr\u00e9rogative judiciaire. Ce qui n\u2019emp\u00eache pas que l\u2019occupation du terrain doit \u00eatre faite par les deux, PM et PN, ce contact avec la police est de nos jours n\u00e9cessaire.<\/p>\n<p>InfOccitanie : Vous d\u00e9noncez l\u2019inauguration du commissariat Mosson et le c\u00e9r\u00e9monial en pr\u00e9sence des ministres et du maire ?<\/p>\n<p>Bruno\u00a0Bartocetti : Je dis simplement que nous sommes dans une s\u00e9mantique politique et une volont\u00e9 d\u2019affichage m\u00e9diatique. On veut \u00e0 tout prix donner plus de pouvoir \u00e0 la PM, les associer \u00e0 la PN, alors m\u00eame que les textes ne sont pas faits en ce sens ! J\u2019avais dit dans la presse que le commissariat \u00e9tait mitoyen et non mixte, je me suis mang\u00e9 la foudre. Je persiste, la PM doit \u00eatre sur le terrain. La soci\u00e9t\u00e9 est de plus en plus malade et notre population demande du bleu. Aujourd\u2019hui, il est plus important selon moi de demander davantage de renforts policiers nationaux \u00e0 l\u2019Etat, que de communiquer sur un commissariat pr\u00e9tendument mixte\u2026<\/p>\n<p>InfOccitanie : De mani\u00e8re g\u00e9n\u00e9rale, \u00eates-vous inquiet de la dotation en policiers nationaux \u00e0 Montpellier ?<\/p>\n<p>Bruno\u00a0Bartocetti : Oui. Au mois de septembre, \u00e0 peine une vingtaine de policiers nationaux est habituellement int\u00e9gr\u00e9e, alors que plus du double part \u00e0 la retraite. Je rappelle que Montpellier est la 7e ville de France. Je rappelle \u00e9galement que notre domaine de comp\u00e9tence inclut notamment Lattes ou nous avons 4 policiers nationaux affect\u00e9s. Quand vous d\u00e9posez plainte, la proc\u00e9dure ne se fait pas toute seule. Nous manquons d\u2019enqu\u00eateurs par exemple. Nous avons perdu le b\u00e9n\u00e9fice des renforts de police nationale re\u00e7us il y a huit ans environ. Il nous en faudrait une trentaine de plus.<\/p>\n<p>InfOccitanie : Un commissariat de la PN a \u00e9t\u00e9 inaugur\u00e9, celui de la gare Saint-Roch. Qu\u2019en pensez-vous ?<\/p>\n<p>Bruno\u00a0Bartocetti : Entre nous, il aurait \u00e9t\u00e9 plus int\u00e9ressant de la voir sur la Place de la Com\u00e9die o\u00f9 il y a eu un pic de 200 000 personnes en 24h. Je ne suis pas s\u00fbr que le touriste voit davantage ce commissariat de la gare que s\u2019il avait \u00e9t\u00e9 laiss\u00e9 sur la Com\u00e9die. Le service public doit \u00eatre visible.<\/p>\n<p>InfOccitanie : Donner trop de pr\u00e9rogatives \u00e0 un policier municipal peut-il repr\u00e9senter un danger ? Lequel par exemple ?<\/p>\n<p>Bruno\u00a0Bartocetti : On a l\u2019exemple \u00e0 <a href=\"https:\/\/infoccitanie.fr\/beziers-guet-apens-tendu-a-la-police-que-sest-il-passe\/\" target=\"_blank\" rel=\"noopener\">B\u00e9ziers<\/a> r\u00e9cemment lors d\u2019une \u00e9meute. La PM est all\u00e9e faire le travail de la police anti-stup concr\u00e8tement. Or, il faut y \u00eatre aguerri, form\u00e9, la PM n\u2019est absolument pas faite pour \u00e7a. Cela conduit \u00e0 des dysfonctionnement, des d\u00e9bordements, des pertes de contr\u00f4le. J\u2019appuie souvent sur le judiciaire, l\u2019arme du flic, c\u2019est son stylo.<\/p>\n<p>InfOccitanie : La police municipale doit-elle \u00eatre arm\u00e9e selon vous ?<\/p>\n<p>Bruno\u00a0Bartocetti : Je ne rejette pas cette id\u00e9e si elle est suivie d\u2019une solide formation. Aujourd\u2019hui, vous avez de plus en plus de PM arm\u00e9e. Il faut savoir que la France compte seulement 22 000 policiers municipaux contre 132 000 policiers nationaux. Je dis souvent, si un PM avait \u00e9t\u00e9 arm\u00e9, il aurait peut \u00eatre neutralis\u00e9 un terroriste. L\u2019arme doit \u00eatre utilis\u00e9e en cas de l\u00e9gitime d\u00e9fense, elle n\u2019est pas faite pour tuer.<\/p>\n<p>InfOccitanie : LFI, par la voix de Mathilde Panot, estime que la vid\u00e9osurveillance n\u2019a jamais vraiment prouv\u00e9 son utilit\u00e9. Qu\u2019en pensez-vous ?<\/p>\n<p>Bruno\u00a0Bartocetti : Elle n\u2019est pas l\u00e0 pour \u00eatre intrusive. Quand un policier national veut travailler sur une vid\u00e9o, il faut l\u2019accord du parquet je rappelle. La vid\u00e9osurveillance fait partie du regroupement d\u2019informations qui permet \u00e0 l\u2019enqu\u00eate d\u2019avancer, avec d\u2019autres outils comme le bornage t\u00e9l\u00e9phonique, etc. Alors oui, cela a un co\u00fbt, mais se priver de ses outils pour remonter certaines affaires, c\u2019est pr\u00e9judiciable.<\/p>\n","protected":false},"excerpt":{"rendered":"S\u00e9curit\u00e9 \u00e0 Montpellier, Bruno Bartocetti, responsable de la zone Sud pour le syndicat Unit\u00e9, r\u00e9pond \u00e0 nos questions.&hellip;\n","protected":false},"author":2,"featured_media":311729,"comment_status":"","ping_status":"","sticky":false,"template":"","format":"standard","meta":{"footnotes":""},"categories":[9599],"tags":[1111,11,1777,674,1011,27,2208,12,2680,4843,25],"class_list":{"0":"post-311728","1":"post","2":"type-post","3":"status-publish","4":"format-standard","5":"has-post-thumbnail","7":"category-montpellier","8":"tag-actu","9":"tag-actualites","10":"tag-eu","11":"tag-europe","12":"tag-fr","13":"tag-france","14":"tag-montpellier","15":"tag-news","16":"tag-occitanie","17":"tag-police-nationale","18":"tag-republique-francaise"},"share_on_mastodon":{"url":"https:\/\/pubeurope.com\/@fr\/115010501564198113","error":""},"_links":{"self":[{"href":"https:\/\/www.europesays.com\/fr\/wp-json\/wp\/v2\/posts\/311728","targetHints":{"allow":["GET"]}}],"collection":[{"href":"https:\/\/www.europesays.com\/fr\/wp-json\/wp\/v2\/posts"}],"about":[{"href":"https:\/\/www.europesays.com\/fr\/wp-json\/wp\/v2\/types\/post"}],"author":[{"embeddable":true,"href":"https:\/\/www.europesays.com\/fr\/wp-json\/wp\/v2\/users\/2"}],"replies":[{"embeddable":true,"href":"https:\/\/www.europesays.com\/fr\/wp-json\/wp\/v2\/comments?post=311728"}],"version-history":[{"count":0,"href":"https:\/\/www.europesays.com\/fr\/wp-json\/wp\/v2\/posts\/311728\/revisions"}],"wp:featuredmedia":[{"embeddable":true,"href":"https:\/\/www.europesays.com\/fr\/wp-json\/wp\/v2\/media\/311729"}],"wp:attachment":[{"href":"https:\/\/www.europesays.com\/fr\/wp-json\/wp\/v2\/media?parent=311728"}],"wp:term":[{"taxonomy":"category","embeddable":true,"href":"https:\/\/www.europesays.com\/fr\/wp-json\/wp\/v2\/categories?post=311728"},{"taxonomy":"post_tag","embeddable":true,"href":"https:\/\/www.europesays.com\/fr\/wp-json\/wp\/v2\/tags?post=311728"}],"curies":[{"name":"wp","href":"https:\/\/api.w.org\/{rel}","templated":true}]}}