{"id":311734,"date":"2025-08-11T14:06:12","date_gmt":"2025-08-11T14:06:12","guid":{"rendered":"https:\/\/www.europesays.com\/fr\/311734\/"},"modified":"2025-08-11T14:06:12","modified_gmt":"2025-08-11T14:06:12","slug":"incendie-dans-laude-18-pompiers-dille-et-vilaine-en-renfort","status":"publish","type":"post","link":"https:\/\/www.europesays.com\/fr\/311734\/","title":{"rendered":"Incendie dans l\u2019Aude : 18 pompiers d\u2019Ille-et-Vilaine en renfort"},"content":{"rendered":"<p>Ils ont quitt\u00e9 Rennes ce lundi matin \u00e0 7 h. Les sapeurs-pompiers d\u2019Ille-et-Vilaine ont engag\u00e9 un groupe d\u2019intervention feu de for\u00eat compos\u00e9 de 18 sapeurs-pompiers dans le sud de la France. Celui-ci viendra compl\u00e9ter la colonne de renfort \u00ab Arc atlantique \u00bb aux c\u00f4t\u00e9s des d\u00e9partements 44, 56 et 85.<\/p>\n<p>Au total, 825 sapeurs-pompiers, 250 v\u00e9hicules et 25 engins de lutte contre les flammes sont encore mobilis\u00e9s dans l\u2019Aude <a href=\"https:\/\/www.letelegramme.fr\/france\/incendie-de-laude-le-feu-est-enfin-maitrise-ce-dimanche-soir-6869580.php\" target=\"_blank\" rel=\"noopener\">apr\u00e8s l\u2019incendie qui a ravag\u00e9 plus de 16 000 hectares depuis mardi 5 ao\u00fbt<\/a>. Des pompiers en renfort viennent de tout le pays, de la Moselle au Pas-de-Calais, en passant par Paris et la Bretagne, car les conditions m\u00e9t\u00e9orologiques sont favorables \u00e0 une reprise du feu.<\/p>\n<p>Conditions d\u00e9favorables<\/p>\n<p>\u00ab Les conditions restent difficiles, m\u00eame si le feu est sous contr\u00f4le depuis hier soir \u00bb, a <a href=\"https:\/\/www.franceinfo.fr\/environnement\/evenements-meteorologiques-extremes\/incendies-et-feux-de-foret\/incendie-meurtrier-dans-l-aude\/incendie-dans-l-aude-les-conditions-de-travail-des-pompiers-restent-difficiles-notamment-en-raison-de-la-canicule_7429717.html\" target=\"_blank\" rel=\"noopener\">expliqu\u00e9 ce lundi matin sur Franceinfo le colonel Christophe Magny<\/a>, directeur des sapeurs-pompiers de l\u2019Aude (Sdis 11). L\u2019incendie ma\u00eetris\u00e9 signifie qu\u2019\u00ab il n\u2019y a plus de foyers importants \u00bb, pr\u00e9cise-t-il, tout en soulignant que la vigilance rouge ne facilite pas le travail des \u00e9quipes.<\/p>\n<p>L\u2019engagement des pompiers d\u2019Ille-et-Vilaine est pr\u00e9vu pour une semaine et des relev\u00e9s devraient \u00eatre pr\u00e9vus sur les prochaines semaines. Des engins ont \u00e9galement \u00e9t\u00e9 envoy\u00e9s.<\/p>\n","protected":false},"excerpt":{"rendered":"Ils ont quitt\u00e9 Rennes ce lundi matin \u00e0 7 h. Les sapeurs-pompiers d\u2019Ille-et-Vilaine ont engag\u00e9 un groupe d\u2019intervention&hellip;\n","protected":false},"author":2,"featured_media":311735,"comment_status":"","ping_status":"","sticky":false,"template":"","format":"standard","meta":{"footnotes":""},"categories":[2821],"tags":[1111,11,829,24351,765,1777,674,1011,27,848,12,584,25,3728],"class_list":{"0":"post-311734","1":"post","2":"type-post","3":"status-publish","4":"format-standard","5":"has-post-thumbnail","7":"category-rennes","8":"tag-actu","9":"tag-actualites","10":"tag-bretagne","11":"tag-dinard","12":"tag-en-continu","13":"tag-eu","14":"tag-europe","15":"tag-fr","16":"tag-france","17":"tag-ille-et-vilaine","18":"tag-news","19":"tag-rennes","20":"tag-republique-francaise","21":"tag-saint-malo"},"share_on_mastodon":{"url":"https:\/\/pubeurope.com\/@fr\/115010521288567792","error":""},"_links":{"self":[{"href":"https:\/\/www.europesays.com\/fr\/wp-json\/wp\/v2\/posts\/311734","targetHints":{"allow":["GET"]}}],"collection":[{"href":"https:\/\/www.europesays.com\/fr\/wp-json\/wp\/v2\/posts"}],"about":[{"href":"https:\/\/www.europesays.com\/fr\/wp-json\/wp\/v2\/types\/post"}],"author":[{"embeddable":true,"href":"https:\/\/www.europesays.com\/fr\/wp-json\/wp\/v2\/users\/2"}],"replies":[{"embeddable":true,"href":"https:\/\/www.europesays.com\/fr\/wp-json\/wp\/v2\/comments?post=311734"}],"version-history":[{"count":0,"href":"https:\/\/www.europesays.com\/fr\/wp-json\/wp\/v2\/posts\/311734\/revisions"}],"wp:featuredmedia":[{"embeddable":true,"href":"https:\/\/www.europesays.com\/fr\/wp-json\/wp\/v2\/media\/311735"}],"wp:attachment":[{"href":"https:\/\/www.europesays.com\/fr\/wp-json\/wp\/v2\/media?parent=311734"}],"wp:term":[{"taxonomy":"category","embeddable":true,"href":"https:\/\/www.europesays.com\/fr\/wp-json\/wp\/v2\/categories?post=311734"},{"taxonomy":"post_tag","embeddable":true,"href":"https:\/\/www.europesays.com\/fr\/wp-json\/wp\/v2\/tags?post=311734"}],"curies":[{"name":"wp","href":"https:\/\/api.w.org\/{rel}","templated":true}]}}