{"id":311736,"date":"2025-08-11T14:07:15","date_gmt":"2025-08-11T14:07:15","guid":{"rendered":"https:\/\/www.europesays.com\/fr\/311736\/"},"modified":"2025-08-11T14:07:15","modified_gmt":"2025-08-11T14:07:15","slug":"des-drones-deployes-pour-surveiller-le-match-rennes-olympique-de-marseille-ligue-1-j1-rennes-om","status":"publish","type":"post","link":"https:\/\/www.europesays.com\/fr\/311736\/","title":{"rendered":"Des drones d\u00e9ploy\u00e9s pour surveiller le match Rennes \u2013 Olympique de Marseille &#8211; Ligue 1 &#8211; J1 &#8211; Rennes-OM"},"content":{"rendered":"<p>Big brother is watching you.<\/p>\n<p>Le retour de la Ligue 1 approche \u00e0 petits pas avec le <a target=\"_blank\" href=\"https:\/\/www.sofoot.com\/breves\/ligue-1-la-programmation-des-deux-premieres-journees-devoilees-rennes-om-en-ouverture-du-championnat\" rel=\"nofollow noopener\">match d\u2019ouverture entre le Stade rennais et l\u2019Olympique de Marseille<\/a> ce vendredi (20h45). Pour l\u2019occasion, <strong>deux drones seront d\u00e9ploy\u00e9s autour du Roazhon\u00a0Park<\/strong> afin de surveiller la rencontre, selon les informations de <a target=\"_blank\" href=\"https:\/\/www.ouest-france.fr\/bretagne\/ille-et-vilaine\/stade-rennais-om-des-drones-surveilleront-les-supporters-pour-le-premier-match-de-la-ligue-1-751d4848-7395-11f0-8a41-8cab56b0e4bf\" rel=\"nofollow noopener\">Ouest-France<\/a> et du <a target=\"_blank\" href=\"https:\/\/www.letelegramme.fr\/ille-et-vilaine\/rennes-35000\/pour-eviter-les-debordements-lors-du-match-stade-rennais-om-les-supporters-seront-surveilles-par-drones-6868043.php\" rel=\"nofollow noopener\">T\u00e9legramme<\/a>. \u00c0 d\u00e9faut d\u2019offrir de nouveaux angles \u00e0 la cha\u00eene <a target=\"_blank\" href=\"https:\/\/www.sofoot.com\/articles\/a-une-semaine-de-son-lancement-tout-savoir-sur-ligue-1\" rel=\"nofollow noopener\">Ligue 1+<\/a>, les images fournies permettront d\u2019observer en direct si des \u00e9chauffour\u00e9es \u00e9clatent entre supporters rennais et marseillais.<\/p>\n<p>Passif tendu<\/p>\n<p>Dans un <a target=\"_blank\" href=\"https:\/\/www.ille-et-vilaine.gouv.fr\/Actualites\/Espace-presse\/2025\/Securite-Rennes-Marseille2\" rel=\"nofollow noopener\">communiqu\u00e9<\/a> publi\u00e9 ce lundi, le pr\u00e9fet d\u2019Ille-et-Vilaine estime que \u00ab\u202fles d\u00e9placements de l\u2019\u00e9quipe de l\u2019Olympique de Marseille sont r\u00e9guli\u00e8rement marqu\u00e9s par des troubles \u00e0 l\u2019ordre public r\u00e9sultant du comportement violent de certains supporters\u202f\u00bb. Dans ce contexte, l\u2019objectif des drones sera de \u00ab<strong>\u202fd\u00e9tecter plus rapidement les groupes susceptibles de se livrer \u00e0 des affrontements\u202f<\/strong>\u00bb, et d\u2019am\u00e9liorer la r\u00e9activit\u00e9 des forces de l\u2019ordre, rapporte Ouest-France.<\/p>\n<p>En plus de la mise en place des drones, le pr\u00e9fet pr\u00e9cise que plusieurs restrictions seront mises en place en marge de la rencontre vendredi prochain. Les supporters marseillais n\u2019auront par exemple pas le droit de porter de signes distinctifs de leur club dans la ville (mis \u00e0 part dans le stade). Une d\u00e9cision prise \u00ab\u00a0compte tenu de la <strong>d\u00e9t\u00e9rioration des relations entre les supporters \u00ab\u00a0ultras\u00a0\u00bb de Rennes et de Marseille<\/strong> depuis plusieurs ann\u00e9es\u202f\u00bb, d\u00e9taille le communiqu\u00e9 du pr\u00e9fet.<\/p>\n<p>L\u2019ex-Marseillais Habib Beye a int\u00e9r\u00eat \u00e0 bien se tenir.<\/p>\n<p>\t\t\t\t\t\t\t\t\t\t<a class=\"lien-connexe\" href=\"https:\/\/www.sofoot.com\/breves\/cest-parti-ligue-1-ouvre-aujourdhui\" rel=\"nofollow noopener\" target=\"_blank\">Top d\u00e9part pour Ligue 1+ <\/a>\t\t\t\t\t<\/p>\n","protected":false},"excerpt":{"rendered":"Big brother is watching you. Le retour de la Ligue 1 approche \u00e0 petits pas avec le match&hellip;\n","protected":false},"author":2,"featured_media":311737,"comment_status":"","ping_status":"","sticky":false,"template":"","format":"standard","meta":{"footnotes":""},"categories":[2821],"tags":[1111,47,11,61,829,69,65,64,1777,674,63,1011,27,68,66,12,62,70,584,25,67],"class_list":{"0":"post-311736","1":"post","2":"type-post","3":"status-publish","4":"format-standard","5":"has-post-thumbnail","7":"category-rennes","8":"tag-actu","9":"tag-actualite","10":"tag-actualites","11":"tag-actus-football","12":"tag-bretagne","13":"tag-bundesliga","14":"tag-championnats-europeens","15":"tag-equipe-de-france","16":"tag-eu","17":"tag-europe","18":"tag-football","19":"tag-fr","20":"tag-france","21":"tag-ligua","22":"tag-ligue-1","23":"tag-news","24":"tag-news-foot","25":"tag-premier-league","26":"tag-rennes","27":"tag-republique-francaise","28":"tag-serie-a"},"share_on_mastodon":{"url":"https:\/\/pubeurope.com\/@fr\/115010525310437129","error":""},"_links":{"self":[{"href":"https:\/\/www.europesays.com\/fr\/wp-json\/wp\/v2\/posts\/311736","targetHints":{"allow":["GET"]}}],"collection":[{"href":"https:\/\/www.europesays.com\/fr\/wp-json\/wp\/v2\/posts"}],"about":[{"href":"https:\/\/www.europesays.com\/fr\/wp-json\/wp\/v2\/types\/post"}],"author":[{"embeddable":true,"href":"https:\/\/www.europesays.com\/fr\/wp-json\/wp\/v2\/users\/2"}],"replies":[{"embeddable":true,"href":"https:\/\/www.europesays.com\/fr\/wp-json\/wp\/v2\/comments?post=311736"}],"version-history":[{"count":0,"href":"https:\/\/www.europesays.com\/fr\/wp-json\/wp\/v2\/posts\/311736\/revisions"}],"wp:featuredmedia":[{"embeddable":true,"href":"https:\/\/www.europesays.com\/fr\/wp-json\/wp\/v2\/media\/311737"}],"wp:attachment":[{"href":"https:\/\/www.europesays.com\/fr\/wp-json\/wp\/v2\/media?parent=311736"}],"wp:term":[{"taxonomy":"category","embeddable":true,"href":"https:\/\/www.europesays.com\/fr\/wp-json\/wp\/v2\/categories?post=311736"},{"taxonomy":"post_tag","embeddable":true,"href":"https:\/\/www.europesays.com\/fr\/wp-json\/wp\/v2\/tags?post=311736"}],"curies":[{"name":"wp","href":"https:\/\/api.w.org\/{rel}","templated":true}]}}