{"id":311738,"date":"2025-08-11T14:08:13","date_gmt":"2025-08-11T14:08:13","guid":{"rendered":"https:\/\/www.europesays.com\/fr\/311738\/"},"modified":"2025-08-11T14:08:13","modified_gmt":"2025-08-11T14:08:13","slug":"rock-en-plein-air-le-jeudi-14-aout","status":"publish","type":"post","link":"https:\/\/www.europesays.com\/fr\/311738\/","title":{"rendered":"rock en plein air le jeudi 14\u00a0ao\u00fbt"},"content":{"rendered":"<p>La Ville de Souffelweyersheim propose un moment de f\u00eate, une soir\u00e9e musicale au bord du canal de la Marne au Rhin, \u00e0 l\u2019occasion de la <a href=\"https:\/\/www.dna.fr\/culture-loisirs\/2022\/08\/15\/deuxieme-edition-reussie-pour-le-port-en-fete\" target=\"_blank\" rel=\"noopener\">F\u00eate du port<\/a> , le jeudi 14\u00a0ao\u00fbt \u00e0 partir de 19\u00a0h au port de plaisance.<\/p>\n<p>Ce contenu est bloqu\u00e9 car vous n&rsquo;avez pas accept\u00e9 les cookies et autres traceurs.<\/p>\n<p>En cliquant sur \u00ab J\u2019accepte \u00bb, les cookies et autres traceurs seront d\u00e9pos\u00e9s et vous pourrez visualiser les contenus  (<a href=\"\" class=\"consentModule_policy\" target=\"_blank\" title=\"Consulter la politique de protection des donn\u00e9es du fournisseur\">plus d&rsquo;informations<\/a>).<\/p>\n<p>En cliquant sur \u00ab J\u2019accepte tous les cookies \u00bb, vous autorisez des d\u00e9p\u00f4ts de cookies et autres traceurs pour le stockage de vos donn\u00e9es sur nos sites et applications \u00e0 des fins de personnalisation et de ciblage publicitaire.<\/p>\n<p class=\"consentModule_secondaryText\">Vous gardez la possibilit\u00e9 de retirer votre consentement \u00e0 tout moment en consultant notre <a href=\"https:\/\/www.dna.fr\/protection-des-donnees\" target=\"_blank\" title=\"Consulter notre politique de protection des donn\u00e9es\" rel=\"noopener\">politique de protection des donn\u00e9es<\/a>. <br \/>&#13;<br \/>\n            <a href=\"https:\/\/www.dna.fr\/culture-loisirs\/2025\/08\/11\/javascript:Didomi.notice.show()\" class=\"consentModule_cmp\" target=\"_blank\" rel=\"noopener\">G\u00e9rer mes choix<\/a>&#13;\n        <\/p>\n<p>&#13;<br \/>\n                        J&rsquo;accepte&#13;<br \/>\n            J&rsquo;accepte tous les cookies&#13;\n        <\/p>\n<p>Dans une ambiance guinguette, le public sera embarqu\u00e9 par l\u2019\u00e9nergie <a href=\"https:\/\/www.dna.fr\/edition-haguenau-wissembourg\/2020\/04\/27\/les-rockeurs-de-sheerdoor-restent-actifs-en-quarantaine\" target=\"_blank\" rel=\"noopener\">du groupe alsacien Sheerdoor<\/a> , compos\u00e9 de quatre musiciens passionn\u00e9s. Influenc\u00e9s par Muse, Noir D\u00e9sir, RHCP, Green Day, U2 ou encore Coldplay, sans oublier les classiques des ann\u00e9es 1970, ils feront vibrer les spectateurs au rythme des plus grands standards pop-rock\u2026 \u00c0 \u00e9couter et surtout \u00e0 danser\u00a0!<\/p>\n<p>C\u00f4t\u00e9 restauration, plusieurs food-trucks seront pr\u00e9sents pour r\u00e9galer vos papilles\u00a0: burgers, knacks, tartes flamb\u00e9es, gaufres, glaces. En 2024, l\u2019\u00e9dition avait d\u00fb \u00eatre annul\u00e9e en raison des intemp\u00e9ries. Cette ann\u00e9e, les organisateurs misent sur une m\u00e9t\u00e9o favorable pour ce rendez-vous populaire toujours appr\u00e9ci\u00e9.<\/p>\n","protected":false},"excerpt":{"rendered":"La Ville de Souffelweyersheim propose un moment de f\u00eate, une soir\u00e9e musicale au bord du canal de la&hellip;\n","protected":false},"author":2,"featured_media":311739,"comment_status":"","ping_status":"","sticky":false,"template":"","format":"standard","meta":{"footnotes":""},"categories":[2820],"tags":[1111,11,1687,2880,1777,674,107,1011,27,775,873,12,25,16322,3140,640,3265],"class_list":{"0":"post-311738","1":"post","2":"type-post","3":"status-publish","4":"format-standard","5":"has-post-thumbnail","7":"category-strasbourg","8":"tag-actu","9":"tag-actualites","10":"tag-culture-loisirs","11":"tag-edition-strasbourg","12":"tag-eu","13":"tag-europe","14":"tag-fil-info","15":"tag-fr","16":"tag-france","17":"tag-grand-est","18":"tag-musique","19":"tag-news","20":"tag-republique-francaise","21":"tag-souffelweyersheim","22":"tag-spectacle","23":"tag-strasbourg","24":"tag-strasbourg-nord"},"share_on_mastodon":{"url":"https:\/\/pubeurope.com\/@fr\/115010529145931640","error":""},"_links":{"self":[{"href":"https:\/\/www.europesays.com\/fr\/wp-json\/wp\/v2\/posts\/311738","targetHints":{"allow":["GET"]}}],"collection":[{"href":"https:\/\/www.europesays.com\/fr\/wp-json\/wp\/v2\/posts"}],"about":[{"href":"https:\/\/www.europesays.com\/fr\/wp-json\/wp\/v2\/types\/post"}],"author":[{"embeddable":true,"href":"https:\/\/www.europesays.com\/fr\/wp-json\/wp\/v2\/users\/2"}],"replies":[{"embeddable":true,"href":"https:\/\/www.europesays.com\/fr\/wp-json\/wp\/v2\/comments?post=311738"}],"version-history":[{"count":0,"href":"https:\/\/www.europesays.com\/fr\/wp-json\/wp\/v2\/posts\/311738\/revisions"}],"wp:featuredmedia":[{"embeddable":true,"href":"https:\/\/www.europesays.com\/fr\/wp-json\/wp\/v2\/media\/311739"}],"wp:attachment":[{"href":"https:\/\/www.europesays.com\/fr\/wp-json\/wp\/v2\/media?parent=311738"}],"wp:term":[{"taxonomy":"category","embeddable":true,"href":"https:\/\/www.europesays.com\/fr\/wp-json\/wp\/v2\/categories?post=311738"},{"taxonomy":"post_tag","embeddable":true,"href":"https:\/\/www.europesays.com\/fr\/wp-json\/wp\/v2\/tags?post=311738"}],"curies":[{"name":"wp","href":"https:\/\/api.w.org\/{rel}","templated":true}]}}