{"id":311740,"date":"2025-08-11T14:09:13","date_gmt":"2025-08-11T14:09:13","guid":{"rendered":"https:\/\/www.europesays.com\/fr\/311740\/"},"modified":"2025-08-11T14:09:13","modified_gmt":"2025-08-11T14:09:13","slug":"comment-strasbourg-essaie-de-convaincre-les-coproprietes-de-vegetaliser-un-maximum","status":"publish","type":"post","link":"https:\/\/www.europesays.com\/fr\/311740\/","title":{"rendered":"comment Strasbourg essaie de convaincre les copropri\u00e9t\u00e9s de v\u00e9g\u00e9taliser un maximum"},"content":{"rendered":"<p class=\"article-p mdl\">La canicule touche une majeure partie de la France, lundi 11 ao\u00fbt, avec 12 d\u00e9partements en vigilance rouge et 41 en vigilance orange. Pour \u00e9viter les \u00eelots de chaleur en ville, l&rsquo;une des solutions les plus efficaces est de v\u00e9g\u00e9taliser. Les municipalit\u00e9s ne peuvent pas tout faire, car une grande partie de la surface au sol appartient \u00e0 des propri\u00e9taires priv\u00e9s.\u00a0<\/p>\n<p class=\"article-p mdl\">C&rsquo;est le cas \u00e0 70% dans l&rsquo;Eurom\u00e9tropole de\u00a0<a class=\"link\" href=\"https:\/\/www.rtl.fr\/actu\/debats-societe\/strasbourg-un-hopital-fait-passer-des-irm-a-des-cochons-avant-des-patients-cancereux-7900512081\" target=\"_blank\" rel=\"noopener\">Strasbourg<\/a>. Pour inciter les copropri\u00e9taires \u00e0 se v\u00e9g\u00e9taliser, la m\u00e9tropole alsacienne a d\u00e9cid\u00e9 de cr\u00e9er une aide financi\u00e8re temporaire,<strong> \u00ab\u00a0ma prime V\u00e9g\u00e9talis\u00a0\u00bb<\/strong>. Pendant deux ans, les <strong>travaux de v\u00e9g\u00e9talisation pourront \u00eatre financ\u00e9s.<\/strong><br \/><strong\/><br \/>Plus d&rsquo;une soixantaine de copropri\u00e9t\u00e9s sont d\u00e9j\u00e0 candidates. Dans l&rsquo;une d&rsquo;elles, la cour int\u00e9rieure est enti\u00e8rement bitum\u00e9e et<a class=\"link\" href=\"https:\/\/www.rtl.fr\/actu\/meteo\/canicule-pourquoi-faut-il-placer-son-ventilateur-face-a-la-fenetre-7900528938\" target=\"_blank\" rel=\"noopener\"> la temp\u00e9rature est insupportable.<\/a>\u00a0\u00ab\u00a0On a la cam\u00e9ra thermique pour mesurer les temp\u00e9ratures de surface<strong>. 58\u00b0C, \u00e7a fait vraiment particuli\u00e8rement chaud\u00a0\u00bb,<\/strong> a expliqu\u00e9\u00a0Muriel Temme, de l&rsquo;agence du climat.<\/p>\n<p>            Jusqu&rsquo;\u00e0 80% des co\u00fbts dans la limite de 20.000 euros<\/p>\n<p class=\"article-p mdl\">\u00ab\u00a0On avait 34\u00b0C dans le salon et on a des pics \u00e0 38\u00b0C. En fait, c&rsquo;est un four. Donc<strong> une v\u00e9g\u00e9talisation du toit d\u00e9j\u00e0 est n\u00e9cessaire<\/strong>. Et ensuite, au niveau de la cour, de mettre des pav\u00e9s qui permettraient d\u00e9j\u00e0 \u00e0 l&rsquo;eau d&rsquo;\u00eatre absorb\u00e9e localement. Mais c&rsquo;est aussi peut-\u00eatre v\u00e9g\u00e9taliser ce mur\u00a0\u00bb, a indiqu\u00e9 Caroline, propri\u00e9taire d&rsquo;un appartement au fond de la cour, sous les toits.<\/p>\n<p class=\"article-p mdl\">Ces travaux pourront \u00eatre financ\u00e9s tr\u00e8s largement par cette nouvelle aide. Mich\u00e8le Leckler, de l&rsquo;Eurom\u00e9tropole de\u00a0<a class=\"link\" href=\"https:\/\/www.rtl.fr\/actu\/debats-societe\/ubuesque-a-strasbourg-une-nouvelle-piste-cyclable-trop-large-cree-d-enormes-bouchons-7900507008\" target=\"_blank\" rel=\"noopener\">Strasbourg<\/a>, a fait les comptes. \u00ab\u00a0Par exemple, pour la phase d&rsquo;\u00e9tude, ils pourront b\u00e9n\u00e9ficier d&rsquo;une aide \u00e0 hauteur de 3.000 euros. 60% pour les travaux vraiment purement de d\u00e9min\u00e9ralisation de la cour, donc d\u00e9bitumer. Ensuite, <strong>pour tout ce qui concerne la v\u00e9g\u00e9talisation des fa\u00e7ades et des murs, on arrive \u00e0 80% de subventionnement<\/strong>\u00ab\u00a0, a-t-elle d\u00e9velopp\u00e9.<\/p>\n<p class=\"article-p mdl\">Au total, l&rsquo;Eurom\u00e9tropole de Strasbourg pourra financer les projets de v\u00e9g\u00e9talisation j<strong>usqu&rsquo;\u00e0 80% des co\u00fbts, dans la limite de 20.000 euros.<\/strong> Une aide importante pour que de nombreuses copropri\u00e9t\u00e9s se lancent dans ces travaux.<\/p>\n<p>    La r\u00e9daction vous recommande<\/p>\n<p class=\"s-newsletter__title\">\n                L\u2019actualit\u00e9 par la r\u00e9daction de RTL dans votre bo\u00eete mail.\n            <\/p>\n<p class=\"s-newsletter__subtitle\">\n                Gr\u00e2ce \u00e0 votre compte RTL abonnez-vous \u00e0 la newsletter RTL info pour suivre toute l&rsquo;actualit\u00e9 au quotidien\n            <\/p>\n<p>\n                                    Lire la suite\n                                <\/p>\n","protected":false},"excerpt":{"rendered":"La canicule touche une majeure partie de la France, lundi 11 ao\u00fbt, avec 12 d\u00e9partements en vigilance rouge&hellip;\n","protected":false},"author":2,"featured_media":311741,"comment_status":"","ping_status":"","sticky":false,"template":"","format":"standard","meta":{"footnotes":""},"categories":[2820],"tags":[1111,11,6698,1777,674,107,1011,27,775,1908,12,362,25,640],"class_list":{"0":"post-311740","1":"post","2":"type-post","3":"status-publish","4":"format-standard","5":"has-post-thumbnail","7":"category-strasbourg","8":"tag-actu","9":"tag-actualites","10":"tag-canicule","11":"tag-eu","12":"tag-europe","13":"tag-fil-info","14":"tag-fr","15":"tag-france","16":"tag-grand-est","17":"tag-logement","18":"tag-news","19":"tag-replay","20":"tag-republique-francaise","21":"tag-strasbourg"},"share_on_mastodon":{"url":"https:\/\/pubeurope.com\/@fr\/115010533027695720","error":""},"_links":{"self":[{"href":"https:\/\/www.europesays.com\/fr\/wp-json\/wp\/v2\/posts\/311740","targetHints":{"allow":["GET"]}}],"collection":[{"href":"https:\/\/www.europesays.com\/fr\/wp-json\/wp\/v2\/posts"}],"about":[{"href":"https:\/\/www.europesays.com\/fr\/wp-json\/wp\/v2\/types\/post"}],"author":[{"embeddable":true,"href":"https:\/\/www.europesays.com\/fr\/wp-json\/wp\/v2\/users\/2"}],"replies":[{"embeddable":true,"href":"https:\/\/www.europesays.com\/fr\/wp-json\/wp\/v2\/comments?post=311740"}],"version-history":[{"count":0,"href":"https:\/\/www.europesays.com\/fr\/wp-json\/wp\/v2\/posts\/311740\/revisions"}],"wp:featuredmedia":[{"embeddable":true,"href":"https:\/\/www.europesays.com\/fr\/wp-json\/wp\/v2\/media\/311741"}],"wp:attachment":[{"href":"https:\/\/www.europesays.com\/fr\/wp-json\/wp\/v2\/media?parent=311740"}],"wp:term":[{"taxonomy":"category","embeddable":true,"href":"https:\/\/www.europesays.com\/fr\/wp-json\/wp\/v2\/categories?post=311740"},{"taxonomy":"post_tag","embeddable":true,"href":"https:\/\/www.europesays.com\/fr\/wp-json\/wp\/v2\/tags?post=311740"}],"curies":[{"name":"wp","href":"https:\/\/api.w.org\/{rel}","templated":true}]}}