{"id":311748,"date":"2025-08-11T14:13:12","date_gmt":"2025-08-11T14:13:12","guid":{"rendered":"https:\/\/www.europesays.com\/fr\/311748\/"},"modified":"2025-08-11T14:13:12","modified_gmt":"2025-08-11T14:13:12","slug":"un-blesse-par-balle-et-trois-interpellations-apres-des-coups-de-feu-tires-en-fin-de-matinee","status":"publish","type":"post","link":"https:\/\/www.europesays.com\/fr\/311748\/","title":{"rendered":"un bless\u00e9 par balle et trois interpellations apr\u00e8s des coups de feu tir\u00e9s en fin de matin\u00e9e"},"content":{"rendered":"<p>Des tirs avaient d\u00e9j\u00e0 r\u00e9sonn\u00e9 ce week-end dans le m\u00eame quartier Pirmil, sans faire de victime. Cette fois, un individu a \u00e9t\u00e9 touch\u00e9 et trois personnes ont \u00e9t\u00e9 arr\u00eat\u00e9es.<\/p>\n<p class=\"fig-paragraph\">De nouveaux coups de feu ont r\u00e9sonn\u00e9 \u00e0\u00a0<a href=\"http:\/\/www.lefigaro.fr\/nantes\/nantes-une-mysterieuse-serie-d-agressions-homophobes-mobilise-la-police-depuis-le-debut-de-l-ete-20250810\" target=\"_blank\" data-fig-type=\"NewsFlash\" rel=\"noopener\" data-gtm-custom-categorie=\"navigation\" data-gtm-custom-action=\"crossclick\" data-gtm-custom-label=\"Contextuel\" data-gtm-event=\"customEventSPE\" data-fig-domain=\"LEFIGARO\">Nantes<\/a>\u00a0ce lundi, en fin de matin\u00e9e. Dans le quartier Pirmil, pr\u00e8s de la rue Gabriel Goudy, une personne a \u00e9t\u00e9 touch\u00e9e par balle selon une information de\u00a0<a href=\"https:\/\/www.ouest-france.fr\/societe\/faits-divers\/un-blesse-par-balle-apres-de-nouveaux-tirs-dans-ce-quartier-a-nantes-5d6c5534-769e-11f0-aae0-d9f2c5541ad0\" target=\"_blank\" rel=\"noopener\" data-gtm-custom-categorie=\"navigation\" data-gtm-custom-action=\"crossclick\" data-gtm-custom-label=\"Contextuel\" data-gtm-event=\"customEventSPE\">Presse Oc\u00e9an<\/a>. Comme le confirme au Figaro une source polici\u00e8re, le pronostic de cet individu bless\u00e9 n\u2019est pas engag\u00e9. Trois personnes ont \u00e9t\u00e9 interpell\u00e9es apr\u00e8s cet \u00e9pisode survenu en plein jour, vers 11h30.<\/p>\n<p>D\u2019autres tirs la veille<\/p>\n<p class=\"fig-paragraph\">Cette s\u00e9quence intervient au lendemain d\u2019un week-end agit\u00e9. Dans la nuit de samedi \u00e0 dimanche, des tirs avaient d\u00e9j\u00e0 claqu\u00e9 dans ce secteur, rue Henri Sellier. Aucun bless\u00e9 n\u2019avait \u00e9t\u00e9 identifi\u00e9 et aucun individu interpell\u00e9 mais des \u00e9tuis de calibre 45 avaient tout de m\u00eame \u00e9t\u00e9 retrouv\u00e9s sur place. Selon les premiers t\u00e9moignages, deux individus \u00e0 scooter ont \u00e9t\u00e9 vus en train de tirer. Pour l\u2019heure, aucun lien n\u2019a \u00e9t\u00e9 \u00e9tabli entre cet \u00e9v\u00e9nement et celui de ce d\u00e9but de semaine.<\/p>\n<p>                                    <a class=\"fig-a11y-skip a11y-hidden\" href=\"#fig-a11y-skip-main-inarticle\"><br \/>\n        Passer la publicit\u00e9<br \/>\n    <\/a><\/p>\n<p class=\"fig-paragraph\">En d\u00e9cembre dernier,\u00a0<a href=\"http:\/\/www.lefigaro.fr\/nantes\/a-nantes-une-fusillade-fait-3-blesses-sous-les-portes-d-un-gymnase-des-enfants-choques-20241209\" target=\"_blank\" data-fig-type=\"NewsFlash\" rel=\"noopener\" data-gtm-custom-categorie=\"navigation\" data-gtm-custom-action=\"crossclick\" data-gtm-custom-label=\"Contextuel\" data-gtm-event=\"customEventSPE\" data-fig-domain=\"LEFIGARO\">trois bless\u00e9s<\/a>\u00a0avaient aussi \u00e9t\u00e9 recens\u00e9s dans ce m\u00eame p\u00e9rim\u00e8tre, \u00e0 proximit\u00e9 d\u2019un point de deal, apr\u00e8s une violente rixe. Les trois victimes, deux touch\u00e9es par balle et une par arme blanche, n\u2019avaient \u00e0 l\u2019\u00e9poque pas souhait\u00e9 divulguer les circonstances de la fusillade, ni porter plainte.<\/p>\n","protected":false},"excerpt":{"rendered":"Des tirs avaient d\u00e9j\u00e0 r\u00e9sonn\u00e9 ce week-end dans le m\u00eame quartier Pirmil, sans faire de victime. Cette fois,&hellip;\n","protected":false},"author":2,"featured_media":311749,"comment_status":"","ping_status":"","sticky":false,"template":"","format":"standard","meta":{"footnotes":""},"categories":[2818],"tags":[1111,11,5143,1777,674,1011,27,766,12,2636,25],"class_list":{"0":"post-311748","1":"post","2":"type-post","3":"status-publish","4":"format-standard","5":"has-post-thumbnail","7":"category-nantes","8":"tag-actu","9":"tag-actualites","10":"tag-coups-de-feu","11":"tag-eu","12":"tag-europe","13":"tag-fr","14":"tag-france","15":"tag-nantes","16":"tag-news","17":"tag-pays-de-la-loire","18":"tag-republique-francaise"},"share_on_mastodon":{"url":"https:\/\/pubeurope.com\/@fr\/115010548905380185","error":""},"_links":{"self":[{"href":"https:\/\/www.europesays.com\/fr\/wp-json\/wp\/v2\/posts\/311748","targetHints":{"allow":["GET"]}}],"collection":[{"href":"https:\/\/www.europesays.com\/fr\/wp-json\/wp\/v2\/posts"}],"about":[{"href":"https:\/\/www.europesays.com\/fr\/wp-json\/wp\/v2\/types\/post"}],"author":[{"embeddable":true,"href":"https:\/\/www.europesays.com\/fr\/wp-json\/wp\/v2\/users\/2"}],"replies":[{"embeddable":true,"href":"https:\/\/www.europesays.com\/fr\/wp-json\/wp\/v2\/comments?post=311748"}],"version-history":[{"count":0,"href":"https:\/\/www.europesays.com\/fr\/wp-json\/wp\/v2\/posts\/311748\/revisions"}],"wp:featuredmedia":[{"embeddable":true,"href":"https:\/\/www.europesays.com\/fr\/wp-json\/wp\/v2\/media\/311749"}],"wp:attachment":[{"href":"https:\/\/www.europesays.com\/fr\/wp-json\/wp\/v2\/media?parent=311748"}],"wp:term":[{"taxonomy":"category","embeddable":true,"href":"https:\/\/www.europesays.com\/fr\/wp-json\/wp\/v2\/categories?post=311748"},{"taxonomy":"post_tag","embeddable":true,"href":"https:\/\/www.europesays.com\/fr\/wp-json\/wp\/v2\/tags?post=311748"}],"curies":[{"name":"wp","href":"https:\/\/api.w.org\/{rel}","templated":true}]}}