{"id":311762,"date":"2025-08-11T14:21:10","date_gmt":"2025-08-11T14:21:10","guid":{"rendered":"https:\/\/www.europesays.com\/fr\/311762\/"},"modified":"2025-08-11T14:21:10","modified_gmt":"2025-08-11T14:21:10","slug":"pres-de-marseille-un-jeune-homme-se-blesse-gravement-apres-une-chute-vertigineuse","status":"publish","type":"post","link":"https:\/\/www.europesays.com\/fr\/311762\/","title":{"rendered":"Pr\u00e8s de Marseille. Un jeune homme se blesse gravement apr\u00e8s une chute vertigineuse"},"content":{"rendered":"<p>            Par<br \/>\n        <strong><br \/>\n            <a href=\"https:\/\/actu.fr\/auteur\/thibault-nadal-actu-fr\" title=\"Consulter tous les articles de Thibault Nadal\" rel=\"nofollow noopener\" target=\"_blank\">Thibault Nadal<\/a><br \/>\n        <\/strong><\/p>\n<p>        Publi\u00e9 le<\/p>\n<p>            11 ao\u00fbt 2025 \u00e0 15h53        <\/p>\n<p>Chaque \u00e9t\u00e9, les <a href=\"https:\/\/actu.fr\/tag\/pompiers\" rel=\"nofollow noopener\" target=\"_blank\">pompiers<\/a> appellent la prudence au moment de sauter dans l\u2019eau depuis les rochers. Car <strong>chaque ann\u00e9e, ces sauts de l\u2019extr\u00eame font plusieurs bless\u00e9s<\/strong>. Ce dimanche 10\u00a0ao\u00fbt, un dramatique <a href=\"https:\/\/actu.fr\/tag\/accident\" rel=\"nofollow noopener\" target=\"_blank\">accident<\/a> est survenu \u00e0 <a href=\"https:\/\/actu.fr\/provence-alpes-cote-d-azur\/la-ciotat_13028\" rel=\"nofollow noopener\" target=\"_blank\">La Ciotat<\/a> (<a href=\"https:\/\/actu.fr\/provence-alpes-cote-d-azur\/bouches-du-rhone_13\" rel=\"nofollow noopener\" target=\"_blank\">Bouches-du-Rh\u00f4ne<\/a>).<\/p>\n<p class=\" wall-content\">Selon les pompiers, un jeune homme de 24\u00a0ans a fait <strong>une chute \u00ab\u2009de 7 \u00e0 8\u00a0m\u00e8tres<\/strong> avant d\u2019atterrir dans l\u2019eau dans un \u00e9tat grave\u2009\u00bb.<\/p>\n<p>Un plongeon rat\u00e9<\/p>\n<p class=\" wall-content\">Les faits sont survenus 15h au niveau de <strong>la calanque de Figuerolles<\/strong> \u00e0 La Ciotat, un lieu pris\u00e9 l\u2019\u00e9t\u00e9 pour son eau claire et ses rochers tout autour.<\/p>\n<p>    <a href=\"https:\/\/www.google.com\/maps\/embed?pb=!1m18!1m12!1m3!1d4115.390873767797!2d5.594492696288868!3d43.167087680280595!2m3!1f0!2f0!3f0!3m2!1i1024!2i768!4f13.1!3m3!1m2!1s0x12c9af4040fb5b91%3A0x27afb262922be271!2sCalanque%20de%20Figuerolles!5e0!3m2!1sfr!2sfr!4v1754919527202!5m2!1sfr!2sfr\" title=\"Ouvrie le lien\" rel=\"nofollow noopener\" target=\"_blank\">Cliquez ici pour visualiser le contenu<\/a><\/p>\n<p class=\" wall-content\">Selon les secours, le jeune homme de 24\u00a0ans aurait \u00ab\u2009manqu\u00e9 son plongeon\u2009\u00bb et aurait fait une chute vertigineuse dans l\u2019eau.<\/p>\n<p class=\" wall-content\">\n<p class=\" wall-content\">Transport\u00e9e \u00e0 l\u2019h\u00f4pital dans un \u00e9tat grave, la victime avait, ce dimanche soir, son pronostic vital engag\u00e9, selon <a href=\"https:\/\/france3-regions.franceinfo.fr\/provence-alpes-cote-d-azur\/bouches-du-rhone\/marseille\/un-jeune-homme-rate-son-plongeon-et-tombe-de-8-metres-dans-la-mer-il-se-trouve-dans-un-etat-grave-3200268.html\" rel=\"nofollow noopener\" target=\"_blank\">France 3<\/a>. Il souffre d\u2019un traumatisme cr\u00e2nien.<\/p>\n<p class=\" wall-content\">Suivez toute l\u2019actualit\u00e9 de vos villes et m\u00e9dias favoris en vous inscrivant \u00e0 <a href=\"https:\/\/moncompte.actu.fr\" title=\"D\u00e9couvez Mon Actu\" rel=\"nofollow noopener\" data-trk=\"{&quot;cta&quot;:{&quot;action&quot;:&quot;https:\\\/\\\/moncompte.actu.fr&quot;,&quot;category&quot;:&quot;mon compte&quot;,&quot;from&quot;:&quot;article footer&quot;,&quot;name&quot;:&quot;Mon actu&quot;,&quot;type&quot;:&quot;cta&quot;}}\" target=\"_blank\">Mon Actu<\/a>.<\/p>\n","protected":false},"excerpt":{"rendered":"Par Thibault Nadal Publi\u00e9 le 11 ao\u00fbt 2025 \u00e0 15h53 Chaque \u00e9t\u00e9, les pompiers appellent la prudence au&hellip;\n","protected":false},"author":2,"featured_media":311763,"comment_status":"","ping_status":"","sticky":false,"template":"","format":"standard","meta":{"footnotes":""},"categories":[2814],"tags":[119,1111,11,1182,1777,674,118,1011,27,884,12,1311,882,25],"class_list":{"0":"post-311762","1":"post","2":"type-post","3":"status-publish","4":"format-standard","5":"has-post-thumbnail","7":"category-marseille","8":"tag-accident","9":"tag-actu","10":"tag-actualites","11":"tag-calanques","12":"tag-eu","13":"tag-europe","14":"tag-faits-divers","15":"tag-fr","16":"tag-france","17":"tag-marseille","18":"tag-news","19":"tag-pompiers","20":"tag-provence-alpes-cote-dazur","21":"tag-republique-francaise"},"share_on_mastodon":{"url":"https:\/\/pubeurope.com\/@fr\/115010580290250822","error":""},"_links":{"self":[{"href":"https:\/\/www.europesays.com\/fr\/wp-json\/wp\/v2\/posts\/311762","targetHints":{"allow":["GET"]}}],"collection":[{"href":"https:\/\/www.europesays.com\/fr\/wp-json\/wp\/v2\/posts"}],"about":[{"href":"https:\/\/www.europesays.com\/fr\/wp-json\/wp\/v2\/types\/post"}],"author":[{"embeddable":true,"href":"https:\/\/www.europesays.com\/fr\/wp-json\/wp\/v2\/users\/2"}],"replies":[{"embeddable":true,"href":"https:\/\/www.europesays.com\/fr\/wp-json\/wp\/v2\/comments?post=311762"}],"version-history":[{"count":0,"href":"https:\/\/www.europesays.com\/fr\/wp-json\/wp\/v2\/posts\/311762\/revisions"}],"wp:featuredmedia":[{"embeddable":true,"href":"https:\/\/www.europesays.com\/fr\/wp-json\/wp\/v2\/media\/311763"}],"wp:attachment":[{"href":"https:\/\/www.europesays.com\/fr\/wp-json\/wp\/v2\/media?parent=311762"}],"wp:term":[{"taxonomy":"category","embeddable":true,"href":"https:\/\/www.europesays.com\/fr\/wp-json\/wp\/v2\/categories?post=311762"},{"taxonomy":"post_tag","embeddable":true,"href":"https:\/\/www.europesays.com\/fr\/wp-json\/wp\/v2\/tags?post=311762"}],"curies":[{"name":"wp","href":"https:\/\/api.w.org\/{rel}","templated":true}]}}